{"id":29753,"date":"2023-09-28T10:52:22","date_gmt":"2023-09-28T08:52:22","guid":{"rendered":"https:\/\/ekoenergetyka.com\/?p=29753"},"modified":"2023-09-29T09:02:40","modified_gmt":"2023-09-29T07:02:40","slug":"ekoenergetyka-na-kongresie-nowej-mobilnosci-w-lodzi-elektryfikacja-transportu-na-czele-zielonej-transformacji","status":"publish","type":"post","link":"https:\/\/ekoenergetyka.com\/pl\/ekoenergetyka-na-kongresie-nowej-mobilnosci-w-lodzi-elektryfikacja-transportu-na-czele-zielonej-transformacji\/","title":{"rendered":"Ekoenergetyka na Kongresie Nowej Mobilno\u015bci w \u0141odzi. Elektryfikacja transportu na czele zielonej transformacji"},"content":{"rendered":"\n<p>W trakcie tegorocznego Kongresu Nowej Mobilno\u015bci w \u0141odzi, zesp\u00f3\u0142 Ekoenergetyki mia\u0142 przyjemno\u015b\u0107 uczestniczy\u0107 w panelu \"<strong><em>Zr\u00f3wnowa\u017cona mobilno\u015b\u0107 teraz<\/em><\/strong>\", kt\u00f3ry moderowa\u0142 Micha\u0142 Kurtyka \u2013 Minister klimatu w latach 2019-2020, a od 2021 Minister klimatu i \u015brodowiska, prezydent COP. To wydarzenie stworzy\u0142o doskona\u0142\u0105 okazj\u0119 do om\u00f3wienia roli elektromobilno\u015bci w drodze do osi\u0105gni\u0119cia cel\u00f3w FIT-55.\u00a0<\/p>\n\n\n\n<p>Jednym z kluczowych punkt\u00f3w dyskusji, w kt\u00f3rej wzi\u0105\u0142 udzia\u0142 wsp\u00f3\u0142za\u0142o\u017cyciel firmy, Maciej Woje\u0144ski, by\u0142a rola Ekoenergetyki w elektryfikacji flot firm transportowych i logistycznych. Polska dysponuje najwi\u0119ksz\u0105 flot\u0105 pojazd\u00f3w ci\u0119\u017carowych (powy\u017cej 3,5 tony) w Unii Europejskiej, stanowi\u0105c\u0105 niemal jedn\u0105 pi\u0105t\u0105 floty ca\u0142ej UE. Niemniej jednak pozycja Polski jako lidera tego sektora w UE mo\u017ce by\u0107 zagro\u017cona, poniewa\u017c a\u017c 98% tych ci\u0119\u017car\u00f3wek jest wyposa\u017conych w silniki spalinowe.<\/p>\n\n\n\n<blockquote class=\"wp-block-quote is-layout-flow wp-block-quote-is-layout-flow\">\n<p>\u201d<strong><em>Dekarbonizacja transportu drogowego, odpowiedzialnego za 30% emisji gaz\u00f3w cieplarnianych, staje si\u0119 zatem spraw\u0105 o najwy\u017cszym priorytecie. To ambitne plany pe\u0142ne wielu wyzwa\u0144, ale jeste\u015bmy zdeterminowani, by im sprosta\u0107!<\/em><\/strong>\u201d, podkre\u015bli\u0142 Maciej Woje\u0144ski w rozmowie z Micha\u0142em Kurtyk\u0105.<\/p>\n\n\n\n<p><br>\u201d<strong><em>Aby to osi\u0105gn\u0105\u0107, potrzebujemy zaawansowanych technologii infrastrukturalnych, kt\u00f3re mamy, ale te\u017c rozwi\u0105zanie problemu dotycz\u0105cego wysokiego zapotrzebowania na prze\u0142\u0105cza. Zarz\u0105dzanie znacznym zapotrzebowaniem na energi\u0119 stanowi kluczowe wyzwanie administracyjne w przygotowaniach do rozbudowy infrastruktury<\/em><\/strong>\u201d.<\/p>\n<\/blockquote>\n\n\n\n<p>Ekoenergetyka jest zdecydowana uczyni\u0107 t\u0119 transformacj\u0119 rzeczywisto\u015bci\u0105. Dlatego te\u017c w ofercie firmy mo\u017cna znale\u017a\u0107 ultraszybkie rozwi\u0105zania hubowe dla segmentu EV oraz e-truck. Nasza satelita SAT 600 HPC jest przygotowana na moc nawet do 600 kW, a tak\u017ce jest gotowa na implementacj\u0119 MCS.<\/p>\n\n\n\n<p><strong>Chcesz by\u0107 na bie\u017c\u0105co ze \u015bwiatem Ekoenergetyki i poznawa\u0107 wi\u0119cej szczeg\u00f3\u0142\u00f3w na temat aktualnych prac nad elektryfikacj\u0105 transportu? Zapisz si\u0119 do naszego newslettera lub zaobserwuj nas na LinkedInie!<\/strong><\/p>\n\n\n\n<p>\ud83d\udc47\ud83d\udc47\ud83d\udc47<\/p>\n\n\n\n<p><a href=\"https:\/\/www.linkedin.com\/company\/ekoenergetyka\/posts\/?feedView=all\" target=\"_blank\" rel=\"noreferrer noopener\"><strong><u>LinkedIn Ekoenergetyka<\/u><\/strong><\/a><\/p>\n\n\n\n<section class=\"title-with-border \">\n        <h2>Galeria<\/h2>\n    <\/section>\n\n\n<figure class=\"wp-block-gallery has-nested-images columns-default is-cropped wp-block-gallery-1 is-layout-flex wp-block-gallery-is-layout-flex\">\n<figure class=\"wp-block-image size-large\"><a href=\"https:\/\/ekoenergetyka.com\/wp-content\/uploads\/2023\/09\/ekoenergetyka-zdjecie-dodatkwoe-1-1024x683.jpg\"><img loading=\"lazy\" decoding=\"async\" width=\"1024\" height=\"683\" data-id=\"29735\" src=\"https:\/\/ekoenergetyka.com\/wp-content\/uploads\/2023\/09\/ekoenergetyka-zdjecie-dodatkwoe-1-1024x683.jpg\" alt=\"\" class=\"wp-image-29735\" srcset=\"https:\/\/ekoenergetyka.com\/wp-content\/uploads\/2023\/09\/ekoenergetyka-zdjecie-dodatkwoe-1-1024x683.jpg 1024w, https:\/\/ekoenergetyka.com\/wp-content\/uploads\/2023\/09\/ekoenergetyka-zdjecie-dodatkwoe-1-300x200.jpg 300w, https:\/\/ekoenergetyka.com\/wp-content\/uploads\/2023\/09\/ekoenergetyka-zdjecie-dodatkwoe-1-768x512.jpg 768w, https:\/\/ekoenergetyka.com\/wp-content\/uploads\/2023\/09\/ekoenergetyka-zdjecie-dodatkwoe-1.jpg 1500w\" sizes=\"auto, (max-width: 1024px) 100vw, 1024px\" \/><\/a><\/figure>\n\n\n\n<figure class=\"wp-block-image size-large\"><a href=\"https:\/\/ekoenergetyka.com\/wp-content\/uploads\/2023\/09\/ekoenergetyka-zdjecie-dodatkwoe-2-1024x683.jpg\"><img loading=\"lazy\" decoding=\"async\" width=\"1024\" height=\"683\" data-id=\"29740\" src=\"https:\/\/ekoenergetyka.com\/wp-content\/uploads\/2023\/09\/ekoenergetyka-zdjecie-dodatkwoe-2-1024x683.jpg\" alt=\"\" class=\"wp-image-29740\" srcset=\"https:\/\/ekoenergetyka.com\/wp-content\/uploads\/2023\/09\/ekoenergetyka-zdjecie-dodatkwoe-2-1024x683.jpg 1024w, https:\/\/ekoenergetyka.com\/wp-content\/uploads\/2023\/09\/ekoenergetyka-zdjecie-dodatkwoe-2-300x200.jpg 300w, https:\/\/ekoenergetyka.com\/wp-content\/uploads\/2023\/09\/ekoenergetyka-zdjecie-dodatkwoe-2-768x512.jpg 768w, https:\/\/ekoenergetyka.com\/wp-content\/uploads\/2023\/09\/ekoenergetyka-zdjecie-dodatkwoe-2.jpg 1500w\" sizes=\"auto, (max-width: 1024px) 100vw, 1024px\" \/><\/a><\/figure>\n\n\n\n<figure class=\"wp-block-image size-large\"><a href=\"https:\/\/ekoenergetyka.com\/wp-content\/uploads\/2023\/09\/ekoenergetyka-zdjecie-glowne-1-1024x683.jpg\"><img loading=\"lazy\" decoding=\"async\" width=\"1024\" height=\"683\" data-id=\"29745\" src=\"https:\/\/ekoenergetyka.com\/wp-content\/uploads\/2023\/09\/ekoenergetyka-zdjecie-glowne-1-1024x683.jpg\" alt=\"\" class=\"wp-image-29745\" srcset=\"https:\/\/ekoenergetyka.com\/wp-content\/uploads\/2023\/09\/ekoenergetyka-zdjecie-glowne-1-1024x683.jpg 1024w, https:\/\/ekoenergetyka.com\/wp-content\/uploads\/2023\/09\/ekoenergetyka-zdjecie-glowne-1-300x200.jpg 300w, https:\/\/ekoenergetyka.com\/wp-content\/uploads\/2023\/09\/ekoenergetyka-zdjecie-glowne-1-768x512.jpg 768w, https:\/\/ekoenergetyka.com\/wp-content\/uploads\/2023\/09\/ekoenergetyka-zdjecie-glowne-1.jpg 1500w\" sizes=\"auto, (max-width: 1024px) 100vw, 1024px\" \/><\/a><\/figure>\n<\/figure>\n","protected":false},"excerpt":{"rendered":"<p>W trakcie tegorocznego Kongresu Nowej Mobilno\u015bci w \u0141odzi, zesp\u00f3\u0142 Ekoenergetyki mia\u0142 przyjemno\u015b\u0107 uczestniczy\u0107 w panelu &#8222;Zr\u00f3wnowa\u017cona mobilno\u015b\u0107 teraz&#8221;, kt\u00f3ry moderowa\u0142 Micha\u0142 Kurtyka \u2013 Minister klimatu w latach 2019-2020, a od 2021 Minister klimatu i \u015brodowiska, prezydent COP. To wydarzenie stworzy\u0142o doskona\u0142\u0105 okazj\u0119 do om\u00f3wienia roli elektromobilno\u015bci w drodze do osi\u0105gni\u0119cia cel\u00f3w FIT-55.\u00a0 Jednym z kluczowych [&hellip;]<\/p>\n","protected":false},"author":1,"featured_media":29748,"comment_status":"closed","ping_status":"closed","sticky":false,"template":"","format":"standard","meta":{"_acf_changed":false,"footnotes":""},"categories":[1],"tags":[],"class_list":["post-29753","post","type-post","status-publish","format-standard","has-post-thumbnail","hentry","category-bez-kategorii"],"acf":[],"yoast_head":"<!-- This site is optimized with the Yoast SEO Premium plugin v27.3 (Yoast SEO v27.5) - https:\/\/yoast.com\/product\/yoast-seo-premium-wordpress\/ -->\n<title>Ekoenergetyka na Kongresie Nowej Mobilno\u015bci w \u0141odzi. Elektryfikacja transportu na czele zielonej transformacji | Ekoenergetyka<\/title>\n<meta name=\"description\" content=\"W trakcie tegorocznego Kongresu Nowej Mobilno\u015bci w \u0141odzi, zesp\u00f3\u0142 Ekoenergetyki mia\u0142 przyjemno\u015b\u0107 uczestniczy\u0107 w panelu &quot;Zr\u00f3wnowa\u017cona mobilno\u015b\u0107 teraz&quot;, kt\u00f3ry moderowa\u0142 Micha\u0142 Kurtyka.\" \/>\n<meta name=\"robots\" content=\"index, follow, max-snippet:-1, max-image-preview:large, max-video-preview:-1\" \/>\n<link rel=\"canonical\" href=\"https:\/\/ekoenergetyka.com\/pl\/ekoenergetyka-na-kongresie-nowej-mobilnosci-w-lodzi-elektryfikacja-transportu-na-czele-zielonej-transformacji\/\" \/>\n<meta property=\"og:locale\" content=\"pl_PL\" \/>\n<meta property=\"og:type\" content=\"article\" \/>\n<meta property=\"og:title\" content=\"Ekoenergetyka na Kongresie Nowej Mobilno\u015bci w \u0141odzi. Elektryfikacja transportu na czele zielonej transformacji\" \/>\n<meta property=\"og:description\" content=\"W trakcie tegorocznego Kongresu Nowej Mobilno\u015bci w \u0141odzi, zesp\u00f3\u0142 Ekoenergetyki mia\u0142 przyjemno\u015b\u0107 uczestniczy\u0107 w panelu &quot;Zr\u00f3wnowa\u017cona mobilno\u015b\u0107 teraz&quot;, kt\u00f3ry moderowa\u0142 Micha\u0142 Kurtyka.\" \/>\n<meta property=\"og:url\" content=\"https:\/\/ekoenergetyka.com\/pl\/ekoenergetyka-na-kongresie-nowej-mobilnosci-w-lodzi-elektryfikacja-transportu-na-czele-zielonej-transformacji\/\" \/>\n<meta property=\"og:site_name\" content=\"Ekoenergetyka\" \/>\n<meta property=\"article:publisher\" content=\"https:\/\/www.facebook.com\/ekoenergetykaPolska\/\" \/>\n<meta property=\"article:published_time\" content=\"2023-09-28T08:52:22+00:00\" \/>\n<meta property=\"article:modified_time\" content=\"2023-09-29T07:02:40+00:00\" \/>\n<meta property=\"og:image\" content=\"https:\/\/ekoenergetyka.com\/wp-content\/uploads\/2023\/09\/ekoenergetyka-zdjecie-glowne-1.jpg\" \/>\n\t<meta property=\"og:image:width\" content=\"1500\" \/>\n\t<meta property=\"og:image:height\" content=\"1000\" \/>\n\t<meta property=\"og:image:type\" content=\"image\/jpeg\" \/>\n<meta name=\"author\" content=\"Adrian Chudy\" \/>\n<meta name=\"twitter:card\" content=\"summary_large_image\" \/>\n<meta name=\"twitter:label1\" content=\"Napisane przez\" \/>\n\t<meta name=\"twitter:data1\" content=\"Adrian Chudy\" \/>\n\t<meta name=\"twitter:label2\" content=\"Szacowany czas czytania\" \/>\n\t<meta name=\"twitter:data2\" content=\"2 minuty\" \/>\n<script type=\"application\/ld+json\" class=\"yoast-schema-graph\">{\"@context\":\"https:\\\/\\\/schema.org\",\"@graph\":[{\"@type\":\"Article\",\"@id\":\"https:\\\/\\\/ekoenergetyka.com\\\/pl\\\/ekoenergetyka-na-kongresie-nowej-mobilnosci-w-lodzi-elektryfikacja-transportu-na-czele-zielonej-transformacji\\\/#article\",\"isPartOf\":{\"@id\":\"https:\\\/\\\/ekoenergetyka.com\\\/pl\\\/ekoenergetyka-na-kongresie-nowej-mobilnosci-w-lodzi-elektryfikacja-transportu-na-czele-zielonej-transformacji\\\/\"},\"author\":{\"name\":\"Adrian Chudy\",\"@id\":\"https:\\\/\\\/ekoenergetyka.com\\\/pl\\\/#\\\/schema\\\/person\\\/d56187da375c74d477554ae02f607c55\"},\"headline\":\"Ekoenergetyka na Kongresie Nowej Mobilno\u015bci w \u0141odzi. Elektryfikacja transportu na czele zielonej transformacji\",\"datePublished\":\"2023-09-28T08:52:22+00:00\",\"dateModified\":\"2023-09-29T07:02:40+00:00\",\"mainEntityOfPage\":{\"@id\":\"https:\\\/\\\/ekoenergetyka.com\\\/pl\\\/ekoenergetyka-na-kongresie-nowej-mobilnosci-w-lodzi-elektryfikacja-transportu-na-czele-zielonej-transformacji\\\/\"},\"wordCount\":313,\"publisher\":{\"@id\":\"https:\\\/\\\/ekoenergetyka.com\\\/pl\\\/#organization\"},\"image\":{\"@id\":\"https:\\\/\\\/ekoenergetyka.com\\\/pl\\\/ekoenergetyka-na-kongresie-nowej-mobilnosci-w-lodzi-elektryfikacja-transportu-na-czele-zielonej-transformacji\\\/#primaryimage\"},\"thumbnailUrl\":\"https:\\\/\\\/ekoenergetyka.com\\\/wp-content\\\/uploads\\\/2023\\\/09\\\/ekoenergetyka-zdjecie-glowne-1.jpg\",\"articleSection\":[\"Brak kategorii\"],\"inLanguage\":\"pl-PL\"},{\"@type\":\"WebPage\",\"@id\":\"https:\\\/\\\/ekoenergetyka.com\\\/pl\\\/ekoenergetyka-na-kongresie-nowej-mobilnosci-w-lodzi-elektryfikacja-transportu-na-czele-zielonej-transformacji\\\/\",\"url\":\"https:\\\/\\\/ekoenergetyka.com\\\/pl\\\/ekoenergetyka-na-kongresie-nowej-mobilnosci-w-lodzi-elektryfikacja-transportu-na-czele-zielonej-transformacji\\\/\",\"name\":\"Ekoenergetyka na Kongresie Nowej Mobilno\u015bci w \u0141odzi. Elektryfikacja transportu na czele zielonej transformacji | Ekoenergetyka\",\"isPartOf\":{\"@id\":\"https:\\\/\\\/ekoenergetyka.com\\\/pl\\\/#website\"},\"primaryImageOfPage\":{\"@id\":\"https:\\\/\\\/ekoenergetyka.com\\\/pl\\\/ekoenergetyka-na-kongresie-nowej-mobilnosci-w-lodzi-elektryfikacja-transportu-na-czele-zielonej-transformacji\\\/#primaryimage\"},\"image\":{\"@id\":\"https:\\\/\\\/ekoenergetyka.com\\\/pl\\\/ekoenergetyka-na-kongresie-nowej-mobilnosci-w-lodzi-elektryfikacja-transportu-na-czele-zielonej-transformacji\\\/#primaryimage\"},\"thumbnailUrl\":\"https:\\\/\\\/ekoenergetyka.com\\\/wp-content\\\/uploads\\\/2023\\\/09\\\/ekoenergetyka-zdjecie-glowne-1.jpg\",\"datePublished\":\"2023-09-28T08:52:22+00:00\",\"dateModified\":\"2023-09-29T07:02:40+00:00\",\"description\":\"W trakcie tegorocznego Kongresu Nowej Mobilno\u015bci w \u0141odzi, zesp\u00f3\u0142 Ekoenergetyki mia\u0142 przyjemno\u015b\u0107 uczestniczy\u0107 w panelu \\\"Zr\u00f3wnowa\u017cona mobilno\u015b\u0107 teraz\\\", kt\u00f3ry moderowa\u0142 Micha\u0142 Kurtyka.\",\"breadcrumb\":{\"@id\":\"https:\\\/\\\/ekoenergetyka.com\\\/pl\\\/ekoenergetyka-na-kongresie-nowej-mobilnosci-w-lodzi-elektryfikacja-transportu-na-czele-zielonej-transformacji\\\/#breadcrumb\"},\"inLanguage\":\"pl-PL\",\"potentialAction\":[{\"@type\":\"ReadAction\",\"target\":[\"https:\\\/\\\/ekoenergetyka.com\\\/pl\\\/ekoenergetyka-na-kongresie-nowej-mobilnosci-w-lodzi-elektryfikacja-transportu-na-czele-zielonej-transformacji\\\/\"]}]},{\"@type\":\"ImageObject\",\"inLanguage\":\"pl-PL\",\"@id\":\"https:\\\/\\\/ekoenergetyka.com\\\/pl\\\/ekoenergetyka-na-kongresie-nowej-mobilnosci-w-lodzi-elektryfikacja-transportu-na-czele-zielonej-transformacji\\\/#primaryimage\",\"url\":\"https:\\\/\\\/ekoenergetyka.com\\\/wp-content\\\/uploads\\\/2023\\\/09\\\/ekoenergetyka-zdjecie-glowne-1.jpg\",\"contentUrl\":\"https:\\\/\\\/ekoenergetyka.com\\\/wp-content\\\/uploads\\\/2023\\\/09\\\/ekoenergetyka-zdjecie-glowne-1.jpg\",\"width\":1500,\"height\":1000},{\"@type\":\"BreadcrumbList\",\"@id\":\"https:\\\/\\\/ekoenergetyka.com\\\/pl\\\/ekoenergetyka-na-kongresie-nowej-mobilnosci-w-lodzi-elektryfikacja-transportu-na-czele-zielonej-transformacji\\\/#breadcrumb\",\"itemListElement\":[{\"@type\":\"ListItem\",\"position\":1,\"name\":\"Strona G\u0142\u00f3wna\",\"item\":\"https:\\\/\\\/ekoenergetyka.com\\\/pl\\\/\"},{\"@type\":\"ListItem\",\"position\":2,\"name\":\"Ekoenergetyka na Kongresie Nowej Mobilno\u015bci w \u0141odzi. Elektryfikacja transportu na czele zielonej transformacji\"}]},{\"@type\":\"WebSite\",\"@id\":\"https:\\\/\\\/ekoenergetyka.com\\\/pl\\\/#website\",\"url\":\"https:\\\/\\\/ekoenergetyka.com\\\/pl\\\/\",\"name\":\"Ekoenergetyka\",\"description\":\"\",\"publisher\":{\"@id\":\"https:\\\/\\\/ekoenergetyka.com\\\/pl\\\/#organization\"},\"potentialAction\":[{\"@type\":\"SearchAction\",\"target\":{\"@type\":\"EntryPoint\",\"urlTemplate\":\"https:\\\/\\\/ekoenergetyka.com\\\/pl\\\/?s={search_term_string}\"},\"query-input\":{\"@type\":\"PropertyValueSpecification\",\"valueRequired\":true,\"valueName\":\"search_term_string\"}}],\"inLanguage\":\"pl-PL\"},{\"@type\":\"Organization\",\"@id\":\"https:\\\/\\\/ekoenergetyka.com\\\/pl\\\/#organization\",\"name\":\"Ekoenergetyka - Polska S.A.\",\"url\":\"https:\\\/\\\/ekoenergetyka.com\\\/pl\\\/\",\"logo\":{\"@type\":\"ImageObject\",\"inLanguage\":\"pl-PL\",\"@id\":\"https:\\\/\\\/ekoenergetyka.com\\\/pl\\\/#\\\/schema\\\/logo\\\/image\\\/\",\"url\":\"https:\\\/\\\/ekoenergetyka.com\\\/wp-content\\\/uploads\\\/2024\\\/11\\\/cropped-sygnet-bez-tla-black-1-2.png\",\"contentUrl\":\"https:\\\/\\\/ekoenergetyka.com\\\/wp-content\\\/uploads\\\/2024\\\/11\\\/cropped-sygnet-bez-tla-black-1-2.png\",\"width\":512,\"height\":512,\"caption\":\"Ekoenergetyka - Polska S.A.\"},\"image\":{\"@id\":\"https:\\\/\\\/ekoenergetyka.com\\\/pl\\\/#\\\/schema\\\/logo\\\/image\\\/\"},\"sameAs\":[\"https:\\\/\\\/www.facebook.com\\\/ekoenergetykaPolska\\\/\",\"https:\\\/\\\/www.linkedin.com\\\/company\\\/ekoenergetyka\",\"https:\\\/\\\/www.youtube.com\\\/channel\\\/UCfZM_rPDdrv6D0JB-uhWi8Q\\\/videos\"],\"description\":\"Established in 2009 Poland with a sole purpose of providing charging solutions, we are one of the pioneers in the e-mobility industry. In a decade, Ekoenergetyka has grown from 2 to more than 400 employees (currently around 1,000) and has acquired customers throughout Europe and are now a Central and Eastern European leader in charging technologies.\",\"email\":\"contact@ekoenergetyka.com.pl\",\"telephone\":\"+ 48 68 328 20 68\",\"numberOfEmployees\":{\"@type\":\"QuantitativeValue\",\"minValue\":\"501\",\"maxValue\":\"1000\"}},{\"@type\":\"Person\",\"@id\":\"https:\\\/\\\/ekoenergetyka.com\\\/pl\\\/#\\\/schema\\\/person\\\/d56187da375c74d477554ae02f607c55\",\"name\":\"Adrian Chudy\",\"image\":{\"@type\":\"ImageObject\",\"inLanguage\":\"pl-PL\",\"@id\":\"https:\\\/\\\/secure.gravatar.com\\\/avatar\\\/5878518dceef52e59f0380b2a104b66a181ccc327114716ca69ff8e2296fea83?s=96&d=mm&r=g\",\"url\":\"https:\\\/\\\/secure.gravatar.com\\\/avatar\\\/5878518dceef52e59f0380b2a104b66a181ccc327114716ca69ff8e2296fea83?s=96&d=mm&r=g\",\"contentUrl\":\"https:\\\/\\\/secure.gravatar.com\\\/avatar\\\/5878518dceef52e59f0380b2a104b66a181ccc327114716ca69ff8e2296fea83?s=96&d=mm&r=g\",\"caption\":\"Adrian Chudy\"},\"sameAs\":[\"https:\\\/\\\/ekoenergetyka.com.pl\"],\"url\":\"https:\\\/\\\/ekoenergetyka.com\"}]}<\/script>\n<!-- \/ Yoast SEO Premium plugin. -->","yoast_head_json":{"title":"Ekoenergetyka na Kongresie Nowej Mobilno\u015bci w \u0141odzi. Elektryfikacja transportu na czele zielonej transformacji | Ekoenergetyka","description":"W trakcie tegorocznego Kongresu Nowej Mobilno\u015bci w \u0141odzi, zesp\u00f3\u0142 Ekoenergetyki mia\u0142 przyjemno\u015b\u0107 uczestniczy\u0107 w panelu \"Zr\u00f3wnowa\u017cona mobilno\u015b\u0107 teraz\", kt\u00f3ry moderowa\u0142 Micha\u0142 Kurtyka.","robots":{"index":"index","follow":"follow","max-snippet":"max-snippet:-1","max-image-preview":"max-image-preview:large","max-video-preview":"max-video-preview:-1"},"canonical":"https:\/\/ekoenergetyka.com\/pl\/ekoenergetyka-na-kongresie-nowej-mobilnosci-w-lodzi-elektryfikacja-transportu-na-czele-zielonej-transformacji\/","og_locale":"pl_PL","og_type":"article","og_title":"Ekoenergetyka na Kongresie Nowej Mobilno\u015bci w \u0141odzi. Elektryfikacja transportu na czele zielonej transformacji","og_description":"W trakcie tegorocznego Kongresu Nowej Mobilno\u015bci w \u0141odzi, zesp\u00f3\u0142 Ekoenergetyki mia\u0142 przyjemno\u015b\u0107 uczestniczy\u0107 w panelu \"Zr\u00f3wnowa\u017cona mobilno\u015b\u0107 teraz\", kt\u00f3ry moderowa\u0142 Micha\u0142 Kurtyka.","og_url":"https:\/\/ekoenergetyka.com\/pl\/ekoenergetyka-na-kongresie-nowej-mobilnosci-w-lodzi-elektryfikacja-transportu-na-czele-zielonej-transformacji\/","og_site_name":"Ekoenergetyka","article_publisher":"https:\/\/www.facebook.com\/ekoenergetykaPolska\/","article_published_time":"2023-09-28T08:52:22+00:00","article_modified_time":"2023-09-29T07:02:40+00:00","og_image":[{"width":1500,"height":1000,"url":"https:\/\/ekoenergetyka.com\/wp-content\/uploads\/2023\/09\/ekoenergetyka-zdjecie-glowne-1.jpg","type":"image\/jpeg"}],"author":"Adrian Chudy","twitter_card":"summary_large_image","twitter_misc":{"Napisane przez":"Adrian Chudy","Szacowany czas czytania":"2 minuty"},"schema":{"@context":"https:\/\/schema.org","@graph":[{"@type":"Article","@id":"https:\/\/ekoenergetyka.com\/pl\/ekoenergetyka-na-kongresie-nowej-mobilnosci-w-lodzi-elektryfikacja-transportu-na-czele-zielonej-transformacji\/#article","isPartOf":{"@id":"https:\/\/ekoenergetyka.com\/pl\/ekoenergetyka-na-kongresie-nowej-mobilnosci-w-lodzi-elektryfikacja-transportu-na-czele-zielonej-transformacji\/"},"author":{"name":"Adrian Chudy","@id":"https:\/\/ekoenergetyka.com\/pl\/#\/schema\/person\/d56187da375c74d477554ae02f607c55"},"headline":"Ekoenergetyka na Kongresie Nowej Mobilno\u015bci w \u0141odzi. Elektryfikacja transportu na czele zielonej transformacji","datePublished":"2023-09-28T08:52:22+00:00","dateModified":"2023-09-29T07:02:40+00:00","mainEntityOfPage":{"@id":"https:\/\/ekoenergetyka.com\/pl\/ekoenergetyka-na-kongresie-nowej-mobilnosci-w-lodzi-elektryfikacja-transportu-na-czele-zielonej-transformacji\/"},"wordCount":313,"publisher":{"@id":"https:\/\/ekoenergetyka.com\/pl\/#organization"},"image":{"@id":"https:\/\/ekoenergetyka.com\/pl\/ekoenergetyka-na-kongresie-nowej-mobilnosci-w-lodzi-elektryfikacja-transportu-na-czele-zielonej-transformacji\/#primaryimage"},"thumbnailUrl":"https:\/\/ekoenergetyka.com\/wp-content\/uploads\/2023\/09\/ekoenergetyka-zdjecie-glowne-1.jpg","articleSection":["Brak kategorii"],"inLanguage":"pl-PL"},{"@type":"WebPage","@id":"https:\/\/ekoenergetyka.com\/pl\/ekoenergetyka-na-kongresie-nowej-mobilnosci-w-lodzi-elektryfikacja-transportu-na-czele-zielonej-transformacji\/","url":"https:\/\/ekoenergetyka.com\/pl\/ekoenergetyka-na-kongresie-nowej-mobilnosci-w-lodzi-elektryfikacja-transportu-na-czele-zielonej-transformacji\/","name":"Ekoenergetyka na Kongresie Nowej Mobilno\u015bci w \u0141odzi. Elektryfikacja transportu na czele zielonej transformacji | Ekoenergetyka","isPartOf":{"@id":"https:\/\/ekoenergetyka.com\/pl\/#website"},"primaryImageOfPage":{"@id":"https:\/\/ekoenergetyka.com\/pl\/ekoenergetyka-na-kongresie-nowej-mobilnosci-w-lodzi-elektryfikacja-transportu-na-czele-zielonej-transformacji\/#primaryimage"},"image":{"@id":"https:\/\/ekoenergetyka.com\/pl\/ekoenergetyka-na-kongresie-nowej-mobilnosci-w-lodzi-elektryfikacja-transportu-na-czele-zielonej-transformacji\/#primaryimage"},"thumbnailUrl":"https:\/\/ekoenergetyka.com\/wp-content\/uploads\/2023\/09\/ekoenergetyka-zdjecie-glowne-1.jpg","datePublished":"2023-09-28T08:52:22+00:00","dateModified":"2023-09-29T07:02:40+00:00","description":"W trakcie tegorocznego Kongresu Nowej Mobilno\u015bci w \u0141odzi, zesp\u00f3\u0142 Ekoenergetyki mia\u0142 przyjemno\u015b\u0107 uczestniczy\u0107 w panelu \"Zr\u00f3wnowa\u017cona mobilno\u015b\u0107 teraz\", kt\u00f3ry moderowa\u0142 Micha\u0142 Kurtyka.","breadcrumb":{"@id":"https:\/\/ekoenergetyka.com\/pl\/ekoenergetyka-na-kongresie-nowej-mobilnosci-w-lodzi-elektryfikacja-transportu-na-czele-zielonej-transformacji\/#breadcrumb"},"inLanguage":"pl-PL","potentialAction":[{"@type":"ReadAction","target":["https:\/\/ekoenergetyka.com\/pl\/ekoenergetyka-na-kongresie-nowej-mobilnosci-w-lodzi-elektryfikacja-transportu-na-czele-zielonej-transformacji\/"]}]},{"@type":"ImageObject","inLanguage":"pl-PL","@id":"https:\/\/ekoenergetyka.com\/pl\/ekoenergetyka-na-kongresie-nowej-mobilnosci-w-lodzi-elektryfikacja-transportu-na-czele-zielonej-transformacji\/#primaryimage","url":"https:\/\/ekoenergetyka.com\/wp-content\/uploads\/2023\/09\/ekoenergetyka-zdjecie-glowne-1.jpg","contentUrl":"https:\/\/ekoenergetyka.com\/wp-content\/uploads\/2023\/09\/ekoenergetyka-zdjecie-glowne-1.jpg","width":1500,"height":1000},{"@type":"BreadcrumbList","@id":"https:\/\/ekoenergetyka.com\/pl\/ekoenergetyka-na-kongresie-nowej-mobilnosci-w-lodzi-elektryfikacja-transportu-na-czele-zielonej-transformacji\/#breadcrumb","itemListElement":[{"@type":"ListItem","position":1,"name":"Strona G\u0142\u00f3wna","item":"https:\/\/ekoenergetyka.com\/pl\/"},{"@type":"ListItem","position":2,"name":"Ekoenergetyka na Kongresie Nowej Mobilno\u015bci w \u0141odzi. Elektryfikacja transportu na czele zielonej transformacji"}]},{"@type":"WebSite","@id":"https:\/\/ekoenergetyka.com\/pl\/#website","url":"https:\/\/ekoenergetyka.com\/pl\/","name":"Ekoenergetyka","description":"","publisher":{"@id":"https:\/\/ekoenergetyka.com\/pl\/#organization"},"potentialAction":[{"@type":"SearchAction","target":{"@type":"EntryPoint","urlTemplate":"https:\/\/ekoenergetyka.com\/pl\/?s={search_term_string}"},"query-input":{"@type":"PropertyValueSpecification","valueRequired":true,"valueName":"search_term_string"}}],"inLanguage":"pl-PL"},{"@type":"Organization","@id":"https:\/\/ekoenergetyka.com\/pl\/#organization","name":"Ekoenergetyka - Polska S.A.","url":"https:\/\/ekoenergetyka.com\/pl\/","logo":{"@type":"ImageObject","inLanguage":"pl-PL","@id":"https:\/\/ekoenergetyka.com\/pl\/#\/schema\/logo\/image\/","url":"https:\/\/ekoenergetyka.com\/wp-content\/uploads\/2024\/11\/cropped-sygnet-bez-tla-black-1-2.png","contentUrl":"https:\/\/ekoenergetyka.com\/wp-content\/uploads\/2024\/11\/cropped-sygnet-bez-tla-black-1-2.png","width":512,"height":512,"caption":"Ekoenergetyka - Polska S.A."},"image":{"@id":"https:\/\/ekoenergetyka.com\/pl\/#\/schema\/logo\/image\/"},"sameAs":["https:\/\/www.facebook.com\/ekoenergetykaPolska\/","https:\/\/www.linkedin.com\/company\/ekoenergetyka","https:\/\/www.youtube.com\/channel\/UCfZM_rPDdrv6D0JB-uhWi8Q\/videos"],"description":"Established in 2009 Poland with a sole purpose of providing charging solutions, we are one of the pioneers in the e-mobility industry. In a decade, Ekoenergetyka has grown from 2 to more than 400 employees (currently around 1,000) and has acquired customers throughout Europe and are now a Central and Eastern European leader in charging technologies.","email":"contact@ekoenergetyka.com.pl","telephone":"+ 48 68 328 20 68","numberOfEmployees":{"@type":"QuantitativeValue","minValue":"501","maxValue":"1000"}},{"@type":"Person","@id":"https:\/\/ekoenergetyka.com\/pl\/#\/schema\/person\/d56187da375c74d477554ae02f607c55","name":"Adrian Chudy","image":{"@type":"ImageObject","inLanguage":"pl-PL","@id":"https:\/\/secure.gravatar.com\/avatar\/5878518dceef52e59f0380b2a104b66a181ccc327114716ca69ff8e2296fea83?s=96&d=mm&r=g","url":"https:\/\/secure.gravatar.com\/avatar\/5878518dceef52e59f0380b2a104b66a181ccc327114716ca69ff8e2296fea83?s=96&d=mm&r=g","contentUrl":"https:\/\/secure.gravatar.com\/avatar\/5878518dceef52e59f0380b2a104b66a181ccc327114716ca69ff8e2296fea83?s=96&d=mm&r=g","caption":"Adrian Chudy"},"sameAs":["https:\/\/ekoenergetyka.com.pl"],"url":"https:\/\/ekoenergetyka.com"}]}},"_links":{"self":[{"href":"https:\/\/ekoenergetyka.com\/pl\/wp-json\/wp\/v2\/posts\/29753","targetHints":{"allow":["GET"]}}],"collection":[{"href":"https:\/\/ekoenergetyka.com\/pl\/wp-json\/wp\/v2\/posts"}],"about":[{"href":"https:\/\/ekoenergetyka.com\/pl\/wp-json\/wp\/v2\/types\/post"}],"author":[{"embeddable":true,"href":"https:\/\/ekoenergetyka.com\/pl\/wp-json\/wp\/v2\/users\/1"}],"replies":[{"embeddable":true,"href":"https:\/\/ekoenergetyka.com\/pl\/wp-json\/wp\/v2\/comments?post=29753"}],"version-history":[{"count":0,"href":"https:\/\/ekoenergetyka.com\/pl\/wp-json\/wp\/v2\/posts\/29753\/revisions"}],"wp:featuredmedia":[{"embeddable":true,"href":"https:\/\/ekoenergetyka.com\/pl\/wp-json\/wp\/v2\/media\/29748"}],"wp:attachment":[{"href":"https:\/\/ekoenergetyka.com\/pl\/wp-json\/wp\/v2\/media?parent=29753"}],"wp:term":[{"taxonomy":"category","embeddable":true,"href":"https:\/\/ekoenergetyka.com\/pl\/wp-json\/wp\/v2\/categories?post=29753"},{"taxonomy":"post_tag","embeddable":true,"href":"https:\/\/ekoenergetyka.com\/pl\/wp-json\/wp\/v2\/tags?post=29753"}],"curies":[{"name":"wp","href":"https:\/\/api.w.org\/{rel}","templated":true}]}}