{"id":28226,"date":"2023-08-01T14:23:15","date_gmt":"2023-08-01T12:23:15","guid":{"rendered":"https:\/\/ekoenergetyka.com\/?p=28226"},"modified":"2024-08-20T12:09:59","modified_gmt":"2024-08-20T10:09:59","slug":"magazynowanie-energii-dla-lepszego-jutra","status":"publish","type":"post","link":"https:\/\/ekoenergetyka.com\/pl\/magazynowanie-energii-dla-lepszego-jutra\/","title":{"rendered":"Magazynowanie energii dla lepszego jutra"},"content":{"rendered":"\n<p><strong>Europejskie Forum Gospodarcze - \u0141\u00f3dzkie 2023 to jedno z najwa\u017cniejszych wydarze\u0144 gospodarczych w regionie. Tegoroczna edycja by\u0142a mocno zwi\u0105zana z gospodarczymi zmianami, wp\u0142ywem na \u015brodowisko oraz zielon\u0105 transformacj\u0105. Dr hab. in\u017c. Marcin Jarnut - Dyrektor Biura Rozwoju Ekoenergetyka-Polska S.A. wzi\u0105\u0142 udzia\u0142 w panelu pt. \"Magazynowanie energii dla lepszego jutra.\"<\/strong>&nbsp;<\/p>\n\n\n\n<p>Tematem dyskusji by\u0142o kluczowe znaczenie magazynowania energii w procesie transformacji energetycznej, d\u0105\u017c\u0105cej do systemu niskoemisyjnego, z wykorzystaniem g\u0142\u00f3wnie odnawialnych \u017ar\u00f3de\u0142 energii, a tak\u017ce osi\u0105gni\u0119cia unijnych cel\u00f3w zwi\u0105zanych z klimatem i energi\u0105. W erze kryzysu energetycznego magazynowanie energii sta\u0142o si\u0119 kluczowym rozwi\u0105zaniem, a Ekoenergetyka stan\u0119\u0142a na czele innowacji w tej dziedzinie.&nbsp;&nbsp;<\/p>\n\n\n\n<p>Podczas panelu eksperci omawiali mi\u0119dzy innymi efekty pakietu wdro\u017conego przez Komisje Europejsk\u0105&nbsp; \u201eCzysta energia dla wszystkich Europejczyk\u00f3w\u201d oraz mo\u017cliwo\u015bci wsparcia projekt\u00f3w w zakresie magazynowania energii w nowej perspektywie finansowej na lata 2021-2027.<\/p>\n\n\n\n<p>W dyskusji wzi\u0119li udzia\u0142 tak\u017ce inni wybitni specjali\u015bci, mi\u0119dzy innymi Albert Gryszczuk - Prezes Krajowej Izby Klastr\u00f3w Energii i Odnawialnych \u0179r\u00f3de\u0142 Energii, dr hab. in\u017c. Marek Ja\u015bkiewicz - profesor Katedry Pojazd\u00f3w Samochodowych i Transportu Politechniki \u015awi\u0119tokrzyskiej, dr in\u017c. Andrzej W\u0119grzyn, Wiceprezes Stowarzyszenia Dolno\u015bl\u0105ska Dolina Wodorowa i Cz\u0142onek Rady Programowej Krajowej Izby Klastr\u00f3w Energii i Odnawialnych \u0179r\u00f3de\u0142 Energii oraz dr hab. in\u017c. Grzegorz Zaj\u0105c -, adiunkt z Wydzia\u0142u In\u017cynierii Produkcji Uniwersytetu Przyrodniczego w Lublinie. Panel moderowa\u0142 redaktor Maciej Chudkiewicz.<\/p>\n\n\n\n<p>Ca\u0142e wydarzenie odby\u0142o si\u0119 w hotelu Vienna House by Wyndham Andel\u2019s \u0141\u00f3d\u017a, gdzie zgromadzi\u0142o si\u0119 blisko 2000 uczestnik\u00f3w. Forum by\u0142o wsp\u00f3\u0142tworzone przez 45 partner\u00f3w merytorycznych oraz licznych partner\u00f3w wspieraj\u0105cych, co dowodzi\u0142o ogromnego zainteresowania tematyk\u0105 gospodarcz\u0105 oraz przysz\u0142o\u015bci\u0105 energetyczn\u0105.&nbsp;&nbsp;<\/p>\n\n\n\n<p>Szczeg\u00f3\u0142owe informacje na ten temat mo\u017cna znale\u017a\u0107 na stronie:<\/p>\n\n\n\n<p><a href=\"https:\/\/forum.lodzkie.pl\/program\/magazynowanie-energii-dla-lepszego-jutra\/\">https:\/\/forum.lodzkie.pl\/program\/magazynowanie-energii-dla-lepszego-jutra\/.<\/a><\/p>\n\n\n\n<section class=\"title-with-border \">\n        <h2>Galeria<\/h2>\n    <\/section>\n\n\n<figure class=\"wp-block-gallery has-nested-images columns-default is-cropped wp-block-gallery-1 is-layout-flex wp-block-gallery-is-layout-flex\">\n<figure class=\"wp-block-image size-large\"><a href=\"https:\/\/ekoenergetyka.com\/wp-content\/uploads\/2023\/08\/dsc-0286-1.jpg\"><img loading=\"lazy\" decoding=\"async\" width=\"1024\" height=\"757\" data-id=\"28255\" src=\"https:\/\/ekoenergetyka.com\/wp-content\/uploads\/2023\/08\/dsc-0286-1-1024x757.jpg\" alt=\"\" class=\"wp-image-28255\" srcset=\"https:\/\/ekoenergetyka.com\/wp-content\/uploads\/2023\/08\/dsc-0286-1-1024x757.jpg 1024w, https:\/\/ekoenergetyka.com\/wp-content\/uploads\/2023\/08\/dsc-0286-1-300x222.jpg 300w, https:\/\/ekoenergetyka.com\/wp-content\/uploads\/2023\/08\/dsc-0286-1-768x568.jpg 768w, https:\/\/ekoenergetyka.com\/wp-content\/uploads\/2023\/08\/dsc-0286-1-1536x1136.jpg 1536w, https:\/\/ekoenergetyka.com\/wp-content\/uploads\/2023\/08\/dsc-0286-1-2048x1514.jpg 2048w\" sizes=\"auto, (max-width: 1024px) 100vw, 1024px\" \/><\/a><\/figure>\n\n\n\n<figure class=\"wp-block-image size-large\"><a href=\"https:\/\/ekoenergetyka.com\/wp-content\/uploads\/2023\/08\/dsc-0285-1.jpg\"><img loading=\"lazy\" decoding=\"async\" width=\"1024\" height=\"680\" data-id=\"28250\" src=\"https:\/\/ekoenergetyka.com\/wp-content\/uploads\/2023\/08\/dsc-0285-1-1024x680.jpg\" alt=\"\" class=\"wp-image-28250\" srcset=\"https:\/\/ekoenergetyka.com\/wp-content\/uploads\/2023\/08\/dsc-0285-1-1024x680.jpg 1024w, https:\/\/ekoenergetyka.com\/wp-content\/uploads\/2023\/08\/dsc-0285-1-300x199.jpg 300w, https:\/\/ekoenergetyka.com\/wp-content\/uploads\/2023\/08\/dsc-0285-1-768x510.jpg 768w, https:\/\/ekoenergetyka.com\/wp-content\/uploads\/2023\/08\/dsc-0285-1-1536x1020.jpg 1536w, https:\/\/ekoenergetyka.com\/wp-content\/uploads\/2023\/08\/dsc-0285-1-2048x1360.jpg 2048w\" sizes=\"auto, (max-width: 1024px) 100vw, 1024px\" \/><\/a><\/figure>\n\n\n\n<figure class=\"wp-block-image size-large\"><a href=\"https:\/\/ekoenergetyka.com\/wp-content\/uploads\/2023\/08\/dsc-0283.jpg\"><img loading=\"lazy\" decoding=\"async\" width=\"1024\" height=\"680\" data-id=\"28245\" src=\"https:\/\/ekoenergetyka.com\/wp-content\/uploads\/2023\/08\/dsc-0283-1024x680.jpg\" alt=\"\" class=\"wp-image-28245\" srcset=\"https:\/\/ekoenergetyka.com\/wp-content\/uploads\/2023\/08\/dsc-0283-1024x680.jpg 1024w, https:\/\/ekoenergetyka.com\/wp-content\/uploads\/2023\/08\/dsc-0283-300x199.jpg 300w, https:\/\/ekoenergetyka.com\/wp-content\/uploads\/2023\/08\/dsc-0283-768x510.jpg 768w, https:\/\/ekoenergetyka.com\/wp-content\/uploads\/2023\/08\/dsc-0283-1536x1020.jpg 1536w, https:\/\/ekoenergetyka.com\/wp-content\/uploads\/2023\/08\/dsc-0283-2048x1360.jpg 2048w\" sizes=\"auto, (max-width: 1024px) 100vw, 1024px\" \/><\/a><\/figure>\n\n\n\n<figure class=\"wp-block-image size-large\"><a href=\"https:\/\/ekoenergetyka.com\/wp-content\/uploads\/2023\/08\/dsc-0278-1.jpg\"><img loading=\"lazy\" decoding=\"async\" width=\"1024\" height=\"680\" data-id=\"28235\" src=\"https:\/\/ekoenergetyka.com\/wp-content\/uploads\/2023\/08\/dsc-0278-1-1024x680.jpg\" alt=\"\" class=\"wp-image-28235\" srcset=\"https:\/\/ekoenergetyka.com\/wp-content\/uploads\/2023\/08\/dsc-0278-1-1024x680.jpg 1024w, https:\/\/ekoenergetyka.com\/wp-content\/uploads\/2023\/08\/dsc-0278-1-300x199.jpg 300w, https:\/\/ekoenergetyka.com\/wp-content\/uploads\/2023\/08\/dsc-0278-1-768x510.jpg 768w, https:\/\/ekoenergetyka.com\/wp-content\/uploads\/2023\/08\/dsc-0278-1-1536x1020.jpg 1536w, https:\/\/ekoenergetyka.com\/wp-content\/uploads\/2023\/08\/dsc-0278-1-2048x1360.jpg 2048w\" sizes=\"auto, (max-width: 1024px) 100vw, 1024px\" \/><\/a><\/figure>\n\n\n\n<figure class=\"wp-block-image size-large\"><a href=\"https:\/\/ekoenergetyka.com\/wp-content\/uploads\/2023\/08\/dsc-0276-1.jpg\"><img loading=\"lazy\" decoding=\"async\" width=\"1024\" height=\"680\" data-id=\"28230\" src=\"https:\/\/ekoenergetyka.com\/wp-content\/uploads\/2023\/08\/dsc-0276-1-1024x680.jpg\" alt=\"Europejskie Forum Gospodarcze\" class=\"wp-image-28230\" srcset=\"https:\/\/ekoenergetyka.com\/wp-content\/uploads\/2023\/08\/dsc-0276-1-1024x680.jpg 1024w, https:\/\/ekoenergetyka.com\/wp-content\/uploads\/2023\/08\/dsc-0276-1-300x199.jpg 300w, https:\/\/ekoenergetyka.com\/wp-content\/uploads\/2023\/08\/dsc-0276-1-768x510.jpg 768w, https:\/\/ekoenergetyka.com\/wp-content\/uploads\/2023\/08\/dsc-0276-1-1536x1020.jpg 1536w, https:\/\/ekoenergetyka.com\/wp-content\/uploads\/2023\/08\/dsc-0276-1-2048x1360.jpg 2048w\" sizes=\"auto, (max-width: 1024px) 100vw, 1024px\" \/><\/a><\/figure>\n\n\n\n<figure class=\"wp-block-image size-large\"><a href=\"https:\/\/ekoenergetyka.com\/wp-content\/uploads\/2023\/08\/dsc-0280-1.jpg\"><img loading=\"lazy\" decoding=\"async\" width=\"1024\" height=\"680\" data-id=\"28240\" src=\"https:\/\/ekoenergetyka.com\/wp-content\/uploads\/2023\/08\/dsc-0280-1-1024x680.jpg\" alt=\"\" class=\"wp-image-28240\" srcset=\"https:\/\/ekoenergetyka.com\/wp-content\/uploads\/2023\/08\/dsc-0280-1-1024x680.jpg 1024w, https:\/\/ekoenergetyka.com\/wp-content\/uploads\/2023\/08\/dsc-0280-1-300x199.jpg 300w, https:\/\/ekoenergetyka.com\/wp-content\/uploads\/2023\/08\/dsc-0280-1-768x510.jpg 768w, https:\/\/ekoenergetyka.com\/wp-content\/uploads\/2023\/08\/dsc-0280-1-1536x1020.jpg 1536w, https:\/\/ekoenergetyka.com\/wp-content\/uploads\/2023\/08\/dsc-0280-1-2048x1360.jpg 2048w\" sizes=\"auto, (max-width: 1024px) 100vw, 1024px\" \/><\/a><\/figure>\n<\/figure>\n\n\n\n<figure class=\"wp-block-gallery has-nested-images columns-default is-cropped wp-block-gallery-2 is-layout-flex wp-block-gallery-is-layout-flex\"><\/figure>\n","protected":false},"excerpt":{"rendered":"<p>Europejskie Forum Gospodarcze &#8211; \u0141\u00f3dzkie 2023 to jedno z najwa\u017cniejszych wydarze\u0144 gospodarczych w regionie. Tegoroczna edycja by\u0142a mocno zwi\u0105zana z gospodarczymi zmianami, wp\u0142ywem na \u015brodowisko oraz zielon\u0105 transformacj\u0105. Dr hab. in\u017c. Marcin Jarnut &#8211; Dyrektor Biura Rozwoju Ekoenergetyka-Polska S.A. wzi\u0105\u0142 udzia\u0142 w panelu pt. &#8222;Magazynowanie energii dla lepszego jutra.&#8221;&nbsp; Tematem dyskusji by\u0142o kluczowe znaczenie magazynowania [&hellip;]<\/p>\n","protected":false},"author":357,"featured_media":28250,"comment_status":"closed","ping_status":"closed","sticky":false,"template":"","format":"standard","meta":{"_acf_changed":false,"footnotes":""},"categories":[1],"tags":[],"class_list":["post-28226","post","type-post","status-publish","format-standard","has-post-thumbnail","hentry","category-bez-kategorii"],"acf":[],"yoast_head":"<!-- This site is optimized with the Yoast SEO Premium plugin v27.3 (Yoast SEO v27.5) - https:\/\/yoast.com\/product\/yoast-seo-premium-wordpress\/ -->\n<title>Magazynowanie energii dla lepszego jutra | Ekoenergetyka<\/title>\n<meta name=\"description\" content=\"Tegoroczna edycja Europejskiego Forum Gospodarczego w \u0141odzi by\u0142a pe\u0142na dyskusji, wymiany wiedzy i inspiracji, dotycz\u0105cych najwa\u017cniejszych temat\u00f3w zwi\u0105zanych z gospodark\u0105, w tym tak\u017ce z magazynowaniem energii...\" \/>\n<meta name=\"robots\" content=\"index, follow, max-snippet:-1, max-image-preview:large, max-video-preview:-1\" \/>\n<link rel=\"canonical\" href=\"https:\/\/ekoenergetyka.com\/pl\/magazynowanie-energii-dla-lepszego-jutra\/\" \/>\n<meta property=\"og:locale\" content=\"pl_PL\" \/>\n<meta property=\"og:type\" content=\"article\" \/>\n<meta property=\"og:title\" content=\"Magazynowanie energii dla lepszego jutra\" \/>\n<meta property=\"og:description\" content=\"Tegoroczna edycja Europejskiego Forum Gospodarczego w \u0141odzi by\u0142a pe\u0142na dyskusji, wymiany wiedzy i inspiracji, dotycz\u0105cych najwa\u017cniejszych temat\u00f3w zwi\u0105zanych z gospodark\u0105, w tym tak\u017ce z magazynowaniem energii...\" \/>\n<meta property=\"og:url\" content=\"https:\/\/ekoenergetyka.com\/pl\/magazynowanie-energii-dla-lepszego-jutra\/\" \/>\n<meta property=\"og:site_name\" content=\"Ekoenergetyka\" \/>\n<meta property=\"article:publisher\" content=\"https:\/\/www.facebook.com\/ekoenergetykaPolska\/\" \/>\n<meta property=\"article:published_time\" content=\"2023-08-01T12:23:15+00:00\" \/>\n<meta property=\"article:modified_time\" content=\"2024-08-20T10:09:59+00:00\" \/>\n<meta property=\"og:image\" content=\"https:\/\/ekoenergetyka.com\/wp-content\/uploads\/2023\/08\/dsc-0285-1-1024x680.jpg\" \/>\n\t<meta property=\"og:image:width\" content=\"1024\" \/>\n\t<meta property=\"og:image:height\" content=\"680\" \/>\n\t<meta property=\"og:image:type\" content=\"image\/jpeg\" \/>\n<meta name=\"author\" content=\"Paulina Sosnowska-Bak\" \/>\n<meta name=\"twitter:card\" content=\"summary_large_image\" \/>\n<meta name=\"twitter:label1\" content=\"Napisane przez\" \/>\n\t<meta name=\"twitter:data1\" content=\"Paulina Sosnowska-Bak\" \/>\n\t<meta name=\"twitter:label2\" content=\"Szacowany czas czytania\" \/>\n\t<meta name=\"twitter:data2\" content=\"3 minuty\" \/>\n<script type=\"application\/ld+json\" class=\"yoast-schema-graph\">{\"@context\":\"https:\\\/\\\/schema.org\",\"@graph\":[{\"@type\":\"Article\",\"@id\":\"https:\\\/\\\/ekoenergetyka.com\\\/pl\\\/magazynowanie-energii-dla-lepszego-jutra\\\/#article\",\"isPartOf\":{\"@id\":\"https:\\\/\\\/ekoenergetyka.com\\\/pl\\\/magazynowanie-energii-dla-lepszego-jutra\\\/\"},\"author\":{\"name\":\"Paulina Sosnowska-Bak\",\"@id\":\"https:\\\/\\\/ekoenergetyka.com\\\/pl\\\/#\\\/schema\\\/person\\\/fdf26ee1150332fd844d78f596860bf0\"},\"headline\":\"Magazynowanie energii dla lepszego jutra\",\"datePublished\":\"2023-08-01T12:23:15+00:00\",\"dateModified\":\"2024-08-20T10:09:59+00:00\",\"mainEntityOfPage\":{\"@id\":\"https:\\\/\\\/ekoenergetyka.com\\\/pl\\\/magazynowanie-energii-dla-lepszego-jutra\\\/\"},\"wordCount\":326,\"publisher\":{\"@id\":\"https:\\\/\\\/ekoenergetyka.com\\\/pl\\\/#organization\"},\"image\":{\"@id\":\"https:\\\/\\\/ekoenergetyka.com\\\/pl\\\/magazynowanie-energii-dla-lepszego-jutra\\\/#primaryimage\"},\"thumbnailUrl\":\"https:\\\/\\\/ekoenergetyka.com\\\/wp-content\\\/uploads\\\/2023\\\/08\\\/dsc-0285-1.jpg\",\"articleSection\":[\"Brak kategorii\"],\"inLanguage\":\"pl-PL\"},{\"@type\":\"WebPage\",\"@id\":\"https:\\\/\\\/ekoenergetyka.com\\\/pl\\\/magazynowanie-energii-dla-lepszego-jutra\\\/\",\"url\":\"https:\\\/\\\/ekoenergetyka.com\\\/pl\\\/magazynowanie-energii-dla-lepszego-jutra\\\/\",\"name\":\"Magazynowanie energii dla lepszego jutra | Ekoenergetyka\",\"isPartOf\":{\"@id\":\"https:\\\/\\\/ekoenergetyka.com\\\/pl\\\/#website\"},\"primaryImageOfPage\":{\"@id\":\"https:\\\/\\\/ekoenergetyka.com\\\/pl\\\/magazynowanie-energii-dla-lepszego-jutra\\\/#primaryimage\"},\"image\":{\"@id\":\"https:\\\/\\\/ekoenergetyka.com\\\/pl\\\/magazynowanie-energii-dla-lepszego-jutra\\\/#primaryimage\"},\"thumbnailUrl\":\"https:\\\/\\\/ekoenergetyka.com\\\/wp-content\\\/uploads\\\/2023\\\/08\\\/dsc-0285-1.jpg\",\"datePublished\":\"2023-08-01T12:23:15+00:00\",\"dateModified\":\"2024-08-20T10:09:59+00:00\",\"description\":\"Tegoroczna edycja Europejskiego Forum Gospodarczego w \u0141odzi by\u0142a pe\u0142na dyskusji, wymiany wiedzy i inspiracji, dotycz\u0105cych najwa\u017cniejszych temat\u00f3w zwi\u0105zanych z gospodark\u0105, w tym tak\u017ce z magazynowaniem energii...\",\"breadcrumb\":{\"@id\":\"https:\\\/\\\/ekoenergetyka.com\\\/pl\\\/magazynowanie-energii-dla-lepszego-jutra\\\/#breadcrumb\"},\"inLanguage\":\"pl-PL\",\"potentialAction\":[{\"@type\":\"ReadAction\",\"target\":[\"https:\\\/\\\/ekoenergetyka.com\\\/pl\\\/magazynowanie-energii-dla-lepszego-jutra\\\/\"]}]},{\"@type\":\"ImageObject\",\"inLanguage\":\"pl-PL\",\"@id\":\"https:\\\/\\\/ekoenergetyka.com\\\/pl\\\/magazynowanie-energii-dla-lepszego-jutra\\\/#primaryimage\",\"url\":\"https:\\\/\\\/ekoenergetyka.com\\\/wp-content\\\/uploads\\\/2023\\\/08\\\/dsc-0285-1.jpg\",\"contentUrl\":\"https:\\\/\\\/ekoenergetyka.com\\\/wp-content\\\/uploads\\\/2023\\\/08\\\/dsc-0285-1.jpg\",\"width\":4288,\"height\":2848},{\"@type\":\"BreadcrumbList\",\"@id\":\"https:\\\/\\\/ekoenergetyka.com\\\/pl\\\/magazynowanie-energii-dla-lepszego-jutra\\\/#breadcrumb\",\"itemListElement\":[{\"@type\":\"ListItem\",\"position\":1,\"name\":\"Strona G\u0142\u00f3wna\",\"item\":\"https:\\\/\\\/ekoenergetyka.com\\\/pl\\\/\"},{\"@type\":\"ListItem\",\"position\":2,\"name\":\"Magazynowanie energii dla lepszego jutra\"}]},{\"@type\":\"WebSite\",\"@id\":\"https:\\\/\\\/ekoenergetyka.com\\\/pl\\\/#website\",\"url\":\"https:\\\/\\\/ekoenergetyka.com\\\/pl\\\/\",\"name\":\"Ekoenergetyka\",\"description\":\"\",\"publisher\":{\"@id\":\"https:\\\/\\\/ekoenergetyka.com\\\/pl\\\/#organization\"},\"potentialAction\":[{\"@type\":\"SearchAction\",\"target\":{\"@type\":\"EntryPoint\",\"urlTemplate\":\"https:\\\/\\\/ekoenergetyka.com\\\/pl\\\/?s={search_term_string}\"},\"query-input\":{\"@type\":\"PropertyValueSpecification\",\"valueRequired\":true,\"valueName\":\"search_term_string\"}}],\"inLanguage\":\"pl-PL\"},{\"@type\":\"Organization\",\"@id\":\"https:\\\/\\\/ekoenergetyka.com\\\/pl\\\/#organization\",\"name\":\"Ekoenergetyka - Polska S.A.\",\"url\":\"https:\\\/\\\/ekoenergetyka.com\\\/pl\\\/\",\"logo\":{\"@type\":\"ImageObject\",\"inLanguage\":\"pl-PL\",\"@id\":\"https:\\\/\\\/ekoenergetyka.com\\\/pl\\\/#\\\/schema\\\/logo\\\/image\\\/\",\"url\":\"https:\\\/\\\/ekoenergetyka.com\\\/wp-content\\\/uploads\\\/2024\\\/11\\\/cropped-sygnet-bez-tla-black-1-2.png\",\"contentUrl\":\"https:\\\/\\\/ekoenergetyka.com\\\/wp-content\\\/uploads\\\/2024\\\/11\\\/cropped-sygnet-bez-tla-black-1-2.png\",\"width\":512,\"height\":512,\"caption\":\"Ekoenergetyka - Polska S.A.\"},\"image\":{\"@id\":\"https:\\\/\\\/ekoenergetyka.com\\\/pl\\\/#\\\/schema\\\/logo\\\/image\\\/\"},\"sameAs\":[\"https:\\\/\\\/www.facebook.com\\\/ekoenergetykaPolska\\\/\",\"https:\\\/\\\/www.linkedin.com\\\/company\\\/ekoenergetyka\",\"https:\\\/\\\/www.youtube.com\\\/channel\\\/UCfZM_rPDdrv6D0JB-uhWi8Q\\\/videos\"],\"description\":\"Established in 2009 Poland with a sole purpose of providing charging solutions, we are one of the pioneers in the e-mobility industry. In a decade, Ekoenergetyka has grown from 2 to more than 400 employees (currently around 1,000) and has acquired customers throughout Europe and are now a Central and Eastern European leader in charging technologies.\",\"email\":\"contact@ekoenergetyka.com.pl\",\"telephone\":\"+ 48 68 328 20 68\",\"numberOfEmployees\":{\"@type\":\"QuantitativeValue\",\"minValue\":\"501\",\"maxValue\":\"1000\"}},{\"@type\":\"Person\",\"@id\":\"https:\\\/\\\/ekoenergetyka.com\\\/pl\\\/#\\\/schema\\\/person\\\/fdf26ee1150332fd844d78f596860bf0\",\"name\":\"Paulina Sosnowska-Bak\",\"image\":{\"@type\":\"ImageObject\",\"inLanguage\":\"pl-PL\",\"@id\":\"https:\\\/\\\/secure.gravatar.com\\\/avatar\\\/e44a9e9000885ddc563b607a6ad14ef376dbc4fd8d71a3688c68bb5b6858ba8e?s=96&d=mm&r=g\",\"url\":\"https:\\\/\\\/secure.gravatar.com\\\/avatar\\\/e44a9e9000885ddc563b607a6ad14ef376dbc4fd8d71a3688c68bb5b6858ba8e?s=96&d=mm&r=g\",\"contentUrl\":\"https:\\\/\\\/secure.gravatar.com\\\/avatar\\\/e44a9e9000885ddc563b607a6ad14ef376dbc4fd8d71a3688c68bb5b6858ba8e?s=96&d=mm&r=g\",\"caption\":\"Paulina Sosnowska-Bak\"},\"url\":\"https:\\\/\\\/ekoenergetyka.com\"}]}<\/script>\n<!-- \/ Yoast SEO Premium plugin. -->","yoast_head_json":{"title":"Magazynowanie energii dla lepszego jutra | Ekoenergetyka","description":"Tegoroczna edycja Europejskiego Forum Gospodarczego w \u0141odzi by\u0142a pe\u0142na dyskusji, wymiany wiedzy i inspiracji, dotycz\u0105cych najwa\u017cniejszych temat\u00f3w zwi\u0105zanych z gospodark\u0105, w tym tak\u017ce z magazynowaniem energii...","robots":{"index":"index","follow":"follow","max-snippet":"max-snippet:-1","max-image-preview":"max-image-preview:large","max-video-preview":"max-video-preview:-1"},"canonical":"https:\/\/ekoenergetyka.com\/pl\/magazynowanie-energii-dla-lepszego-jutra\/","og_locale":"pl_PL","og_type":"article","og_title":"Magazynowanie energii dla lepszego jutra","og_description":"Tegoroczna edycja Europejskiego Forum Gospodarczego w \u0141odzi by\u0142a pe\u0142na dyskusji, wymiany wiedzy i inspiracji, dotycz\u0105cych najwa\u017cniejszych temat\u00f3w zwi\u0105zanych z gospodark\u0105, w tym tak\u017ce z magazynowaniem energii...","og_url":"https:\/\/ekoenergetyka.com\/pl\/magazynowanie-energii-dla-lepszego-jutra\/","og_site_name":"Ekoenergetyka","article_publisher":"https:\/\/www.facebook.com\/ekoenergetykaPolska\/","article_published_time":"2023-08-01T12:23:15+00:00","article_modified_time":"2024-08-20T10:09:59+00:00","og_image":[{"width":1024,"height":680,"url":"https:\/\/ekoenergetyka.com\/wp-content\/uploads\/2023\/08\/dsc-0285-1-1024x680.jpg","type":"image\/jpeg"}],"author":"Paulina Sosnowska-Bak","twitter_card":"summary_large_image","twitter_misc":{"Napisane przez":"Paulina Sosnowska-Bak","Szacowany czas czytania":"3 minuty"},"schema":{"@context":"https:\/\/schema.org","@graph":[{"@type":"Article","@id":"https:\/\/ekoenergetyka.com\/pl\/magazynowanie-energii-dla-lepszego-jutra\/#article","isPartOf":{"@id":"https:\/\/ekoenergetyka.com\/pl\/magazynowanie-energii-dla-lepszego-jutra\/"},"author":{"name":"Paulina Sosnowska-Bak","@id":"https:\/\/ekoenergetyka.com\/pl\/#\/schema\/person\/fdf26ee1150332fd844d78f596860bf0"},"headline":"Magazynowanie energii dla lepszego jutra","datePublished":"2023-08-01T12:23:15+00:00","dateModified":"2024-08-20T10:09:59+00:00","mainEntityOfPage":{"@id":"https:\/\/ekoenergetyka.com\/pl\/magazynowanie-energii-dla-lepszego-jutra\/"},"wordCount":326,"publisher":{"@id":"https:\/\/ekoenergetyka.com\/pl\/#organization"},"image":{"@id":"https:\/\/ekoenergetyka.com\/pl\/magazynowanie-energii-dla-lepszego-jutra\/#primaryimage"},"thumbnailUrl":"https:\/\/ekoenergetyka.com\/wp-content\/uploads\/2023\/08\/dsc-0285-1.jpg","articleSection":["Brak kategorii"],"inLanguage":"pl-PL"},{"@type":"WebPage","@id":"https:\/\/ekoenergetyka.com\/pl\/magazynowanie-energii-dla-lepszego-jutra\/","url":"https:\/\/ekoenergetyka.com\/pl\/magazynowanie-energii-dla-lepszego-jutra\/","name":"Magazynowanie energii dla lepszego jutra | Ekoenergetyka","isPartOf":{"@id":"https:\/\/ekoenergetyka.com\/pl\/#website"},"primaryImageOfPage":{"@id":"https:\/\/ekoenergetyka.com\/pl\/magazynowanie-energii-dla-lepszego-jutra\/#primaryimage"},"image":{"@id":"https:\/\/ekoenergetyka.com\/pl\/magazynowanie-energii-dla-lepszego-jutra\/#primaryimage"},"thumbnailUrl":"https:\/\/ekoenergetyka.com\/wp-content\/uploads\/2023\/08\/dsc-0285-1.jpg","datePublished":"2023-08-01T12:23:15+00:00","dateModified":"2024-08-20T10:09:59+00:00","description":"Tegoroczna edycja Europejskiego Forum Gospodarczego w \u0141odzi by\u0142a pe\u0142na dyskusji, wymiany wiedzy i inspiracji, dotycz\u0105cych najwa\u017cniejszych temat\u00f3w zwi\u0105zanych z gospodark\u0105, w tym tak\u017ce z magazynowaniem energii...","breadcrumb":{"@id":"https:\/\/ekoenergetyka.com\/pl\/magazynowanie-energii-dla-lepszego-jutra\/#breadcrumb"},"inLanguage":"pl-PL","potentialAction":[{"@type":"ReadAction","target":["https:\/\/ekoenergetyka.com\/pl\/magazynowanie-energii-dla-lepszego-jutra\/"]}]},{"@type":"ImageObject","inLanguage":"pl-PL","@id":"https:\/\/ekoenergetyka.com\/pl\/magazynowanie-energii-dla-lepszego-jutra\/#primaryimage","url":"https:\/\/ekoenergetyka.com\/wp-content\/uploads\/2023\/08\/dsc-0285-1.jpg","contentUrl":"https:\/\/ekoenergetyka.com\/wp-content\/uploads\/2023\/08\/dsc-0285-1.jpg","width":4288,"height":2848},{"@type":"BreadcrumbList","@id":"https:\/\/ekoenergetyka.com\/pl\/magazynowanie-energii-dla-lepszego-jutra\/#breadcrumb","itemListElement":[{"@type":"ListItem","position":1,"name":"Strona G\u0142\u00f3wna","item":"https:\/\/ekoenergetyka.com\/pl\/"},{"@type":"ListItem","position":2,"name":"Magazynowanie energii dla lepszego jutra"}]},{"@type":"WebSite","@id":"https:\/\/ekoenergetyka.com\/pl\/#website","url":"https:\/\/ekoenergetyka.com\/pl\/","name":"Ekoenergetyka","description":"","publisher":{"@id":"https:\/\/ekoenergetyka.com\/pl\/#organization"},"potentialAction":[{"@type":"SearchAction","target":{"@type":"EntryPoint","urlTemplate":"https:\/\/ekoenergetyka.com\/pl\/?s={search_term_string}"},"query-input":{"@type":"PropertyValueSpecification","valueRequired":true,"valueName":"search_term_string"}}],"inLanguage":"pl-PL"},{"@type":"Organization","@id":"https:\/\/ekoenergetyka.com\/pl\/#organization","name":"Ekoenergetyka - Polska S.A.","url":"https:\/\/ekoenergetyka.com\/pl\/","logo":{"@type":"ImageObject","inLanguage":"pl-PL","@id":"https:\/\/ekoenergetyka.com\/pl\/#\/schema\/logo\/image\/","url":"https:\/\/ekoenergetyka.com\/wp-content\/uploads\/2024\/11\/cropped-sygnet-bez-tla-black-1-2.png","contentUrl":"https:\/\/ekoenergetyka.com\/wp-content\/uploads\/2024\/11\/cropped-sygnet-bez-tla-black-1-2.png","width":512,"height":512,"caption":"Ekoenergetyka - Polska S.A."},"image":{"@id":"https:\/\/ekoenergetyka.com\/pl\/#\/schema\/logo\/image\/"},"sameAs":["https:\/\/www.facebook.com\/ekoenergetykaPolska\/","https:\/\/www.linkedin.com\/company\/ekoenergetyka","https:\/\/www.youtube.com\/channel\/UCfZM_rPDdrv6D0JB-uhWi8Q\/videos"],"description":"Established in 2009 Poland with a sole purpose of providing charging solutions, we are one of the pioneers in the e-mobility industry. In a decade, Ekoenergetyka has grown from 2 to more than 400 employees (currently around 1,000) and has acquired customers throughout Europe and are now a Central and Eastern European leader in charging technologies.","email":"contact@ekoenergetyka.com.pl","telephone":"+ 48 68 328 20 68","numberOfEmployees":{"@type":"QuantitativeValue","minValue":"501","maxValue":"1000"}},{"@type":"Person","@id":"https:\/\/ekoenergetyka.com\/pl\/#\/schema\/person\/fdf26ee1150332fd844d78f596860bf0","name":"Paulina Sosnowska-Bak","image":{"@type":"ImageObject","inLanguage":"pl-PL","@id":"https:\/\/secure.gravatar.com\/avatar\/e44a9e9000885ddc563b607a6ad14ef376dbc4fd8d71a3688c68bb5b6858ba8e?s=96&d=mm&r=g","url":"https:\/\/secure.gravatar.com\/avatar\/e44a9e9000885ddc563b607a6ad14ef376dbc4fd8d71a3688c68bb5b6858ba8e?s=96&d=mm&r=g","contentUrl":"https:\/\/secure.gravatar.com\/avatar\/e44a9e9000885ddc563b607a6ad14ef376dbc4fd8d71a3688c68bb5b6858ba8e?s=96&d=mm&r=g","caption":"Paulina Sosnowska-Bak"},"url":"https:\/\/ekoenergetyka.com"}]}},"_links":{"self":[{"href":"https:\/\/ekoenergetyka.com\/pl\/wp-json\/wp\/v2\/posts\/28226","targetHints":{"allow":["GET"]}}],"collection":[{"href":"https:\/\/ekoenergetyka.com\/pl\/wp-json\/wp\/v2\/posts"}],"about":[{"href":"https:\/\/ekoenergetyka.com\/pl\/wp-json\/wp\/v2\/types\/post"}],"author":[{"embeddable":true,"href":"https:\/\/ekoenergetyka.com\/pl\/wp-json\/wp\/v2\/users\/357"}],"replies":[{"embeddable":true,"href":"https:\/\/ekoenergetyka.com\/pl\/wp-json\/wp\/v2\/comments?post=28226"}],"version-history":[{"count":2,"href":"https:\/\/ekoenergetyka.com\/pl\/wp-json\/wp\/v2\/posts\/28226\/revisions"}],"predecessor-version":[{"id":37792,"href":"https:\/\/ekoenergetyka.com\/pl\/wp-json\/wp\/v2\/posts\/28226\/revisions\/37792"}],"wp:featuredmedia":[{"embeddable":true,"href":"https:\/\/ekoenergetyka.com\/pl\/wp-json\/wp\/v2\/media\/28250"}],"wp:attachment":[{"href":"https:\/\/ekoenergetyka.com\/pl\/wp-json\/wp\/v2\/media?parent=28226"}],"wp:term":[{"taxonomy":"category","embeddable":true,"href":"https:\/\/ekoenergetyka.com\/pl\/wp-json\/wp\/v2\/categories?post=28226"},{"taxonomy":"post_tag","embeddable":true,"href":"https:\/\/ekoenergetyka.com\/pl\/wp-json\/wp\/v2\/tags?post=28226"}],"curies":[{"name":"wp","href":"https:\/\/api.w.org\/{rel}","templated":true}]}}