{"id":25735,"date":"2023-04-26T08:38:53","date_gmt":"2023-04-26T06:38:53","guid":{"rendered":"https:\/\/ekoenergetyka.com\/?p=25735"},"modified":"2024-06-25T12:31:38","modified_gmt":"2024-06-25T10:31:38","slug":"ekoenergetyka-na-kongresie-gospodarczym-w-katowicach","status":"publish","type":"post","link":"https:\/\/ekoenergetyka.com\/pl\/ekoenergetyka-na-kongresie-gospodarczym-w-katowicach\/","title":{"rendered":"Ekoenergetyka na Kongresie Gospodarczym w Katowicach"},"content":{"rendered":"\n<p><strong>Stolica G\u00f3rnego \u015al\u0105ska na trzy dni sta\u0142a si\u0119 miejscem spotka\u0144 przedstawicieli \u015bwiata biznesu, polityki oraz ekspert\u00f3w i ekonomist\u00f3w. Nie mog\u0142o zabrakn\u0105\u0107 g\u0142osu Ekoenergetyki, europejskiego lidera specjalizuj\u0105cego si\u0119 w projektowaniu i produkcji ultraszybkich i szybkich stacji \u0142adownia, kt\u00f3ry elektryfikuje stolice w ca\u0142ej Europie.<\/strong><\/p>\n\n\n\n<p>To ju\u017c XV edycja Europejskiego Kongresu Gospodarczego, kt\u00f3ra zgromadzi kilkana\u015bcie tysi\u0119cy s\u0142uchaczy z ca\u0142ego \u015bwiata. Uczestnicy Kongresu dyskutuj\u0105 w tym roku o konkurencyjno\u015bci i odporno\u015bci europejskiej gospodarki oraz transformacji sektora energii, w kt\u00f3rej kwestia uniezale\u017cnienia si\u0119 od importu paliw i surowc\u00f3w nabra\u0142a w ostatnim czasie wielkiej wagi.<\/p>\n\n\n\n<p><strong>Bartosz Kubik<\/strong> \u2013 Prezes i wsp\u00f3\u0142za\u0142o\u017cyciel technologicznej sp\u00f3\u0142ki \u2013 wzi\u0105\u0142 udzia\u0142 w panelu \u201eEKO-Innowacyjno\u015b\u0107\u201d, wsp\u00f3\u0142organizowanym przez Bank Millennium. Dyskutowa\u0142 z:&nbsp;<\/p>\n\n\n\n<p><strong>J\u00f3zefem Mokrzyckim<\/strong>, za\u0142o\u017cycielem Mo-BRUK SA,<\/p>\n\n\n\n<p><strong>Grzegorzem Maliszewskim<\/strong>, G\u0142\u00f3wnym analitykiem Bank Millennium,<\/p>\n\n\n\n<p><strong>Edyt\u0105 Demby-Siwek<\/strong>, Prezesem Urz\u0119du Patentowego RP,<\/p>\n\n\n\n<p><strong>Joann\u0105 Kulczyck\u0105<\/strong>, Kierownik Zak\u0142adu Gospodarki o Obiegu Zamkni\u0119tym, Instytut Gospodarki Surowcami Mineralnymi i Energi\u0105 PAN.<\/p>\n\n\n\n<p>Czy bycie ekoinnowacyjnym mo\u017ce by\u0107 \u017ar\u00f3d\u0142em przewagi konkurencyjnej? Czy mo\u017cna budowa\u0107 na tym konkurencj\u0119 i czy konkurencyjno\u015b\u0107 gospodarki? Paneli\u015bci zgodnie orzekli, \u017ce jest to dobry kierunek. Natomiast du\u017co trudniej buduje si\u0119 konkurencyjno\u015b\u0107 w momencie, gdy nie mamy dojrza\u0142ego rodzimego rynku i musimy koncentrowa\u0107 si\u0119 na dzia\u0142aniach eksportowych.<\/p>\n\n\n\n<p>Ekoenergetyka generuje blisko 90% przychodu z eksportu,&nbsp; a zaledwie 7% z wewn\u0119trznego rynku. To dobitnie pokazuje, ile zasob\u00f3w musimy w\u0142o\u017cy\u0107, by pozosta\u0107 konkurencyjni na rynku.<\/p>\n\n\n\n<p>\u201eJeste\u015bmy obecni niemal we wszystkich stolicach europejskich i wdra\u017camy nasz\u0105 infrastruktur\u0119 \u0142adowania. W samym Pary\u017cu\u00a0 jest ju\u017c blisko 1000 naszych stacji \u0142adowania. \u2013 podkre\u015bla\u0142 Bartosz Kubik.\" Kolejnym ciekawym przyk\u0142adem jest nasze unikatowe rozwi\u0105zanie w zajezdni autobusowej w Monachium, gdzie zaimplementowali\u015bmy ekologiczne rozwi\u0105zanie oparte na naszej technologii. Wykorzystujemy wygenerowane ciep\u0142o odpadowe ze stacji \u0142adowania do ogrzewania centralnego ogrzewania budynku biurowego i zajezdni. Infrastruktura \u0142adowania staje si\u0119 niejako tkank\u0105 wi\u0119kszego ekosystemu i poprawia w znacznym stopniu rachunek ekonomiczny ca\u0142ej inwestycji.<\/p>\n\n\n\n<p>Europejski Kongres Gospodarczy to doskona\u0142a okazja do przedstawienia innowacyjnych rozwi\u0105za\u0144, kt\u00f3re wp\u0142yn\u0105 na przysz\u0142o\u015b\u0107 europejskiej gospodarki. Ekoenergetyka udowodni\u0142a, \u017ce dzia\u0142a aktywnie na rzecz transformacji sektora energetycznego, oferuj\u0105c rozwi\u0105zania, kt\u00f3re \u0142\u0105cz\u0105 efektywno\u015b\u0107 z dba\u0142o\u015bci\u0105 o \u015brodowisko naturalne.<\/p>\n\n\n\n<p>Zobacz transmisj\u0119 z panelu:<\/p>\n\n\n\n<p><strong><a href=\"https:\/\/www.eecpoland.eu\/2023\/pl\/panel\/5901.html#retransmisja\" target=\"_blank\" rel=\"noreferrer noopener\">tutaj -&gt;<\/a><\/strong><\/p>\n\n\n\n<section class=\"title-with-border \">\n        <h2>Galeria<\/h2>\n    <\/section>\n\n\n<figure class=\"wp-block-gallery has-nested-images columns-default is-cropped wp-block-gallery-1 is-layout-flex wp-block-gallery-is-layout-flex\">\n<figure class=\"wp-block-image size-large\"><a href=\"https:\/\/ekoenergetyka.com\/wp-content\/uploads\/2023\/04\/batch-dsc03058.jpg\"><img loading=\"lazy\" decoding=\"async\" width=\"1024\" height=\"682\" data-id=\"25743\" src=\"https:\/\/ekoenergetyka.com\/wp-content\/uploads\/2023\/04\/batch-dsc03058-1024x682.jpg\" alt=\"\" class=\"wp-image-25743\" srcset=\"https:\/\/ekoenergetyka.com\/wp-content\/uploads\/2023\/04\/batch-dsc03058-1024x682.jpg 1024w, https:\/\/ekoenergetyka.com\/wp-content\/uploads\/2023\/04\/batch-dsc03058-300x200.jpg 300w, https:\/\/ekoenergetyka.com\/wp-content\/uploads\/2023\/04\/batch-dsc03058-768x511.jpg 768w, https:\/\/ekoenergetyka.com\/wp-content\/uploads\/2023\/04\/batch-dsc03058.jpg 1200w\" sizes=\"auto, (max-width: 1024px) 100vw, 1024px\" \/><\/a><\/figure>\n\n\n\n<figure class=\"wp-block-image size-large\"><a href=\"https:\/\/ekoenergetyka.com\/wp-content\/uploads\/2023\/04\/batch-dsc02961.jpg\"><img loading=\"lazy\" decoding=\"async\" width=\"1024\" height=\"683\" data-id=\"25747\" src=\"https:\/\/ekoenergetyka.com\/wp-content\/uploads\/2023\/04\/batch-dsc02961-1024x683.jpg\" alt=\"\" class=\"wp-image-25747\" srcset=\"https:\/\/ekoenergetyka.com\/wp-content\/uploads\/2023\/04\/batch-dsc02961-1024x683.jpg 1024w, https:\/\/ekoenergetyka.com\/wp-content\/uploads\/2023\/04\/batch-dsc02961-300x200.jpg 300w, https:\/\/ekoenergetyka.com\/wp-content\/uploads\/2023\/04\/batch-dsc02961-768x512.jpg 768w, https:\/\/ekoenergetyka.com\/wp-content\/uploads\/2023\/04\/batch-dsc02961.jpg 1200w\" sizes=\"auto, (max-width: 1024px) 100vw, 1024px\" \/><\/a><\/figure>\n\n\n\n<figure class=\"wp-block-image size-large\"><a href=\"https:\/\/ekoenergetyka.com\/wp-content\/uploads\/2023\/04\/batch-dsc02973.jpg\"><img loading=\"lazy\" decoding=\"async\" width=\"1024\" height=\"683\" data-id=\"25741\" src=\"https:\/\/ekoenergetyka.com\/wp-content\/uploads\/2023\/04\/batch-dsc02973-1024x683.jpg\" alt=\"\" class=\"wp-image-25741\" srcset=\"https:\/\/ekoenergetyka.com\/wp-content\/uploads\/2023\/04\/batch-dsc02973-1024x683.jpg 1024w, https:\/\/ekoenergetyka.com\/wp-content\/uploads\/2023\/04\/batch-dsc02973-300x200.jpg 300w, https:\/\/ekoenergetyka.com\/wp-content\/uploads\/2023\/04\/batch-dsc02973-768x512.jpg 768w, https:\/\/ekoenergetyka.com\/wp-content\/uploads\/2023\/04\/batch-dsc02973.jpg 1200w\" sizes=\"auto, (max-width: 1024px) 100vw, 1024px\" \/><\/a><\/figure>\n\n\n\n<figure class=\"wp-block-image size-large\"><a href=\"https:\/\/ekoenergetyka.com\/wp-content\/uploads\/2023\/04\/batch-dsc03009.jpg\"><img loading=\"lazy\" decoding=\"async\" width=\"1024\" height=\"683\" data-id=\"25749\" src=\"https:\/\/ekoenergetyka.com\/wp-content\/uploads\/2023\/04\/batch-dsc03009-1024x683.jpg\" alt=\"\" class=\"wp-image-25749\" srcset=\"https:\/\/ekoenergetyka.com\/wp-content\/uploads\/2023\/04\/batch-dsc03009-1024x683.jpg 1024w, https:\/\/ekoenergetyka.com\/wp-content\/uploads\/2023\/04\/batch-dsc03009-300x200.jpg 300w, https:\/\/ekoenergetyka.com\/wp-content\/uploads\/2023\/04\/batch-dsc03009-768x512.jpg 768w, https:\/\/ekoenergetyka.com\/wp-content\/uploads\/2023\/04\/batch-dsc03009.jpg 1200w\" sizes=\"auto, (max-width: 1024px) 100vw, 1024px\" \/><\/a><\/figure>\n\n\n\n<figure class=\"wp-block-image size-large\"><a href=\"https:\/\/ekoenergetyka.com\/wp-content\/uploads\/2023\/04\/batch-dsc03023.jpg\"><img loading=\"lazy\" decoding=\"async\" width=\"1024\" height=\"683\" data-id=\"25757\" src=\"https:\/\/ekoenergetyka.com\/wp-content\/uploads\/2023\/04\/batch-dsc03023-1024x683.jpg\" alt=\"\" class=\"wp-image-25757\" srcset=\"https:\/\/ekoenergetyka.com\/wp-content\/uploads\/2023\/04\/batch-dsc03023-1024x683.jpg 1024w, https:\/\/ekoenergetyka.com\/wp-content\/uploads\/2023\/04\/batch-dsc03023-300x200.jpg 300w, https:\/\/ekoenergetyka.com\/wp-content\/uploads\/2023\/04\/batch-dsc03023-768x512.jpg 768w, https:\/\/ekoenergetyka.com\/wp-content\/uploads\/2023\/04\/batch-dsc03023.jpg 1200w\" sizes=\"auto, (max-width: 1024px) 100vw, 1024px\" \/><\/a><\/figure>\n<\/figure>\n\n\n\n<figure class=\"wp-block-gallery has-nested-images columns-default is-cropped wp-block-gallery-2 is-layout-flex wp-block-gallery-is-layout-flex\">\n<figure class=\"wp-block-image size-large\"><a href=\"https:\/\/ekoenergetyka.com\/wp-content\/uploads\/2023\/04\/batch-dsc03078.jpg\"><img loading=\"lazy\" decoding=\"async\" width=\"1024\" height=\"682\" data-id=\"25771\" src=\"https:\/\/ekoenergetyka.com\/wp-content\/uploads\/2023\/04\/batch-dsc03078-1024x682.jpg\" alt=\"\" class=\"wp-image-25771\" srcset=\"https:\/\/ekoenergetyka.com\/wp-content\/uploads\/2023\/04\/batch-dsc03078-1024x682.jpg 1024w, https:\/\/ekoenergetyka.com\/wp-content\/uploads\/2023\/04\/batch-dsc03078-300x200.jpg 300w, https:\/\/ekoenergetyka.com\/wp-content\/uploads\/2023\/04\/batch-dsc03078-768x511.jpg 768w, https:\/\/ekoenergetyka.com\/wp-content\/uploads\/2023\/04\/batch-dsc03078.jpg 1200w\" sizes=\"auto, (max-width: 1024px) 100vw, 1024px\" \/><\/a><\/figure>\n\n\n\n<figure class=\"wp-block-image size-large\"><a href=\"https:\/\/ekoenergetyka.com\/wp-content\/uploads\/2023\/04\/batch-dsc03094.jpg\"><img loading=\"lazy\" decoding=\"async\" width=\"1024\" height=\"683\" data-id=\"25766\" src=\"https:\/\/ekoenergetyka.com\/wp-content\/uploads\/2023\/04\/batch-dsc03094-1024x683.jpg\" alt=\"\" class=\"wp-image-25766\" srcset=\"https:\/\/ekoenergetyka.com\/wp-content\/uploads\/2023\/04\/batch-dsc03094-1024x683.jpg 1024w, https:\/\/ekoenergetyka.com\/wp-content\/uploads\/2023\/04\/batch-dsc03094-300x200.jpg 300w, https:\/\/ekoenergetyka.com\/wp-content\/uploads\/2023\/04\/batch-dsc03094-768x512.jpg 768w, https:\/\/ekoenergetyka.com\/wp-content\/uploads\/2023\/04\/batch-dsc03094.jpg 1200w\" sizes=\"auto, (max-width: 1024px) 100vw, 1024px\" \/><\/a><\/figure>\n\n\n\n<figure class=\"wp-block-image size-large\"><a href=\"https:\/\/ekoenergetyka.com\/wp-content\/uploads\/2023\/04\/batch-dsc03245.jpg\"><img loading=\"lazy\" decoding=\"async\" width=\"1024\" height=\"683\" data-id=\"25786\" src=\"https:\/\/ekoenergetyka.com\/wp-content\/uploads\/2023\/04\/batch-dsc03245-1024x683.jpg\" alt=\"\" class=\"wp-image-25786\" srcset=\"https:\/\/ekoenergetyka.com\/wp-content\/uploads\/2023\/04\/batch-dsc03245-1024x683.jpg 1024w, https:\/\/ekoenergetyka.com\/wp-content\/uploads\/2023\/04\/batch-dsc03245-300x200.jpg 300w, https:\/\/ekoenergetyka.com\/wp-content\/uploads\/2023\/04\/batch-dsc03245-768x512.jpg 768w, https:\/\/ekoenergetyka.com\/wp-content\/uploads\/2023\/04\/batch-dsc03245.jpg 1200w\" sizes=\"auto, (max-width: 1024px) 100vw, 1024px\" \/><\/a><\/figure>\n\n\n\n<figure class=\"wp-block-image size-large\"><a href=\"https:\/\/ekoenergetyka.com\/wp-content\/uploads\/2023\/04\/batch-dsc03142.jpg\"><img loading=\"lazy\" decoding=\"async\" width=\"1024\" height=\"682\" data-id=\"25781\" src=\"https:\/\/ekoenergetyka.com\/wp-content\/uploads\/2023\/04\/batch-dsc03142-1024x682.jpg\" alt=\"\" class=\"wp-image-25781\" srcset=\"https:\/\/ekoenergetyka.com\/wp-content\/uploads\/2023\/04\/batch-dsc03142-1024x682.jpg 1024w, https:\/\/ekoenergetyka.com\/wp-content\/uploads\/2023\/04\/batch-dsc03142-300x200.jpg 300w, https:\/\/ekoenergetyka.com\/wp-content\/uploads\/2023\/04\/batch-dsc03142-768x511.jpg 768w, https:\/\/ekoenergetyka.com\/wp-content\/uploads\/2023\/04\/batch-dsc03142.jpg 1200w\" sizes=\"auto, (max-width: 1024px) 100vw, 1024px\" \/><\/a><\/figure>\n\n\n\n<figure class=\"wp-block-image size-large\"><a href=\"https:\/\/ekoenergetyka.com\/wp-content\/uploads\/2023\/04\/batch-dsc03072.jpg\"><img loading=\"lazy\" decoding=\"async\" width=\"1024\" height=\"683\" data-id=\"25776\" src=\"https:\/\/ekoenergetyka.com\/wp-content\/uploads\/2023\/04\/batch-dsc03072-1024x683.jpg\" alt=\"\" class=\"wp-image-25776\" srcset=\"https:\/\/ekoenergetyka.com\/wp-content\/uploads\/2023\/04\/batch-dsc03072-1024x683.jpg 1024w, https:\/\/ekoenergetyka.com\/wp-content\/uploads\/2023\/04\/batch-dsc03072-300x200.jpg 300w, https:\/\/ekoenergetyka.com\/wp-content\/uploads\/2023\/04\/batch-dsc03072-768x512.jpg 768w, https:\/\/ekoenergetyka.com\/wp-content\/uploads\/2023\/04\/batch-dsc03072.jpg 1200w\" sizes=\"auto, (max-width: 1024px) 100vw, 1024px\" \/><\/a><\/figure>\n<\/figure>\n","protected":false},"excerpt":{"rendered":"<p>Stolica G\u00f3rnego \u015al\u0105ska na trzy dni sta\u0142a si\u0119 miejscem spotka\u0144 przedstawicieli \u015bwiata biznesu, polityki oraz ekspert\u00f3w i ekonomist\u00f3w. Nie mog\u0142o zabrakn\u0105\u0107 g\u0142osu Ekoenergetyki, europejskiego lidera specjalizuj\u0105cego si\u0119 w projektowaniu i produkcji ultraszybkich i szybkich stacji \u0142adownia, kt\u00f3ry elektryfikuje stolice w ca\u0142ej Europie. To ju\u017c XV edycja Europejskiego Kongresu Gospodarczego, kt\u00f3ra zgromadzi kilkana\u015bcie tysi\u0119cy s\u0142uchaczy z [&hellip;]<\/p>\n","protected":false},"author":1,"featured_media":25736,"comment_status":"closed","ping_status":"closed","sticky":false,"template":"","format":"standard","meta":{"_acf_changed":false,"footnotes":""},"categories":[1],"tags":[],"class_list":["post-25735","post","type-post","status-publish","format-standard","has-post-thumbnail","hentry","category-bez-kategorii"],"acf":[],"yoast_head":"<!-- This site is optimized with the Yoast SEO Premium plugin v27.3 (Yoast SEO v27.4) - https:\/\/yoast.com\/product\/yoast-seo-premium-wordpress\/ -->\n<title>Ekoenergetyka na Kongresie Gospodarczym w Katowicach | Ekoenergetyka<\/title>\n<meta name=\"description\" content=\"Stolica G\u00f3rnego \u015al\u0105ska na trzy dni sta\u0142a si\u0119 miejscem spotka\u0144 przedstawicieli \u015bwiata biznesu, polityki oraz ekspert\u00f3w i ekonomist\u00f3w. Nie mog\u0142o zabrakn\u0105\u0107 g\u0142osu Ekoenergetyki, europejskiego lidera w dziedzinie ultraszybkich stacji \u0142adownia.\" \/>\n<meta name=\"robots\" content=\"index, follow, max-snippet:-1, max-image-preview:large, max-video-preview:-1\" \/>\n<link rel=\"canonical\" href=\"https:\/\/ekoenergetyka.com\/pl\/ekoenergetyka-na-kongresie-gospodarczym-w-katowicach\/\" \/>\n<meta property=\"og:locale\" content=\"pl_PL\" \/>\n<meta property=\"og:type\" content=\"article\" \/>\n<meta property=\"og:title\" content=\"Ekoenergetyka na Kongresie Gospodarczym w Katowicach\" \/>\n<meta property=\"og:description\" content=\"Stolica G\u00f3rnego \u015al\u0105ska na trzy dni sta\u0142a si\u0119 miejscem spotka\u0144 przedstawicieli \u015bwiata biznesu, polityki oraz ekspert\u00f3w i ekonomist\u00f3w. Nie mog\u0142o zabrakn\u0105\u0107 g\u0142osu Ekoenergetyki, europejskiego lidera w dziedzinie ultraszybkich stacji \u0142adownia.\" \/>\n<meta property=\"og:url\" content=\"https:\/\/ekoenergetyka.com\/pl\/ekoenergetyka-na-kongresie-gospodarczym-w-katowicach\/\" \/>\n<meta property=\"og:site_name\" content=\"Ekoenergetyka\" \/>\n<meta property=\"article:publisher\" content=\"https:\/\/www.facebook.com\/ekoenergetykaPolska\/\" \/>\n<meta property=\"article:published_time\" content=\"2023-04-26T06:38:53+00:00\" \/>\n<meta property=\"article:modified_time\" content=\"2024-06-25T10:31:38+00:00\" \/>\n<meta property=\"og:image\" content=\"https:\/\/ekoenergetyka.com\/wp-content\/uploads\/2023\/04\/batch-dsc03150.jpg\" \/>\n\t<meta property=\"og:image:width\" content=\"1200\" \/>\n\t<meta property=\"og:image:height\" content=\"800\" \/>\n\t<meta property=\"og:image:type\" content=\"image\/jpeg\" \/>\n<meta name=\"author\" content=\"Adrian Chudy\" \/>\n<meta name=\"twitter:card\" content=\"summary_large_image\" \/>\n<meta name=\"twitter:label1\" content=\"Napisane przez\" \/>\n\t<meta name=\"twitter:data1\" content=\"Adrian Chudy\" \/>\n\t<meta name=\"twitter:label2\" content=\"Szacowany czas czytania\" \/>\n\t<meta name=\"twitter:data2\" content=\"4 minuty\" \/>\n<script type=\"application\/ld+json\" class=\"yoast-schema-graph\">{\"@context\":\"https:\\\/\\\/schema.org\",\"@graph\":[{\"@type\":\"Article\",\"@id\":\"https:\\\/\\\/ekoenergetyka.com\\\/pl\\\/ekoenergetyka-na-kongresie-gospodarczym-w-katowicach\\\/#article\",\"isPartOf\":{\"@id\":\"https:\\\/\\\/ekoenergetyka.com\\\/pl\\\/ekoenergetyka-na-kongresie-gospodarczym-w-katowicach\\\/\"},\"author\":{\"name\":\"Adrian Chudy\",\"@id\":\"https:\\\/\\\/ekoenergetyka.com\\\/pl\\\/#\\\/schema\\\/person\\\/d56187da375c74d477554ae02f607c55\"},\"headline\":\"Ekoenergetyka na Kongresie Gospodarczym w Katowicach\",\"datePublished\":\"2023-04-26T06:38:53+00:00\",\"dateModified\":\"2024-06-25T10:31:38+00:00\",\"mainEntityOfPage\":{\"@id\":\"https:\\\/\\\/ekoenergetyka.com\\\/pl\\\/ekoenergetyka-na-kongresie-gospodarczym-w-katowicach\\\/\"},\"wordCount\":404,\"publisher\":{\"@id\":\"https:\\\/\\\/ekoenergetyka.com\\\/pl\\\/#organization\"},\"image\":{\"@id\":\"https:\\\/\\\/ekoenergetyka.com\\\/pl\\\/ekoenergetyka-na-kongresie-gospodarczym-w-katowicach\\\/#primaryimage\"},\"thumbnailUrl\":\"https:\\\/\\\/ekoenergetyka.com\\\/wp-content\\\/uploads\\\/2023\\\/04\\\/batch-dsc03150.jpg\",\"articleSection\":[\"Brak kategorii\"],\"inLanguage\":\"pl-PL\"},{\"@type\":\"WebPage\",\"@id\":\"https:\\\/\\\/ekoenergetyka.com\\\/pl\\\/ekoenergetyka-na-kongresie-gospodarczym-w-katowicach\\\/\",\"url\":\"https:\\\/\\\/ekoenergetyka.com\\\/pl\\\/ekoenergetyka-na-kongresie-gospodarczym-w-katowicach\\\/\",\"name\":\"Ekoenergetyka na Kongresie Gospodarczym w Katowicach | Ekoenergetyka\",\"isPartOf\":{\"@id\":\"https:\\\/\\\/ekoenergetyka.com\\\/pl\\\/#website\"},\"primaryImageOfPage\":{\"@id\":\"https:\\\/\\\/ekoenergetyka.com\\\/pl\\\/ekoenergetyka-na-kongresie-gospodarczym-w-katowicach\\\/#primaryimage\"},\"image\":{\"@id\":\"https:\\\/\\\/ekoenergetyka.com\\\/pl\\\/ekoenergetyka-na-kongresie-gospodarczym-w-katowicach\\\/#primaryimage\"},\"thumbnailUrl\":\"https:\\\/\\\/ekoenergetyka.com\\\/wp-content\\\/uploads\\\/2023\\\/04\\\/batch-dsc03150.jpg\",\"datePublished\":\"2023-04-26T06:38:53+00:00\",\"dateModified\":\"2024-06-25T10:31:38+00:00\",\"description\":\"Stolica G\u00f3rnego \u015al\u0105ska na trzy dni sta\u0142a si\u0119 miejscem spotka\u0144 przedstawicieli \u015bwiata biznesu, polityki oraz ekspert\u00f3w i ekonomist\u00f3w. Nie mog\u0142o zabrakn\u0105\u0107 g\u0142osu Ekoenergetyki, europejskiego lidera w dziedzinie ultraszybkich stacji \u0142adownia.\",\"breadcrumb\":{\"@id\":\"https:\\\/\\\/ekoenergetyka.com\\\/pl\\\/ekoenergetyka-na-kongresie-gospodarczym-w-katowicach\\\/#breadcrumb\"},\"inLanguage\":\"pl-PL\",\"potentialAction\":[{\"@type\":\"ReadAction\",\"target\":[\"https:\\\/\\\/ekoenergetyka.com\\\/pl\\\/ekoenergetyka-na-kongresie-gospodarczym-w-katowicach\\\/\"]}]},{\"@type\":\"ImageObject\",\"inLanguage\":\"pl-PL\",\"@id\":\"https:\\\/\\\/ekoenergetyka.com\\\/pl\\\/ekoenergetyka-na-kongresie-gospodarczym-w-katowicach\\\/#primaryimage\",\"url\":\"https:\\\/\\\/ekoenergetyka.com\\\/wp-content\\\/uploads\\\/2023\\\/04\\\/batch-dsc03150.jpg\",\"contentUrl\":\"https:\\\/\\\/ekoenergetyka.com\\\/wp-content\\\/uploads\\\/2023\\\/04\\\/batch-dsc03150.jpg\",\"width\":1200,\"height\":800},{\"@type\":\"BreadcrumbList\",\"@id\":\"https:\\\/\\\/ekoenergetyka.com\\\/pl\\\/ekoenergetyka-na-kongresie-gospodarczym-w-katowicach\\\/#breadcrumb\",\"itemListElement\":[{\"@type\":\"ListItem\",\"position\":1,\"name\":\"Strona G\u0142\u00f3wna\",\"item\":\"https:\\\/\\\/ekoenergetyka.com\\\/pl\\\/\"},{\"@type\":\"ListItem\",\"position\":2,\"name\":\"Ekoenergetyka na Kongresie Gospodarczym w Katowicach\"}]},{\"@type\":\"WebSite\",\"@id\":\"https:\\\/\\\/ekoenergetyka.com\\\/pl\\\/#website\",\"url\":\"https:\\\/\\\/ekoenergetyka.com\\\/pl\\\/\",\"name\":\"Ekoenergetyka\",\"description\":\"\",\"publisher\":{\"@id\":\"https:\\\/\\\/ekoenergetyka.com\\\/pl\\\/#organization\"},\"potentialAction\":[{\"@type\":\"SearchAction\",\"target\":{\"@type\":\"EntryPoint\",\"urlTemplate\":\"https:\\\/\\\/ekoenergetyka.com\\\/pl\\\/?s={search_term_string}\"},\"query-input\":{\"@type\":\"PropertyValueSpecification\",\"valueRequired\":true,\"valueName\":\"search_term_string\"}}],\"inLanguage\":\"pl-PL\"},{\"@type\":\"Organization\",\"@id\":\"https:\\\/\\\/ekoenergetyka.com\\\/pl\\\/#organization\",\"name\":\"Ekoenergetyka - Polska S.A.\",\"url\":\"https:\\\/\\\/ekoenergetyka.com\\\/pl\\\/\",\"logo\":{\"@type\":\"ImageObject\",\"inLanguage\":\"pl-PL\",\"@id\":\"https:\\\/\\\/ekoenergetyka.com\\\/pl\\\/#\\\/schema\\\/logo\\\/image\\\/\",\"url\":\"https:\\\/\\\/ekoenergetyka.com\\\/wp-content\\\/uploads\\\/2024\\\/11\\\/cropped-sygnet-bez-tla-black-1-2.png\",\"contentUrl\":\"https:\\\/\\\/ekoenergetyka.com\\\/wp-content\\\/uploads\\\/2024\\\/11\\\/cropped-sygnet-bez-tla-black-1-2.png\",\"width\":512,\"height\":512,\"caption\":\"Ekoenergetyka - Polska S.A.\"},\"image\":{\"@id\":\"https:\\\/\\\/ekoenergetyka.com\\\/pl\\\/#\\\/schema\\\/logo\\\/image\\\/\"},\"sameAs\":[\"https:\\\/\\\/www.facebook.com\\\/ekoenergetykaPolska\\\/\",\"https:\\\/\\\/www.linkedin.com\\\/company\\\/ekoenergetyka\",\"https:\\\/\\\/www.youtube.com\\\/channel\\\/UCfZM_rPDdrv6D0JB-uhWi8Q\\\/videos\"],\"description\":\"Established in 2009 Poland with a sole purpose of providing charging solutions, we are one of the pioneers in the e-mobility industry. In a decade, Ekoenergetyka has grown from 2 to more than 400 employees (currently around 1,000) and has acquired customers throughout Europe and are now a Central and Eastern European leader in charging technologies.\",\"email\":\"contact@ekoenergetyka.com.pl\",\"telephone\":\"+ 48 68 328 20 68\",\"numberOfEmployees\":{\"@type\":\"QuantitativeValue\",\"minValue\":\"501\",\"maxValue\":\"1000\"}},{\"@type\":\"Person\",\"@id\":\"https:\\\/\\\/ekoenergetyka.com\\\/pl\\\/#\\\/schema\\\/person\\\/d56187da375c74d477554ae02f607c55\",\"name\":\"Adrian Chudy\",\"image\":{\"@type\":\"ImageObject\",\"inLanguage\":\"pl-PL\",\"@id\":\"https:\\\/\\\/secure.gravatar.com\\\/avatar\\\/5878518dceef52e59f0380b2a104b66a181ccc327114716ca69ff8e2296fea83?s=96&d=mm&r=g\",\"url\":\"https:\\\/\\\/secure.gravatar.com\\\/avatar\\\/5878518dceef52e59f0380b2a104b66a181ccc327114716ca69ff8e2296fea83?s=96&d=mm&r=g\",\"contentUrl\":\"https:\\\/\\\/secure.gravatar.com\\\/avatar\\\/5878518dceef52e59f0380b2a104b66a181ccc327114716ca69ff8e2296fea83?s=96&d=mm&r=g\",\"caption\":\"Adrian Chudy\"},\"sameAs\":[\"https:\\\/\\\/ekoenergetyka.com.pl\"],\"url\":\"https:\\\/\\\/ekoenergetyka.com\"}]}<\/script>\n<!-- \/ Yoast SEO Premium plugin. -->","yoast_head_json":{"title":"Ekoenergetyka na Kongresie Gospodarczym w Katowicach | Ekoenergetyka","description":"Stolica G\u00f3rnego \u015al\u0105ska na trzy dni sta\u0142a si\u0119 miejscem spotka\u0144 przedstawicieli \u015bwiata biznesu, polityki oraz ekspert\u00f3w i ekonomist\u00f3w. Nie mog\u0142o zabrakn\u0105\u0107 g\u0142osu Ekoenergetyki, europejskiego lidera w dziedzinie ultraszybkich stacji \u0142adownia.","robots":{"index":"index","follow":"follow","max-snippet":"max-snippet:-1","max-image-preview":"max-image-preview:large","max-video-preview":"max-video-preview:-1"},"canonical":"https:\/\/ekoenergetyka.com\/pl\/ekoenergetyka-na-kongresie-gospodarczym-w-katowicach\/","og_locale":"pl_PL","og_type":"article","og_title":"Ekoenergetyka na Kongresie Gospodarczym w Katowicach","og_description":"Stolica G\u00f3rnego \u015al\u0105ska na trzy dni sta\u0142a si\u0119 miejscem spotka\u0144 przedstawicieli \u015bwiata biznesu, polityki oraz ekspert\u00f3w i ekonomist\u00f3w. Nie mog\u0142o zabrakn\u0105\u0107 g\u0142osu Ekoenergetyki, europejskiego lidera w dziedzinie ultraszybkich stacji \u0142adownia.","og_url":"https:\/\/ekoenergetyka.com\/pl\/ekoenergetyka-na-kongresie-gospodarczym-w-katowicach\/","og_site_name":"Ekoenergetyka","article_publisher":"https:\/\/www.facebook.com\/ekoenergetykaPolska\/","article_published_time":"2023-04-26T06:38:53+00:00","article_modified_time":"2024-06-25T10:31:38+00:00","og_image":[{"width":1200,"height":800,"url":"https:\/\/ekoenergetyka.com\/wp-content\/uploads\/2023\/04\/batch-dsc03150.jpg","type":"image\/jpeg"}],"author":"Adrian Chudy","twitter_card":"summary_large_image","twitter_misc":{"Napisane przez":"Adrian Chudy","Szacowany czas czytania":"4 minuty"},"schema":{"@context":"https:\/\/schema.org","@graph":[{"@type":"Article","@id":"https:\/\/ekoenergetyka.com\/pl\/ekoenergetyka-na-kongresie-gospodarczym-w-katowicach\/#article","isPartOf":{"@id":"https:\/\/ekoenergetyka.com\/pl\/ekoenergetyka-na-kongresie-gospodarczym-w-katowicach\/"},"author":{"name":"Adrian Chudy","@id":"https:\/\/ekoenergetyka.com\/pl\/#\/schema\/person\/d56187da375c74d477554ae02f607c55"},"headline":"Ekoenergetyka na Kongresie Gospodarczym w Katowicach","datePublished":"2023-04-26T06:38:53+00:00","dateModified":"2024-06-25T10:31:38+00:00","mainEntityOfPage":{"@id":"https:\/\/ekoenergetyka.com\/pl\/ekoenergetyka-na-kongresie-gospodarczym-w-katowicach\/"},"wordCount":404,"publisher":{"@id":"https:\/\/ekoenergetyka.com\/pl\/#organization"},"image":{"@id":"https:\/\/ekoenergetyka.com\/pl\/ekoenergetyka-na-kongresie-gospodarczym-w-katowicach\/#primaryimage"},"thumbnailUrl":"https:\/\/ekoenergetyka.com\/wp-content\/uploads\/2023\/04\/batch-dsc03150.jpg","articleSection":["Brak kategorii"],"inLanguage":"pl-PL"},{"@type":"WebPage","@id":"https:\/\/ekoenergetyka.com\/pl\/ekoenergetyka-na-kongresie-gospodarczym-w-katowicach\/","url":"https:\/\/ekoenergetyka.com\/pl\/ekoenergetyka-na-kongresie-gospodarczym-w-katowicach\/","name":"Ekoenergetyka na Kongresie Gospodarczym w Katowicach | Ekoenergetyka","isPartOf":{"@id":"https:\/\/ekoenergetyka.com\/pl\/#website"},"primaryImageOfPage":{"@id":"https:\/\/ekoenergetyka.com\/pl\/ekoenergetyka-na-kongresie-gospodarczym-w-katowicach\/#primaryimage"},"image":{"@id":"https:\/\/ekoenergetyka.com\/pl\/ekoenergetyka-na-kongresie-gospodarczym-w-katowicach\/#primaryimage"},"thumbnailUrl":"https:\/\/ekoenergetyka.com\/wp-content\/uploads\/2023\/04\/batch-dsc03150.jpg","datePublished":"2023-04-26T06:38:53+00:00","dateModified":"2024-06-25T10:31:38+00:00","description":"Stolica G\u00f3rnego \u015al\u0105ska na trzy dni sta\u0142a si\u0119 miejscem spotka\u0144 przedstawicieli \u015bwiata biznesu, polityki oraz ekspert\u00f3w i ekonomist\u00f3w. Nie mog\u0142o zabrakn\u0105\u0107 g\u0142osu Ekoenergetyki, europejskiego lidera w dziedzinie ultraszybkich stacji \u0142adownia.","breadcrumb":{"@id":"https:\/\/ekoenergetyka.com\/pl\/ekoenergetyka-na-kongresie-gospodarczym-w-katowicach\/#breadcrumb"},"inLanguage":"pl-PL","potentialAction":[{"@type":"ReadAction","target":["https:\/\/ekoenergetyka.com\/pl\/ekoenergetyka-na-kongresie-gospodarczym-w-katowicach\/"]}]},{"@type":"ImageObject","inLanguage":"pl-PL","@id":"https:\/\/ekoenergetyka.com\/pl\/ekoenergetyka-na-kongresie-gospodarczym-w-katowicach\/#primaryimage","url":"https:\/\/ekoenergetyka.com\/wp-content\/uploads\/2023\/04\/batch-dsc03150.jpg","contentUrl":"https:\/\/ekoenergetyka.com\/wp-content\/uploads\/2023\/04\/batch-dsc03150.jpg","width":1200,"height":800},{"@type":"BreadcrumbList","@id":"https:\/\/ekoenergetyka.com\/pl\/ekoenergetyka-na-kongresie-gospodarczym-w-katowicach\/#breadcrumb","itemListElement":[{"@type":"ListItem","position":1,"name":"Strona G\u0142\u00f3wna","item":"https:\/\/ekoenergetyka.com\/pl\/"},{"@type":"ListItem","position":2,"name":"Ekoenergetyka na Kongresie Gospodarczym w Katowicach"}]},{"@type":"WebSite","@id":"https:\/\/ekoenergetyka.com\/pl\/#website","url":"https:\/\/ekoenergetyka.com\/pl\/","name":"Ekoenergetyka","description":"","publisher":{"@id":"https:\/\/ekoenergetyka.com\/pl\/#organization"},"potentialAction":[{"@type":"SearchAction","target":{"@type":"EntryPoint","urlTemplate":"https:\/\/ekoenergetyka.com\/pl\/?s={search_term_string}"},"query-input":{"@type":"PropertyValueSpecification","valueRequired":true,"valueName":"search_term_string"}}],"inLanguage":"pl-PL"},{"@type":"Organization","@id":"https:\/\/ekoenergetyka.com\/pl\/#organization","name":"Ekoenergetyka - Polska S.A.","url":"https:\/\/ekoenergetyka.com\/pl\/","logo":{"@type":"ImageObject","inLanguage":"pl-PL","@id":"https:\/\/ekoenergetyka.com\/pl\/#\/schema\/logo\/image\/","url":"https:\/\/ekoenergetyka.com\/wp-content\/uploads\/2024\/11\/cropped-sygnet-bez-tla-black-1-2.png","contentUrl":"https:\/\/ekoenergetyka.com\/wp-content\/uploads\/2024\/11\/cropped-sygnet-bez-tla-black-1-2.png","width":512,"height":512,"caption":"Ekoenergetyka - Polska S.A."},"image":{"@id":"https:\/\/ekoenergetyka.com\/pl\/#\/schema\/logo\/image\/"},"sameAs":["https:\/\/www.facebook.com\/ekoenergetykaPolska\/","https:\/\/www.linkedin.com\/company\/ekoenergetyka","https:\/\/www.youtube.com\/channel\/UCfZM_rPDdrv6D0JB-uhWi8Q\/videos"],"description":"Established in 2009 Poland with a sole purpose of providing charging solutions, we are one of the pioneers in the e-mobility industry. In a decade, Ekoenergetyka has grown from 2 to more than 400 employees (currently around 1,000) and has acquired customers throughout Europe and are now a Central and Eastern European leader in charging technologies.","email":"contact@ekoenergetyka.com.pl","telephone":"+ 48 68 328 20 68","numberOfEmployees":{"@type":"QuantitativeValue","minValue":"501","maxValue":"1000"}},{"@type":"Person","@id":"https:\/\/ekoenergetyka.com\/pl\/#\/schema\/person\/d56187da375c74d477554ae02f607c55","name":"Adrian Chudy","image":{"@type":"ImageObject","inLanguage":"pl-PL","@id":"https:\/\/secure.gravatar.com\/avatar\/5878518dceef52e59f0380b2a104b66a181ccc327114716ca69ff8e2296fea83?s=96&d=mm&r=g","url":"https:\/\/secure.gravatar.com\/avatar\/5878518dceef52e59f0380b2a104b66a181ccc327114716ca69ff8e2296fea83?s=96&d=mm&r=g","contentUrl":"https:\/\/secure.gravatar.com\/avatar\/5878518dceef52e59f0380b2a104b66a181ccc327114716ca69ff8e2296fea83?s=96&d=mm&r=g","caption":"Adrian Chudy"},"sameAs":["https:\/\/ekoenergetyka.com.pl"],"url":"https:\/\/ekoenergetyka.com"}]}},"_links":{"self":[{"href":"https:\/\/ekoenergetyka.com\/pl\/wp-json\/wp\/v2\/posts\/25735","targetHints":{"allow":["GET"]}}],"collection":[{"href":"https:\/\/ekoenergetyka.com\/pl\/wp-json\/wp\/v2\/posts"}],"about":[{"href":"https:\/\/ekoenergetyka.com\/pl\/wp-json\/wp\/v2\/types\/post"}],"author":[{"embeddable":true,"href":"https:\/\/ekoenergetyka.com\/pl\/wp-json\/wp\/v2\/users\/1"}],"replies":[{"embeddable":true,"href":"https:\/\/ekoenergetyka.com\/pl\/wp-json\/wp\/v2\/comments?post=25735"}],"version-history":[{"count":1,"href":"https:\/\/ekoenergetyka.com\/pl\/wp-json\/wp\/v2\/posts\/25735\/revisions"}],"predecessor-version":[{"id":36678,"href":"https:\/\/ekoenergetyka.com\/pl\/wp-json\/wp\/v2\/posts\/25735\/revisions\/36678"}],"wp:featuredmedia":[{"embeddable":true,"href":"https:\/\/ekoenergetyka.com\/pl\/wp-json\/wp\/v2\/media\/25736"}],"wp:attachment":[{"href":"https:\/\/ekoenergetyka.com\/pl\/wp-json\/wp\/v2\/media?parent=25735"}],"wp:term":[{"taxonomy":"category","embeddable":true,"href":"https:\/\/ekoenergetyka.com\/pl\/wp-json\/wp\/v2\/categories?post=25735"},{"taxonomy":"post_tag","embeddable":true,"href":"https:\/\/ekoenergetyka.com\/pl\/wp-json\/wp\/v2\/tags?post=25735"}],"curies":[{"name":"wp","href":"https:\/\/api.w.org\/{rel}","templated":true}]}}