{"id":24023,"date":"2023-02-01T11:50:06","date_gmt":"2023-02-01T10:50:06","guid":{"rendered":"https:\/\/ekoenergetyka.com\/?p=24023"},"modified":"2023-02-01T12:07:21","modified_gmt":"2023-02-01T11:07:21","slug":"nowi-dyrektorzy-w-ekoenergetyka-rozwoj-wsparcia-technicznego-i-biznesowego","status":"publish","type":"post","link":"https:\/\/ekoenergetyka.com\/pl\/nowi-dyrektorzy-w-ekoenergetyka-rozwoj-wsparcia-technicznego-i-biznesowego\/","title":{"rendered":"Nowi Dyrektorzy w Ekoenergetyce \u2013 rozw\u00f3j wsparcia technicznego i biznesowego"},"content":{"rendered":"\n<p>Rozszerzamy dla naszych klient\u00f3w obszar wsparcia technicznego oraz biznesowego, powo\u0142uj\u0105c stanowisko Dyrektora Biura Rozwi\u0105za\u0144 Technicznych.<\/p>\n\n\n\n<p>Ekoenergetyka kontynuuje strategi\u0119 nakierowan\u0105 na zapewnienie najwy\u017cszej jako\u015bci us\u0142ug w bran\u017cy e-mobility. Celem jest dbanie o klient\u00f3w i partner\u00f3w biznesowych i dzielenie si\u0119 bogatym do\u015bwiadczeniem globalnej ekspansji i wdra\u017cania nowoczesnych rozwi\u0105za\u0144 technologicznych.<\/p>\n\n\n\n<p>W Ekoenergetyka doskonale znamy specyfik\u0119 dynamicznie zmieniaj\u0105cego si\u0119 rynku i widzimy z\u0142o\u017con\u0105 specyfik\u0119 proces\u00f3w inwestycyjnych, kt\u00f3re wymagaj\u0105 kompleksowego podej\u015bcia zar\u00f3wno od strony technicznej, budowlanej, energetycznej ale r\u00f3wnie\u017c zarz\u0105dzania projektami przy zmiennych warunkach legislacyjnych na poziomie mi\u0119dzynarodowym.&nbsp;&nbsp;<\/p>\n\n\n\n<p>Od 1 lutego Z dniem 1 lutego Wojciech Twardowski obejmuje stanowisko Dyrektora Biura Rozwi\u0105za\u0144 Technicznych, natomiast globaln\u0105 sprzeda\u017c\u0105 zajmie si\u0119 Piotr Fengler jako nowy Dyrektor Biura sprzeda\u017cy Bezpo\u015bredniej i Dystrybucji.&nbsp;<\/p>\n\n\n\n<p><strong>Wojciech Twardowski<\/strong> jest absolwentem studi\u00f3w in\u017cynierskich w zakresie energetyki. Do\u015bwiadczenie budowa\u0142 jako ekspert w dziale technicznym IKEA w Polsce, gdzie by\u0142 odpowiedzialny za bezpo\u015brednie wsparcie dzia\u0142\u00f3w technicznych ka\u017cdej fabryki oraz dzia\u0142u inwestycyjnego. W NESTLE zarz\u0105dza\u0142 procesem produkcyjnym oraz du\u017cym zespo\u0142em pracownik\u00f3w zgodnie z metodologi\u0105 TPM.<\/p>\n\n\n\n<p>Posiada bogate do\u015bwiadczenie w nadzorowaniu inwestycji w bran\u017cy elektrycznej - od spotka\u0144 z&nbsp;inwestorami, tworzenia kosztorys\u00f3w, negocjacji cenowych, kierowania pracami elektrycznymi, ko\u0144cz\u0105c na tworzeniu dokumentacji powykonawczej. W firmie Ekoenergetyka-Polska obj\u0105\u0142 stanowisko Dyrektora Biura Rozwi\u0105za\u0144 Technicznych, koncentruj\u0105c si\u0119 na wsparciu technicznym projekt\u00f3w.&nbsp;&nbsp;<\/p>\n\n\n\n<p><strong>Piotr Fengler<\/strong> do\u0142\u0105czy\u0142 do sp\u00f3\u0142ki Ekoenergetyka-Polska we wrze\u015bniu 2022 roku, wnosz\u0105c do\u015bwiadczenie w zakresie zarz\u0105dzania relacjami z klientami i strategi\u0105 sprzeda\u017cy oraz g\u0142\u0119bok\u0105 wiedz\u0119 w sektorze e-truck\u00f3w i logistyki.<\/p>\n\n\n\n<p>W nowej roli, jako szef sprzeda\u017cy i dystrybucji w Ekoenergetyka-Polska, Piotr jest odpowiedzialny za&nbsp;budowanie silnych i trwa\u0142ych partnerstw w ca\u0142ej bran\u017cy. Dzi\u0119ki wieloletniemu do\u015bwiadczeniu w&nbsp;sprzeda\u017cy i elektromobilno\u015bci oraz pasji do bran\u017cy, wraz z Ekoenergetyka-Polska stara si\u0119 pom\u00f3c Europie w osi\u0105gni\u0119ciu cel\u00f3w Net Zero.<\/p>\n\n\n\n<p>Wcze\u015bniej Piotr pracowa\u0142 w EC Engineering, gdzie by\u0142 odpowiedzialny za wprowadzenie na rynek europejski najnowocze\u015bniejszych technologii szybkiego \u0142adowania opartych na rozwi\u0105zaniach pantografowych. Od lat zwi\u0105zany jest r\u00f3wnie\u017c z bran\u017c\u0105 MICE, jako Dyrektor Zarz\u0105dzaj\u0105cy i&nbsp;wsp\u00f3\u0142w\u0142a\u015bciciel firmy \u201eincentive house\u201d, realizuj\u0105cej wydarzenia na ca\u0142ym \u015bwiecie.<\/p>\n","protected":false},"excerpt":{"rendered":"<p>Rozszerzamy dla naszych klient\u00f3w obszar wsparcia technicznego oraz biznesowego, powo\u0142uj\u0105c stanowisko Dyrektora Biura Rozwi\u0105za\u0144 Technicznych. Ekoenergetyka kontynuuje strategi\u0119 nakierowan\u0105 na zapewnienie najwy\u017cszej jako\u015bci us\u0142ug w bran\u017cy e-mobility. Celem jest dbanie o klient\u00f3w i partner\u00f3w biznesowych i dzielenie si\u0119 bogatym do\u015bwiadczeniem globalnej ekspansji i wdra\u017cania nowoczesnych rozwi\u0105za\u0144 technologicznych. W Ekoenergetyka doskonale znamy specyfik\u0119 dynamicznie zmieniaj\u0105cego si\u0119 [&hellip;]<\/p>\n","protected":false},"author":1,"featured_media":24024,"comment_status":"closed","ping_status":"closed","sticky":false,"template":"","format":"standard","meta":{"_acf_changed":false,"footnotes":""},"categories":[1],"tags":[],"class_list":["post-24023","post","type-post","status-publish","format-standard","has-post-thumbnail","hentry","category-bez-kategorii"],"acf":[],"yoast_head":"<!-- This site is optimized with the Yoast SEO Premium plugin v27.3 (Yoast SEO v27.5) - https:\/\/yoast.com\/product\/yoast-seo-premium-wordpress\/ -->\n<title>Nowi Dyrektorzy w Ekoenergetyce \u2013 rozw\u00f3j wsparcia technicznego i biznesowego | Ekoenergetyka<\/title>\n<meta name=\"description\" content=\"Rozszerzamy dla naszych klient\u00f3w obszar wsparcia technicznego oraz biznesowego, powo\u0142uj\u0105c stanowisko Dyrektora Biura Rozwi\u0105za\u0144 Technicznych.\" \/>\n<meta name=\"robots\" content=\"index, follow, max-snippet:-1, max-image-preview:large, max-video-preview:-1\" \/>\n<link rel=\"canonical\" href=\"https:\/\/ekoenergetyka.com\/pl\/nowi-dyrektorzy-w-ekoenergetyka-rozwoj-wsparcia-technicznego-i-biznesowego\/\" \/>\n<meta property=\"og:locale\" content=\"pl_PL\" \/>\n<meta property=\"og:type\" content=\"article\" \/>\n<meta property=\"og:title\" content=\"Nowi Dyrektorzy w Ekoenergetyce \u2013 rozw\u00f3j wsparcia technicznego i biznesowego\" \/>\n<meta property=\"og:description\" content=\"Rozszerzamy dla naszych klient\u00f3w obszar wsparcia technicznego oraz biznesowego, powo\u0142uj\u0105c stanowisko Dyrektora Biura Rozwi\u0105za\u0144 Technicznych.\" \/>\n<meta property=\"og:url\" content=\"https:\/\/ekoenergetyka.com\/pl\/nowi-dyrektorzy-w-ekoenergetyka-rozwoj-wsparcia-technicznego-i-biznesowego\/\" \/>\n<meta property=\"og:site_name\" content=\"Ekoenergetyka\" \/>\n<meta property=\"article:publisher\" content=\"https:\/\/www.facebook.com\/ekoenergetykaPolska\/\" \/>\n<meta property=\"article:published_time\" content=\"2023-02-01T10:50:06+00:00\" \/>\n<meta property=\"article:modified_time\" content=\"2023-02-01T11:07:21+00:00\" \/>\n<meta property=\"og:image\" content=\"https:\/\/ekoenergetyka.com\/wp-content\/uploads\/2023\/02\/technicalsales-support-v3.jpg\" \/>\n\t<meta property=\"og:image:width\" content=\"1200\" \/>\n\t<meta property=\"og:image:height\" content=\"900\" \/>\n\t<meta property=\"og:image:type\" content=\"image\/jpeg\" \/>\n<meta name=\"author\" content=\"Adrian Chudy\" \/>\n<meta name=\"twitter:card\" content=\"summary_large_image\" \/>\n<meta name=\"twitter:label1\" content=\"Napisane przez\" \/>\n\t<meta name=\"twitter:data1\" content=\"Adrian Chudy\" \/>\n\t<meta name=\"twitter:label2\" content=\"Szacowany czas czytania\" \/>\n\t<meta name=\"twitter:data2\" content=\"2 minuty\" \/>\n<script type=\"application\/ld+json\" class=\"yoast-schema-graph\">{\"@context\":\"https:\\\/\\\/schema.org\",\"@graph\":[{\"@type\":\"Article\",\"@id\":\"https:\\\/\\\/ekoenergetyka.com\\\/pl\\\/nowi-dyrektorzy-w-ekoenergetyka-rozwoj-wsparcia-technicznego-i-biznesowego\\\/#article\",\"isPartOf\":{\"@id\":\"https:\\\/\\\/ekoenergetyka.com\\\/pl\\\/nowi-dyrektorzy-w-ekoenergetyka-rozwoj-wsparcia-technicznego-i-biznesowego\\\/\"},\"author\":{\"name\":\"Adrian Chudy\",\"@id\":\"https:\\\/\\\/ekoenergetyka.com\\\/pl\\\/#\\\/schema\\\/person\\\/d56187da375c74d477554ae02f607c55\"},\"headline\":\"Nowi Dyrektorzy w Ekoenergetyce \u2013 rozw\u00f3j wsparcia technicznego i biznesowego\",\"datePublished\":\"2023-02-01T10:50:06+00:00\",\"dateModified\":\"2023-02-01T11:07:21+00:00\",\"mainEntityOfPage\":{\"@id\":\"https:\\\/\\\/ekoenergetyka.com\\\/pl\\\/nowi-dyrektorzy-w-ekoenergetyka-rozwoj-wsparcia-technicznego-i-biznesowego\\\/\"},\"wordCount\":411,\"publisher\":{\"@id\":\"https:\\\/\\\/ekoenergetyka.com\\\/pl\\\/#organization\"},\"image\":{\"@id\":\"https:\\\/\\\/ekoenergetyka.com\\\/pl\\\/nowi-dyrektorzy-w-ekoenergetyka-rozwoj-wsparcia-technicznego-i-biznesowego\\\/#primaryimage\"},\"thumbnailUrl\":\"https:\\\/\\\/ekoenergetyka.com\\\/wp-content\\\/uploads\\\/2023\\\/02\\\/technicalsales-support-v3.jpg\",\"articleSection\":[\"Brak kategorii\"],\"inLanguage\":\"pl-PL\"},{\"@type\":\"WebPage\",\"@id\":\"https:\\\/\\\/ekoenergetyka.com\\\/pl\\\/nowi-dyrektorzy-w-ekoenergetyka-rozwoj-wsparcia-technicznego-i-biznesowego\\\/\",\"url\":\"https:\\\/\\\/ekoenergetyka.com\\\/pl\\\/nowi-dyrektorzy-w-ekoenergetyka-rozwoj-wsparcia-technicznego-i-biznesowego\\\/\",\"name\":\"Nowi Dyrektorzy w Ekoenergetyce \u2013 rozw\u00f3j wsparcia technicznego i biznesowego | Ekoenergetyka\",\"isPartOf\":{\"@id\":\"https:\\\/\\\/ekoenergetyka.com\\\/pl\\\/#website\"},\"primaryImageOfPage\":{\"@id\":\"https:\\\/\\\/ekoenergetyka.com\\\/pl\\\/nowi-dyrektorzy-w-ekoenergetyka-rozwoj-wsparcia-technicznego-i-biznesowego\\\/#primaryimage\"},\"image\":{\"@id\":\"https:\\\/\\\/ekoenergetyka.com\\\/pl\\\/nowi-dyrektorzy-w-ekoenergetyka-rozwoj-wsparcia-technicznego-i-biznesowego\\\/#primaryimage\"},\"thumbnailUrl\":\"https:\\\/\\\/ekoenergetyka.com\\\/wp-content\\\/uploads\\\/2023\\\/02\\\/technicalsales-support-v3.jpg\",\"datePublished\":\"2023-02-01T10:50:06+00:00\",\"dateModified\":\"2023-02-01T11:07:21+00:00\",\"description\":\"Rozszerzamy dla naszych klient\u00f3w obszar wsparcia technicznego oraz biznesowego, powo\u0142uj\u0105c stanowisko Dyrektora Biura Rozwi\u0105za\u0144 Technicznych.\",\"breadcrumb\":{\"@id\":\"https:\\\/\\\/ekoenergetyka.com\\\/pl\\\/nowi-dyrektorzy-w-ekoenergetyka-rozwoj-wsparcia-technicznego-i-biznesowego\\\/#breadcrumb\"},\"inLanguage\":\"pl-PL\",\"potentialAction\":[{\"@type\":\"ReadAction\",\"target\":[\"https:\\\/\\\/ekoenergetyka.com\\\/pl\\\/nowi-dyrektorzy-w-ekoenergetyka-rozwoj-wsparcia-technicznego-i-biznesowego\\\/\"]}]},{\"@type\":\"ImageObject\",\"inLanguage\":\"pl-PL\",\"@id\":\"https:\\\/\\\/ekoenergetyka.com\\\/pl\\\/nowi-dyrektorzy-w-ekoenergetyka-rozwoj-wsparcia-technicznego-i-biznesowego\\\/#primaryimage\",\"url\":\"https:\\\/\\\/ekoenergetyka.com\\\/wp-content\\\/uploads\\\/2023\\\/02\\\/technicalsales-support-v3.jpg\",\"contentUrl\":\"https:\\\/\\\/ekoenergetyka.com\\\/wp-content\\\/uploads\\\/2023\\\/02\\\/technicalsales-support-v3.jpg\",\"width\":1200,\"height\":900},{\"@type\":\"BreadcrumbList\",\"@id\":\"https:\\\/\\\/ekoenergetyka.com\\\/pl\\\/nowi-dyrektorzy-w-ekoenergetyka-rozwoj-wsparcia-technicznego-i-biznesowego\\\/#breadcrumb\",\"itemListElement\":[{\"@type\":\"ListItem\",\"position\":1,\"name\":\"Strona G\u0142\u00f3wna\",\"item\":\"https:\\\/\\\/ekoenergetyka.com\\\/pl\\\/\"},{\"@type\":\"ListItem\",\"position\":2,\"name\":\"Nowi Dyrektorzy w Ekoenergetyce \u2013 rozw\u00f3j wsparcia technicznego i biznesowego\"}]},{\"@type\":\"WebSite\",\"@id\":\"https:\\\/\\\/ekoenergetyka.com\\\/pl\\\/#website\",\"url\":\"https:\\\/\\\/ekoenergetyka.com\\\/pl\\\/\",\"name\":\"Ekoenergetyka\",\"description\":\"\",\"publisher\":{\"@id\":\"https:\\\/\\\/ekoenergetyka.com\\\/pl\\\/#organization\"},\"potentialAction\":[{\"@type\":\"SearchAction\",\"target\":{\"@type\":\"EntryPoint\",\"urlTemplate\":\"https:\\\/\\\/ekoenergetyka.com\\\/pl\\\/?s={search_term_string}\"},\"query-input\":{\"@type\":\"PropertyValueSpecification\",\"valueRequired\":true,\"valueName\":\"search_term_string\"}}],\"inLanguage\":\"pl-PL\"},{\"@type\":\"Organization\",\"@id\":\"https:\\\/\\\/ekoenergetyka.com\\\/pl\\\/#organization\",\"name\":\"Ekoenergetyka - Polska S.A.\",\"url\":\"https:\\\/\\\/ekoenergetyka.com\\\/pl\\\/\",\"logo\":{\"@type\":\"ImageObject\",\"inLanguage\":\"pl-PL\",\"@id\":\"https:\\\/\\\/ekoenergetyka.com\\\/pl\\\/#\\\/schema\\\/logo\\\/image\\\/\",\"url\":\"https:\\\/\\\/ekoenergetyka.com\\\/wp-content\\\/uploads\\\/2024\\\/11\\\/cropped-sygnet-bez-tla-black-1-2.png\",\"contentUrl\":\"https:\\\/\\\/ekoenergetyka.com\\\/wp-content\\\/uploads\\\/2024\\\/11\\\/cropped-sygnet-bez-tla-black-1-2.png\",\"width\":512,\"height\":512,\"caption\":\"Ekoenergetyka - Polska S.A.\"},\"image\":{\"@id\":\"https:\\\/\\\/ekoenergetyka.com\\\/pl\\\/#\\\/schema\\\/logo\\\/image\\\/\"},\"sameAs\":[\"https:\\\/\\\/www.facebook.com\\\/ekoenergetykaPolska\\\/\",\"https:\\\/\\\/www.linkedin.com\\\/company\\\/ekoenergetyka\",\"https:\\\/\\\/www.youtube.com\\\/channel\\\/UCfZM_rPDdrv6D0JB-uhWi8Q\\\/videos\"],\"description\":\"Established in 2009 Poland with a sole purpose of providing charging solutions, we are one of the pioneers in the e-mobility industry. In a decade, Ekoenergetyka has grown from 2 to more than 400 employees (currently around 1,000) and has acquired customers throughout Europe and are now a Central and Eastern European leader in charging technologies.\",\"email\":\"contact@ekoenergetyka.com.pl\",\"telephone\":\"+ 48 68 328 20 68\",\"numberOfEmployees\":{\"@type\":\"QuantitativeValue\",\"minValue\":\"501\",\"maxValue\":\"1000\"}},{\"@type\":\"Person\",\"@id\":\"https:\\\/\\\/ekoenergetyka.com\\\/pl\\\/#\\\/schema\\\/person\\\/d56187da375c74d477554ae02f607c55\",\"name\":\"Adrian Chudy\",\"image\":{\"@type\":\"ImageObject\",\"inLanguage\":\"pl-PL\",\"@id\":\"https:\\\/\\\/secure.gravatar.com\\\/avatar\\\/5878518dceef52e59f0380b2a104b66a181ccc327114716ca69ff8e2296fea83?s=96&d=mm&r=g\",\"url\":\"https:\\\/\\\/secure.gravatar.com\\\/avatar\\\/5878518dceef52e59f0380b2a104b66a181ccc327114716ca69ff8e2296fea83?s=96&d=mm&r=g\",\"contentUrl\":\"https:\\\/\\\/secure.gravatar.com\\\/avatar\\\/5878518dceef52e59f0380b2a104b66a181ccc327114716ca69ff8e2296fea83?s=96&d=mm&r=g\",\"caption\":\"Adrian Chudy\"},\"sameAs\":[\"https:\\\/\\\/ekoenergetyka.com.pl\"],\"url\":\"https:\\\/\\\/ekoenergetyka.com\"}]}<\/script>\n<!-- \/ Yoast SEO Premium plugin. -->","yoast_head_json":{"title":"Nowi Dyrektorzy w Ekoenergetyce \u2013 rozw\u00f3j wsparcia technicznego i biznesowego | Ekoenergetyka","description":"Rozszerzamy dla naszych klient\u00f3w obszar wsparcia technicznego oraz biznesowego, powo\u0142uj\u0105c stanowisko Dyrektora Biura Rozwi\u0105za\u0144 Technicznych.","robots":{"index":"index","follow":"follow","max-snippet":"max-snippet:-1","max-image-preview":"max-image-preview:large","max-video-preview":"max-video-preview:-1"},"canonical":"https:\/\/ekoenergetyka.com\/pl\/nowi-dyrektorzy-w-ekoenergetyka-rozwoj-wsparcia-technicznego-i-biznesowego\/","og_locale":"pl_PL","og_type":"article","og_title":"Nowi Dyrektorzy w Ekoenergetyce \u2013 rozw\u00f3j wsparcia technicznego i biznesowego","og_description":"Rozszerzamy dla naszych klient\u00f3w obszar wsparcia technicznego oraz biznesowego, powo\u0142uj\u0105c stanowisko Dyrektora Biura Rozwi\u0105za\u0144 Technicznych.","og_url":"https:\/\/ekoenergetyka.com\/pl\/nowi-dyrektorzy-w-ekoenergetyka-rozwoj-wsparcia-technicznego-i-biznesowego\/","og_site_name":"Ekoenergetyka","article_publisher":"https:\/\/www.facebook.com\/ekoenergetykaPolska\/","article_published_time":"2023-02-01T10:50:06+00:00","article_modified_time":"2023-02-01T11:07:21+00:00","og_image":[{"width":1200,"height":900,"url":"https:\/\/ekoenergetyka.com\/wp-content\/uploads\/2023\/02\/technicalsales-support-v3.jpg","type":"image\/jpeg"}],"author":"Adrian Chudy","twitter_card":"summary_large_image","twitter_misc":{"Napisane przez":"Adrian Chudy","Szacowany czas czytania":"2 minuty"},"schema":{"@context":"https:\/\/schema.org","@graph":[{"@type":"Article","@id":"https:\/\/ekoenergetyka.com\/pl\/nowi-dyrektorzy-w-ekoenergetyka-rozwoj-wsparcia-technicznego-i-biznesowego\/#article","isPartOf":{"@id":"https:\/\/ekoenergetyka.com\/pl\/nowi-dyrektorzy-w-ekoenergetyka-rozwoj-wsparcia-technicznego-i-biznesowego\/"},"author":{"name":"Adrian Chudy","@id":"https:\/\/ekoenergetyka.com\/pl\/#\/schema\/person\/d56187da375c74d477554ae02f607c55"},"headline":"Nowi Dyrektorzy w Ekoenergetyce \u2013 rozw\u00f3j wsparcia technicznego i biznesowego","datePublished":"2023-02-01T10:50:06+00:00","dateModified":"2023-02-01T11:07:21+00:00","mainEntityOfPage":{"@id":"https:\/\/ekoenergetyka.com\/pl\/nowi-dyrektorzy-w-ekoenergetyka-rozwoj-wsparcia-technicznego-i-biznesowego\/"},"wordCount":411,"publisher":{"@id":"https:\/\/ekoenergetyka.com\/pl\/#organization"},"image":{"@id":"https:\/\/ekoenergetyka.com\/pl\/nowi-dyrektorzy-w-ekoenergetyka-rozwoj-wsparcia-technicznego-i-biznesowego\/#primaryimage"},"thumbnailUrl":"https:\/\/ekoenergetyka.com\/wp-content\/uploads\/2023\/02\/technicalsales-support-v3.jpg","articleSection":["Brak kategorii"],"inLanguage":"pl-PL"},{"@type":"WebPage","@id":"https:\/\/ekoenergetyka.com\/pl\/nowi-dyrektorzy-w-ekoenergetyka-rozwoj-wsparcia-technicznego-i-biznesowego\/","url":"https:\/\/ekoenergetyka.com\/pl\/nowi-dyrektorzy-w-ekoenergetyka-rozwoj-wsparcia-technicznego-i-biznesowego\/","name":"Nowi Dyrektorzy w Ekoenergetyce \u2013 rozw\u00f3j wsparcia technicznego i biznesowego | Ekoenergetyka","isPartOf":{"@id":"https:\/\/ekoenergetyka.com\/pl\/#website"},"primaryImageOfPage":{"@id":"https:\/\/ekoenergetyka.com\/pl\/nowi-dyrektorzy-w-ekoenergetyka-rozwoj-wsparcia-technicznego-i-biznesowego\/#primaryimage"},"image":{"@id":"https:\/\/ekoenergetyka.com\/pl\/nowi-dyrektorzy-w-ekoenergetyka-rozwoj-wsparcia-technicznego-i-biznesowego\/#primaryimage"},"thumbnailUrl":"https:\/\/ekoenergetyka.com\/wp-content\/uploads\/2023\/02\/technicalsales-support-v3.jpg","datePublished":"2023-02-01T10:50:06+00:00","dateModified":"2023-02-01T11:07:21+00:00","description":"Rozszerzamy dla naszych klient\u00f3w obszar wsparcia technicznego oraz biznesowego, powo\u0142uj\u0105c stanowisko Dyrektora Biura Rozwi\u0105za\u0144 Technicznych.","breadcrumb":{"@id":"https:\/\/ekoenergetyka.com\/pl\/nowi-dyrektorzy-w-ekoenergetyka-rozwoj-wsparcia-technicznego-i-biznesowego\/#breadcrumb"},"inLanguage":"pl-PL","potentialAction":[{"@type":"ReadAction","target":["https:\/\/ekoenergetyka.com\/pl\/nowi-dyrektorzy-w-ekoenergetyka-rozwoj-wsparcia-technicznego-i-biznesowego\/"]}]},{"@type":"ImageObject","inLanguage":"pl-PL","@id":"https:\/\/ekoenergetyka.com\/pl\/nowi-dyrektorzy-w-ekoenergetyka-rozwoj-wsparcia-technicznego-i-biznesowego\/#primaryimage","url":"https:\/\/ekoenergetyka.com\/wp-content\/uploads\/2023\/02\/technicalsales-support-v3.jpg","contentUrl":"https:\/\/ekoenergetyka.com\/wp-content\/uploads\/2023\/02\/technicalsales-support-v3.jpg","width":1200,"height":900},{"@type":"BreadcrumbList","@id":"https:\/\/ekoenergetyka.com\/pl\/nowi-dyrektorzy-w-ekoenergetyka-rozwoj-wsparcia-technicznego-i-biznesowego\/#breadcrumb","itemListElement":[{"@type":"ListItem","position":1,"name":"Strona G\u0142\u00f3wna","item":"https:\/\/ekoenergetyka.com\/pl\/"},{"@type":"ListItem","position":2,"name":"Nowi Dyrektorzy w Ekoenergetyce \u2013 rozw\u00f3j wsparcia technicznego i biznesowego"}]},{"@type":"WebSite","@id":"https:\/\/ekoenergetyka.com\/pl\/#website","url":"https:\/\/ekoenergetyka.com\/pl\/","name":"Ekoenergetyka","description":"","publisher":{"@id":"https:\/\/ekoenergetyka.com\/pl\/#organization"},"potentialAction":[{"@type":"SearchAction","target":{"@type":"EntryPoint","urlTemplate":"https:\/\/ekoenergetyka.com\/pl\/?s={search_term_string}"},"query-input":{"@type":"PropertyValueSpecification","valueRequired":true,"valueName":"search_term_string"}}],"inLanguage":"pl-PL"},{"@type":"Organization","@id":"https:\/\/ekoenergetyka.com\/pl\/#organization","name":"Ekoenergetyka - Polska S.A.","url":"https:\/\/ekoenergetyka.com\/pl\/","logo":{"@type":"ImageObject","inLanguage":"pl-PL","@id":"https:\/\/ekoenergetyka.com\/pl\/#\/schema\/logo\/image\/","url":"https:\/\/ekoenergetyka.com\/wp-content\/uploads\/2024\/11\/cropped-sygnet-bez-tla-black-1-2.png","contentUrl":"https:\/\/ekoenergetyka.com\/wp-content\/uploads\/2024\/11\/cropped-sygnet-bez-tla-black-1-2.png","width":512,"height":512,"caption":"Ekoenergetyka - Polska S.A."},"image":{"@id":"https:\/\/ekoenergetyka.com\/pl\/#\/schema\/logo\/image\/"},"sameAs":["https:\/\/www.facebook.com\/ekoenergetykaPolska\/","https:\/\/www.linkedin.com\/company\/ekoenergetyka","https:\/\/www.youtube.com\/channel\/UCfZM_rPDdrv6D0JB-uhWi8Q\/videos"],"description":"Established in 2009 Poland with a sole purpose of providing charging solutions, we are one of the pioneers in the e-mobility industry. In a decade, Ekoenergetyka has grown from 2 to more than 400 employees (currently around 1,000) and has acquired customers throughout Europe and are now a Central and Eastern European leader in charging technologies.","email":"contact@ekoenergetyka.com.pl","telephone":"+ 48 68 328 20 68","numberOfEmployees":{"@type":"QuantitativeValue","minValue":"501","maxValue":"1000"}},{"@type":"Person","@id":"https:\/\/ekoenergetyka.com\/pl\/#\/schema\/person\/d56187da375c74d477554ae02f607c55","name":"Adrian Chudy","image":{"@type":"ImageObject","inLanguage":"pl-PL","@id":"https:\/\/secure.gravatar.com\/avatar\/5878518dceef52e59f0380b2a104b66a181ccc327114716ca69ff8e2296fea83?s=96&d=mm&r=g","url":"https:\/\/secure.gravatar.com\/avatar\/5878518dceef52e59f0380b2a104b66a181ccc327114716ca69ff8e2296fea83?s=96&d=mm&r=g","contentUrl":"https:\/\/secure.gravatar.com\/avatar\/5878518dceef52e59f0380b2a104b66a181ccc327114716ca69ff8e2296fea83?s=96&d=mm&r=g","caption":"Adrian Chudy"},"sameAs":["https:\/\/ekoenergetyka.com.pl"],"url":"https:\/\/ekoenergetyka.com"}]}},"_links":{"self":[{"href":"https:\/\/ekoenergetyka.com\/pl\/wp-json\/wp\/v2\/posts\/24023","targetHints":{"allow":["GET"]}}],"collection":[{"href":"https:\/\/ekoenergetyka.com\/pl\/wp-json\/wp\/v2\/posts"}],"about":[{"href":"https:\/\/ekoenergetyka.com\/pl\/wp-json\/wp\/v2\/types\/post"}],"author":[{"embeddable":true,"href":"https:\/\/ekoenergetyka.com\/pl\/wp-json\/wp\/v2\/users\/1"}],"replies":[{"embeddable":true,"href":"https:\/\/ekoenergetyka.com\/pl\/wp-json\/wp\/v2\/comments?post=24023"}],"version-history":[{"count":0,"href":"https:\/\/ekoenergetyka.com\/pl\/wp-json\/wp\/v2\/posts\/24023\/revisions"}],"wp:featuredmedia":[{"embeddable":true,"href":"https:\/\/ekoenergetyka.com\/pl\/wp-json\/wp\/v2\/media\/24024"}],"wp:attachment":[{"href":"https:\/\/ekoenergetyka.com\/pl\/wp-json\/wp\/v2\/media?parent=24023"}],"wp:term":[{"taxonomy":"category","embeddable":true,"href":"https:\/\/ekoenergetyka.com\/pl\/wp-json\/wp\/v2\/categories?post=24023"},{"taxonomy":"post_tag","embeddable":true,"href":"https:\/\/ekoenergetyka.com\/pl\/wp-json\/wp\/v2\/tags?post=24023"}],"curies":[{"name":"wp","href":"https:\/\/api.w.org\/{rel}","templated":true}]}}