{"id":6844,"date":"2022-05-26T07:54:07","date_gmt":"2022-05-26T05:54:07","guid":{"rendered":"https:\/\/ekoenergetyka.com\/?post_type=bloghr&#038;p=6844"},"modified":"2024-05-30T10:17:55","modified_gmt":"2024-05-30T08:17:55","slug":"ekoenergetyka-polska-s-a-oraz-fundacja-ekoenergetyki-wyroznione-przez-forum-odpowiedzialnego-biznesu","status":"publish","type":"bloghr","link":"https:\/\/ekoenergetyka.com\/pl\/blog-hr\/ekoenergetyka-polska-s-a-oraz-fundacja-ekoenergetyki-wyroznione-przez-forum-odpowiedzialnego-biznesu\/","title":{"rendered":"Ekoenergetyka-Polska S.A. oraz Fundacja Ekoenergetyki wyr\u00f3\u017cnione  przez Forum Odpowiedzialnego Biznesu!"},"content":{"rendered":"\n<p>Dzia\u0142ania naszych sp\u00f3\u0142ek Ekoenergetyki Polska oraz&nbsp;Fundacji Ekoenergetyki z&nbsp;obszaru spo\u0142ecznej odpowiednio\u015bci i&nbsp;zr\u00f3wnowa\u017conego rozwoju znalaz\u0142y swoje miejsce w&nbsp;Raporcie&nbsp;<strong>\u201eOdpowiedzialny biznes<\/strong> <strong>w&nbsp;Polsce. Dobre praktyki\u201d,<\/strong> wydawanym cyklicznie przez&nbsp;Forum Odpowiedzialnego Biznesu. FOB jest dzia\u0142aj\u0105c\u0105, od 2000 roku, i najwi\u0119ksz\u0105 organizacj\u0105 pozarz\u0105dow\u0105 w Polsce, kt\u00f3ra zajmuje si\u0119 koncepcj\u0105 spo\u0142ecznej odpowiedzialno\u015bci biznesu w kompleksowy spos\u00f3b. Tegoroczny raport z jubileuszowej - 20 edycji zawiera 1677 dobrych praktyk i stanowi najwi\u0119kszy w Polsce przegl\u0105d spo\u0142ecznie odpowiedzialnych dzia\u0142a\u0144 biznesu.<\/p>\n\n\n\n<p>W raporcie opisano 6 z naszych przedsi\u0119wzi\u0119\u0107 w kategoriach praktyk z zakresu pracy oraz zaanga\u017cowania spo\u0142ecznego i rozwoju spo\u0142eczno\u015bci lokalnej.<\/p>\n\n\n\n<p>W\u015br\u00f3d wyr\u00f3\u017cnionych projekt\u00f3w znalaz\u0142y si\u0119:<\/p>\n\n\n\n<ol class=\"wp-block-list\"><li><strong>\u017b\u0142obek i Przedszkole Ekolucky<\/strong> - Ekoenergetyka Polska poprzez Fundacj\u0119 Ekoenergetyki uruchomi\u0142a \u017b\u0142obek i Przedszkole Ekolucky w s\u0105siedztwie siedziby firmy w Zielonej G\u00f3rze, gdzie pracuje wi\u0119kszo\u015b\u0107 pracownik\u00f3w. To plac\u00f3wka ekologiczno-j\u0119zykowa z nowoczesnym programem zaj\u0119\u0107. Promuje ona postawy proekologiczne przy zr\u00f3wnowa\u017conym rozwoju technologicznym. Dla dzieci zosta\u0142y przygotowane profesjonalne sale dydaktyczne. Preferowane jest indywidualne podej\u015bcie do rozwoju i talent\u00f3w dziecka, a profesjonalna opieka wsparta jest przez specjalist\u00f3w, m.in. psychologa i logoped\u0119. Ekoenergetyka Polska dofinansowuje pobyt dziecka z ZF\u015aS w niemal 90%.\u00a0<\/li><li><strong>Akademia Managera<\/strong> - Ekoenergetyka Polska zainicjowa\u0142a program rozwojowy dla mened\u017cer\u00f3w Zarz\u0105du oraz dyrekcji. Rozw\u00f3j kompetencji mened\u017cerskich jest kluczowym elementem strategii. Uruchomiono r\u00f3wnolegle dwa programy rozwojowe. W trakcie pi\u0119ciomiesi\u0119cznego kursu uczestnicy bior\u0105 udzia\u0142 w warsztatach z obszaru komunikacji, wzmacniania w\u0142asnego autorytetu, zarz\u0105dzania przez cele, delegowania i egzekwowania zada\u0144. Kluczowe s\u0105 wyzwania kultury feedbacku w zespole i realizacji cel\u00f3w biznesowych. Ka\u017cde spotkanie to okazja do wymiany do\u015bwiadcze\u0144, podzielenia si\u0119 perspektyw\u0105 i czerpania inspiracji.<\/li><li><strong>Energia Serc dla Ani<\/strong> - Ekoenergetyka Polska razem ze sp\u00f3\u0142kami powi\u0105zanymi oraz Fundacj\u0105 Ekoenergetyki zorganizowa\u0142a wyzwanie Energia Serc dla Ani, kt\u00f3rego celem by\u0142a zbi\u00f3rka funduszy na leczenie ma\u0142ej zielonog\u00f3rzanki walcz\u0105cej z SMA1. Wyzwanie polega\u0142o na zaanga\u017cowaniu jak najwi\u0119kszej liczby os\u00f3b do wp\u0142acania cegie\u0142ek na konto. Rozpocz\u0119to od pracownik\u00f3w, kt\u00f3rzy poprzez udzia\u0142 w filmie tworzyli ogromne czerwone serce. W nagranie filmu zaanga\u017cowa\u0142 si\u0119 Zarz\u0105d sp\u00f3\u0142ki, kt\u00f3ry nominowa\u0142 do wyzwania kolejne firmy. W efekcie w akcj\u0119 zaanga\u017cowa\u0142y si\u0119 inne du\u017ce firmy z regionu, kt\u00f3re nominowa\u0142y kolejne podmioty. Ka\u017cdy uczestnicz\u0105cy w inicjatywie wp\u0142aca\u0142 na konto cegie\u0142k\u0119.<\/li><li><strong>Wsparcie plac\u00f3wek medycznych -<\/strong> Ekoenergetyka Polska i Fundacja Ekoenergetyki zaanga\u017cowa\u0142y si\u0119 w przekazanie specjalistycznego sprz\u0119tu medycznego dla regionalnych plac\u00f3wek medycznych. W 2021 r. do Szpitala Uniwersyteckiego w Zielonej G\u00f3rze zosta\u0142y przekazane dwa wysokiej klasy inkubatory hybrydowe o \u0142\u0105cznej warto\u015bci ok. 200 tys. z\u0142, do Wielospecjalistycznego Szpitala SPZOZ w Nowej Soli \u2013 kardiomonitor, otoskop i oftalmoskop, do SP ZOZ Centrum Leczenia Dzieci i M\u0142odzie\u017cy w Zaborze \u2013 sprz\u0119t nag\u0142a\u015bniaj\u0105cy<\/li><li><strong>Akcja Bombka Marze\u0144<\/strong>\u00a0- W akcji Bombka Marze\u0144 pracownicy sp\u00f3\u0142ki Ekoenergetyka Polska spe\u0142niaj\u0105 marzenia podopiecznych Pogotowia Opieku\u0144czego i Domu Samotnej Matki w Zielonej G\u00f3rze. Co roku przed \u015bwi\u0119tami Bo\u017cego Narodzenia firmowe choinki ubierane s\u0105 w specjalne bombki, w kt\u00f3rych zamkni\u0119te s\u0105 marzenia dzieci z instytucji pomocowych. Pracownicy \u015bci\u0105gaj\u0105 bombk\u0119 z choinki i realizuj\u0105 zawarte w niej marzenie. Akcja powo\u0142ana zosta\u0142a do \u017cycia przez dyrektor HR, a w tym roku mia\u0142a ju\u017c czwart\u0105 ods\u0142on\u0119. Od pierwszej edycji wiadomo by\u0142o, \u017ce to, co liczy si\u0119 w niej najbardziej, to u\u015bmiech i rado\u015b\u0107 maluch\u00f3w.<\/li><li><strong>Emplo -<\/strong>\u00a0Do prowadzenia komunikacji z pracownikami Ekoenergetyka Polska i sp\u00f3\u0142ki powi\u0105zane wykorzystuj\u0105 narz\u0119dzie do komunikacji wewn\u0119trznej \u2013 emplo. Pracownicy maj\u0105 do niego dost\u0119p w intranecie poprzez aplikacj\u0119 na telefon i w przegl\u0105darce. Emplo to narz\u0119dzie do digitalizacji i automatyzacji proces\u00f3w HR-owych, kadrowych. Umo\u017cliwia sk\u0142adanie wniosk\u00f3w o urlop, \u015bwiadczenia socjalne, rozliczenie delegacji, znajduj\u0105 si\u0119 tam tak\u017ce zapotrzebowania na wakat i warunki zatrudnienia. Pracownicy maj\u0105 bie\u017c\u0105cy dost\u0119p do informacji o sobie, a tak\u017ce do oceny okresowej z nadaniem cel\u00f3w, a w module ankiety mog\u0105 wyra\u017ca\u0107 opinie.<\/li><\/ol>\n\n\n\n<p>Dzi\u0119ki tego rodzaju projektom wyznaczamy trendy w prowadzeniu odpowiedzialnego biznesu, nie tylko wspieraj\u0105c spo\u0142eczno\u015b\u0107 lokaln\u0105, ale tak\u017ce promuj\u0105c i rozwijaj\u0105c dzia\u0142ania skierowane do dzieci i m\u0142odzie\u017cy w zakresie sportu, zdrowia i edukacji.<\/p>\n\n\n\n<p>Z wszystkimi dzia\u0142aniami mo\u017cna si\u0119 zapozna\u0107 na stronie Forum:<\/p>\n\n\n\n<p><a href=\"https:\/\/odpowiedzialnybiznes.pl\/dobre-praktyki\/?org%5B%5D=3280&amp;ppp=5\"><strong>https:\/\/odpowiedzialnybiznes.pl\/dobre-praktyki\/?org%5B%5D=3280&amp;ppp=5<\/strong><\/a>&nbsp;<\/p>\n\n\n\n<blockquote class=\"wp-block-quote is-layout-flow wp-block-quote-is-layout-flow\"><p>\u201eZnalezienie si\u0119 w tym raporcie to dla nas potwierdzenie, \u017ce Ekoenergetyka-Polska, buduje siln\u0105 organizacj\u0119 zapraszaj\u0105c do wsp\u00f3\u0142pracy wybitnych specjalist\u00f3w, kt\u00f3rzy nie tylko rozwijaj\u0105 elektromobilno\u015b\u0107 w Polsce i Europie, ale tak\u017ce tworz\u0105 unikaln\u0105 spo\u0142eczno\u015b\u0107 otwart\u0105 na potrzeby naszego lokalnego otoczenia. Kierunek rozwoju w oparciu o najlepsze praktyki i trendy z zakresu CSR to jeden z filar\u00f3w naszej polityki personalnej\u201d<\/p><cite>- m\u00f3wi <strong>Natalia Warszawska<\/strong>, Dyrektor HR.&nbsp;<\/cite><\/blockquote>\n\n\n\n<blockquote class=\"wp-block-quote is-layout-flow wp-block-quote-is-layout-flow\"><p>\u201eJeste\u015bmy przekonani, \u017ce powo\u0142anie Fundacji Ekoenergetyki \u2013 podmiotu dedykowanego naszym dzia\u0142aniom filantropijno-charytatywnym, to by\u0142a odwa\u017cna, ale potrzebna decyzja. Od pocz\u0105tku istnienia sp\u00f3\u0142ki Ekoenergetyka-Polska nasze oczy i serca zwr\u00f3cone s\u0105 w stron\u0119 potrzebuj\u0105cych, zw\u0142aszcza w naszym najbli\u017cszym otoczeniu. Skala naszych dzia\u0142a\u0144 pozwoli\u0142a nam sformalizowa\u0107 te inicjatywy w ramach Fundacji, co jeszcze bardziej pozwoli\u0142o rozwin\u0105\u0107 CSR\u2019owe skrzyd\u0142a. Tym bardziej cieszy mnie fakt, \u017ce zar\u00f3wno inicjatywy bezpo\u015brednio biznesowe jak i charytatywno-spo\u0142eczne znalaz\u0142y si\u0119 w raporcie Forum Odpowiedzialnego Biznesu. Chcia\u0142abym w tym miejscu podzi\u0119kowa\u0107 wszystkim naszym pracownikom, kt\u00f3rzy silnie i cz\u0119sto anga\u017cuj\u0105 si\u0119 w takie inicjatywy. To dla nas wa\u017cne potwierdzenie, \u017ce jeste\u015bmy nie tylko cenionym pracodawc\u0105, ale tak\u017ce odpowiedzialnym i godnym zaufania s\u0105siadem dla podmiot\u00f3w w naszej spo\u0142eczno\u015bci\u201d<\/p><cite>- zaznacza <strong>Urszula Przegali\u0144ska-Kubik<\/strong>, Wiceprezes Zarz\u0105du Ekoenergetyka Polska ds. Personalnych oraz Prezes Fundacji Ekoenergetyki.&nbsp;<\/cite><\/blockquote>\n\n\n\n<p><\/p>\n","protected":false},"excerpt":{"rendered":"<p>Dzia\u0142ania naszych sp\u00f3\u0142ek Ekoenergetyki Polska oraz&nbsp;Fundacji Ekoenergetyki z&nbsp;obszaru spo\u0142ecznej odpowiednio\u015bci i&nbsp;zr\u00f3wnowa\u017conego rozwoju znalaz\u0142y swoje miejsce w&nbsp;Raporcie&nbsp;\u201eOdpowiedzialny biznes w&nbsp;Polsce. Dobre praktyki\u201d, wydawanym cyklicznie przez&nbsp;Forum Odpowiedzialnego Biznesu. FOB jest dzia\u0142aj\u0105c\u0105, od 2000 roku, i najwi\u0119ksz\u0105 organizacj\u0105 pozarz\u0105dow\u0105 w Polsce, kt\u00f3ra zajmuje si\u0119 koncepcj\u0105 spo\u0142ecznej odpowiedzialno\u015bci biznesu w kompleksowy spos\u00f3b. Tegoroczny raport z jubileuszowej &#8211; 20 edycji zawiera [&hellip;]<\/p>\n","protected":false},"featured_media":6845,"template":"","class_list":["post-6844","bloghr","type-bloghr","status-publish","has-post-thumbnail","hentry"],"acf":[],"yoast_head":"<!-- This site is optimized with the Yoast SEO Premium plugin v27.3 (Yoast SEO v27.5) - https:\/\/yoast.com\/product\/yoast-seo-premium-wordpress\/ -->\n<title>Ekoenergetyka-Polska S.A. oraz Fundacja Ekoenergetyki wyr\u00f3\u017cnione przez Forum Odpowiedzialnego Biznesu! | Ekoenergetyka<\/title>\n<meta name=\"description\" content=\"Wyr\u00f3\u017cnienie od Forum Odpowiedzialnego Biznesu: Ekoenergetyka Polska S.A. oraz Fundacja Ekoenergetyki zosta\u0142y wyr\u00f3\u017cnione przez Forum Odpowiedzialnego Biznesu. Sprawd\u017a nasze dzia\u0142ania CSR.\" \/>\n<meta name=\"robots\" content=\"index, follow, max-snippet:-1, max-image-preview:large, max-video-preview:-1\" \/>\n<link rel=\"canonical\" href=\"https:\/\/ekoenergetyka.com\/pl\/blog-hr\/ekoenergetyka-polska-s-a-oraz-fundacja-ekoenergetyki-wyroznione-przez-forum-odpowiedzialnego-biznesu\/\" \/>\n<meta property=\"og:locale\" content=\"pl_PL\" \/>\n<meta property=\"og:type\" content=\"article\" \/>\n<meta property=\"og:title\" content=\"Ekoenergetyka-Polska S.A. oraz Fundacja Ekoenergetyki wyr\u00f3\u017cnione przez Forum Odpowiedzialnego Biznesu!\" \/>\n<meta property=\"og:description\" content=\"Wyr\u00f3\u017cnienie od Forum Odpowiedzialnego Biznesu: Ekoenergetyka Polska S.A. oraz Fundacja Ekoenergetyki zosta\u0142y wyr\u00f3\u017cnione przez Forum Odpowiedzialnego Biznesu. Sprawd\u017a nasze dzia\u0142ania CSR.\" \/>\n<meta property=\"og:url\" content=\"https:\/\/ekoenergetyka.com\/pl\/blog-hr\/ekoenergetyka-polska-s-a-oraz-fundacja-ekoenergetyki-wyroznione-przez-forum-odpowiedzialnego-biznesu\/\" \/>\n<meta property=\"og:site_name\" content=\"Ekoenergetyka\" \/>\n<meta property=\"article:publisher\" content=\"https:\/\/www.facebook.com\/ekoenergetykaPolska\/\" \/>\n<meta property=\"article:modified_time\" content=\"2024-05-30T08:17:55+00:00\" \/>\n<meta property=\"og:image\" content=\"https:\/\/ekoenergetyka.com\/wp-content\/uploads\/2022\/05\/forum-graf-1.png\" \/>\n\t<meta property=\"og:image:width\" content=\"1920\" \/>\n\t<meta property=\"og:image:height\" content=\"1080\" \/>\n\t<meta property=\"og:image:type\" content=\"image\/png\" \/>\n<meta name=\"twitter:card\" content=\"summary_large_image\" \/>\n<meta name=\"twitter:label1\" content=\"Szacowany czas czytania\" \/>\n\t<meta name=\"twitter:data1\" content=\"3 minuty\" \/>\n<script type=\"application\/ld+json\" class=\"yoast-schema-graph\">{\"@context\":\"https:\\\/\\\/schema.org\",\"@graph\":[{\"@type\":\"WebPage\",\"@id\":\"https:\\\/\\\/ekoenergetyka.com\\\/pl\\\/blog-hr\\\/ekoenergetyka-polska-s-a-oraz-fundacja-ekoenergetyki-wyroznione-przez-forum-odpowiedzialnego-biznesu\\\/\",\"url\":\"https:\\\/\\\/ekoenergetyka.com\\\/pl\\\/blog-hr\\\/ekoenergetyka-polska-s-a-oraz-fundacja-ekoenergetyki-wyroznione-przez-forum-odpowiedzialnego-biznesu\\\/\",\"name\":\"Ekoenergetyka-Polska S.A. oraz Fundacja Ekoenergetyki wyr\u00f3\u017cnione przez Forum Odpowiedzialnego Biznesu! | Ekoenergetyka\",\"isPartOf\":{\"@id\":\"https:\\\/\\\/ekoenergetyka.com\\\/pl\\\/#website\"},\"primaryImageOfPage\":{\"@id\":\"https:\\\/\\\/ekoenergetyka.com\\\/pl\\\/blog-hr\\\/ekoenergetyka-polska-s-a-oraz-fundacja-ekoenergetyki-wyroznione-przez-forum-odpowiedzialnego-biznesu\\\/#primaryimage\"},\"image\":{\"@id\":\"https:\\\/\\\/ekoenergetyka.com\\\/pl\\\/blog-hr\\\/ekoenergetyka-polska-s-a-oraz-fundacja-ekoenergetyki-wyroznione-przez-forum-odpowiedzialnego-biznesu\\\/#primaryimage\"},\"thumbnailUrl\":\"https:\\\/\\\/ekoenergetyka.com\\\/wp-content\\\/uploads\\\/2022\\\/05\\\/forum-graf-1.png\",\"datePublished\":\"2022-05-26T05:54:07+00:00\",\"dateModified\":\"2024-05-30T08:17:55+00:00\",\"description\":\"Wyr\u00f3\u017cnienie od Forum Odpowiedzialnego Biznesu: Ekoenergetyka Polska S.A. oraz Fundacja Ekoenergetyki zosta\u0142y wyr\u00f3\u017cnione przez Forum Odpowiedzialnego Biznesu. Sprawd\u017a nasze dzia\u0142ania CSR.\",\"breadcrumb\":{\"@id\":\"https:\\\/\\\/ekoenergetyka.com\\\/pl\\\/blog-hr\\\/ekoenergetyka-polska-s-a-oraz-fundacja-ekoenergetyki-wyroznione-przez-forum-odpowiedzialnego-biznesu\\\/#breadcrumb\"},\"inLanguage\":\"pl-PL\",\"potentialAction\":[{\"@type\":\"ReadAction\",\"target\":[\"https:\\\/\\\/ekoenergetyka.com\\\/pl\\\/blog-hr\\\/ekoenergetyka-polska-s-a-oraz-fundacja-ekoenergetyki-wyroznione-przez-forum-odpowiedzialnego-biznesu\\\/\"]}]},{\"@type\":\"ImageObject\",\"inLanguage\":\"pl-PL\",\"@id\":\"https:\\\/\\\/ekoenergetyka.com\\\/pl\\\/blog-hr\\\/ekoenergetyka-polska-s-a-oraz-fundacja-ekoenergetyki-wyroznione-przez-forum-odpowiedzialnego-biznesu\\\/#primaryimage\",\"url\":\"https:\\\/\\\/ekoenergetyka.com\\\/wp-content\\\/uploads\\\/2022\\\/05\\\/forum-graf-1.png\",\"contentUrl\":\"https:\\\/\\\/ekoenergetyka.com\\\/wp-content\\\/uploads\\\/2022\\\/05\\\/forum-graf-1.png\",\"width\":1920,\"height\":1080},{\"@type\":\"BreadcrumbList\",\"@id\":\"https:\\\/\\\/ekoenergetyka.com\\\/pl\\\/blog-hr\\\/ekoenergetyka-polska-s-a-oraz-fundacja-ekoenergetyki-wyroznione-przez-forum-odpowiedzialnego-biznesu\\\/#breadcrumb\",\"itemListElement\":[{\"@type\":\"ListItem\",\"position\":1,\"name\":\"Strona G\u0142\u00f3wna\",\"item\":\"https:\\\/\\\/ekoenergetyka.com\\\/pl\\\/\"},{\"@type\":\"ListItem\",\"position\":2,\"name\":\"Blog HR\",\"item\":\"https:\\\/\\\/ekoenergetyka.com\\\/pl\\\/blog-hr\\\/\"},{\"@type\":\"ListItem\",\"position\":3,\"name\":\"Ekoenergetyka-Polska S.A. oraz Fundacja Ekoenergetyki wyr\u00f3\u017cnione przez Forum Odpowiedzialnego Biznesu!\"}]},{\"@type\":\"WebSite\",\"@id\":\"https:\\\/\\\/ekoenergetyka.com\\\/pl\\\/#website\",\"url\":\"https:\\\/\\\/ekoenergetyka.com\\\/pl\\\/\",\"name\":\"Ekoenergetyka\",\"description\":\"\",\"publisher\":{\"@id\":\"https:\\\/\\\/ekoenergetyka.com\\\/pl\\\/#organization\"},\"potentialAction\":[{\"@type\":\"SearchAction\",\"target\":{\"@type\":\"EntryPoint\",\"urlTemplate\":\"https:\\\/\\\/ekoenergetyka.com\\\/pl\\\/?s={search_term_string}\"},\"query-input\":{\"@type\":\"PropertyValueSpecification\",\"valueRequired\":true,\"valueName\":\"search_term_string\"}}],\"inLanguage\":\"pl-PL\"},{\"@type\":\"Organization\",\"@id\":\"https:\\\/\\\/ekoenergetyka.com\\\/pl\\\/#organization\",\"name\":\"Ekoenergetyka - Polska S.A.\",\"url\":\"https:\\\/\\\/ekoenergetyka.com\\\/pl\\\/\",\"logo\":{\"@type\":\"ImageObject\",\"inLanguage\":\"pl-PL\",\"@id\":\"https:\\\/\\\/ekoenergetyka.com\\\/pl\\\/#\\\/schema\\\/logo\\\/image\\\/\",\"url\":\"https:\\\/\\\/ekoenergetyka.com\\\/wp-content\\\/uploads\\\/2024\\\/11\\\/cropped-sygnet-bez-tla-black-1-2.png\",\"contentUrl\":\"https:\\\/\\\/ekoenergetyka.com\\\/wp-content\\\/uploads\\\/2024\\\/11\\\/cropped-sygnet-bez-tla-black-1-2.png\",\"width\":512,\"height\":512,\"caption\":\"Ekoenergetyka - Polska S.A.\"},\"image\":{\"@id\":\"https:\\\/\\\/ekoenergetyka.com\\\/pl\\\/#\\\/schema\\\/logo\\\/image\\\/\"},\"sameAs\":[\"https:\\\/\\\/www.facebook.com\\\/ekoenergetykaPolska\\\/\",\"https:\\\/\\\/www.linkedin.com\\\/company\\\/ekoenergetyka\",\"https:\\\/\\\/www.youtube.com\\\/channel\\\/UCfZM_rPDdrv6D0JB-uhWi8Q\\\/videos\"],\"description\":\"Established in 2009 Poland with a sole purpose of providing charging solutions, we are one of the pioneers in the e-mobility industry. In a decade, Ekoenergetyka has grown from 2 to more than 400 employees (currently around 1,000) and has acquired customers throughout Europe and are now a Central and Eastern European leader in charging technologies.\",\"email\":\"contact@ekoenergetyka.com.pl\",\"telephone\":\"+ 48 68 328 20 68\",\"numberOfEmployees\":{\"@type\":\"QuantitativeValue\",\"minValue\":\"501\",\"maxValue\":\"1000\"}}]}<\/script>\n<!-- \/ Yoast SEO Premium plugin. -->","yoast_head_json":{"title":"Ekoenergetyka-Polska S.A. oraz Fundacja Ekoenergetyki wyr\u00f3\u017cnione przez Forum Odpowiedzialnego Biznesu! | Ekoenergetyka","description":"Wyr\u00f3\u017cnienie od Forum Odpowiedzialnego Biznesu: Ekoenergetyka Polska S.A. oraz Fundacja Ekoenergetyki zosta\u0142y wyr\u00f3\u017cnione przez Forum Odpowiedzialnego Biznesu. Sprawd\u017a nasze dzia\u0142ania CSR.","robots":{"index":"index","follow":"follow","max-snippet":"max-snippet:-1","max-image-preview":"max-image-preview:large","max-video-preview":"max-video-preview:-1"},"canonical":"https:\/\/ekoenergetyka.com\/pl\/blog-hr\/ekoenergetyka-polska-s-a-oraz-fundacja-ekoenergetyki-wyroznione-przez-forum-odpowiedzialnego-biznesu\/","og_locale":"pl_PL","og_type":"article","og_title":"Ekoenergetyka-Polska S.A. oraz Fundacja Ekoenergetyki wyr\u00f3\u017cnione przez Forum Odpowiedzialnego Biznesu!","og_description":"Wyr\u00f3\u017cnienie od Forum Odpowiedzialnego Biznesu: Ekoenergetyka Polska S.A. oraz Fundacja Ekoenergetyki zosta\u0142y wyr\u00f3\u017cnione przez Forum Odpowiedzialnego Biznesu. Sprawd\u017a nasze dzia\u0142ania CSR.","og_url":"https:\/\/ekoenergetyka.com\/pl\/blog-hr\/ekoenergetyka-polska-s-a-oraz-fundacja-ekoenergetyki-wyroznione-przez-forum-odpowiedzialnego-biznesu\/","og_site_name":"Ekoenergetyka","article_publisher":"https:\/\/www.facebook.com\/ekoenergetykaPolska\/","article_modified_time":"2024-05-30T08:17:55+00:00","og_image":[{"width":1920,"height":1080,"url":"https:\/\/ekoenergetyka.com\/wp-content\/uploads\/2022\/05\/forum-graf-1.png","type":"image\/png"}],"twitter_card":"summary_large_image","twitter_misc":{"Szacowany czas czytania":"3 minuty"},"schema":{"@context":"https:\/\/schema.org","@graph":[{"@type":"WebPage","@id":"https:\/\/ekoenergetyka.com\/pl\/blog-hr\/ekoenergetyka-polska-s-a-oraz-fundacja-ekoenergetyki-wyroznione-przez-forum-odpowiedzialnego-biznesu\/","url":"https:\/\/ekoenergetyka.com\/pl\/blog-hr\/ekoenergetyka-polska-s-a-oraz-fundacja-ekoenergetyki-wyroznione-przez-forum-odpowiedzialnego-biznesu\/","name":"Ekoenergetyka-Polska S.A. oraz Fundacja Ekoenergetyki wyr\u00f3\u017cnione przez Forum Odpowiedzialnego Biznesu! | Ekoenergetyka","isPartOf":{"@id":"https:\/\/ekoenergetyka.com\/pl\/#website"},"primaryImageOfPage":{"@id":"https:\/\/ekoenergetyka.com\/pl\/blog-hr\/ekoenergetyka-polska-s-a-oraz-fundacja-ekoenergetyki-wyroznione-przez-forum-odpowiedzialnego-biznesu\/#primaryimage"},"image":{"@id":"https:\/\/ekoenergetyka.com\/pl\/blog-hr\/ekoenergetyka-polska-s-a-oraz-fundacja-ekoenergetyki-wyroznione-przez-forum-odpowiedzialnego-biznesu\/#primaryimage"},"thumbnailUrl":"https:\/\/ekoenergetyka.com\/wp-content\/uploads\/2022\/05\/forum-graf-1.png","datePublished":"2022-05-26T05:54:07+00:00","dateModified":"2024-05-30T08:17:55+00:00","description":"Wyr\u00f3\u017cnienie od Forum Odpowiedzialnego Biznesu: Ekoenergetyka Polska S.A. oraz Fundacja Ekoenergetyki zosta\u0142y wyr\u00f3\u017cnione przez Forum Odpowiedzialnego Biznesu. Sprawd\u017a nasze dzia\u0142ania CSR.","breadcrumb":{"@id":"https:\/\/ekoenergetyka.com\/pl\/blog-hr\/ekoenergetyka-polska-s-a-oraz-fundacja-ekoenergetyki-wyroznione-przez-forum-odpowiedzialnego-biznesu\/#breadcrumb"},"inLanguage":"pl-PL","potentialAction":[{"@type":"ReadAction","target":["https:\/\/ekoenergetyka.com\/pl\/blog-hr\/ekoenergetyka-polska-s-a-oraz-fundacja-ekoenergetyki-wyroznione-przez-forum-odpowiedzialnego-biznesu\/"]}]},{"@type":"ImageObject","inLanguage":"pl-PL","@id":"https:\/\/ekoenergetyka.com\/pl\/blog-hr\/ekoenergetyka-polska-s-a-oraz-fundacja-ekoenergetyki-wyroznione-przez-forum-odpowiedzialnego-biznesu\/#primaryimage","url":"https:\/\/ekoenergetyka.com\/wp-content\/uploads\/2022\/05\/forum-graf-1.png","contentUrl":"https:\/\/ekoenergetyka.com\/wp-content\/uploads\/2022\/05\/forum-graf-1.png","width":1920,"height":1080},{"@type":"BreadcrumbList","@id":"https:\/\/ekoenergetyka.com\/pl\/blog-hr\/ekoenergetyka-polska-s-a-oraz-fundacja-ekoenergetyki-wyroznione-przez-forum-odpowiedzialnego-biznesu\/#breadcrumb","itemListElement":[{"@type":"ListItem","position":1,"name":"Strona G\u0142\u00f3wna","item":"https:\/\/ekoenergetyka.com\/pl\/"},{"@type":"ListItem","position":2,"name":"Blog HR","item":"https:\/\/ekoenergetyka.com\/pl\/blog-hr\/"},{"@type":"ListItem","position":3,"name":"Ekoenergetyka-Polska S.A. oraz Fundacja Ekoenergetyki wyr\u00f3\u017cnione przez Forum Odpowiedzialnego Biznesu!"}]},{"@type":"WebSite","@id":"https:\/\/ekoenergetyka.com\/pl\/#website","url":"https:\/\/ekoenergetyka.com\/pl\/","name":"Ekoenergetyka","description":"","publisher":{"@id":"https:\/\/ekoenergetyka.com\/pl\/#organization"},"potentialAction":[{"@type":"SearchAction","target":{"@type":"EntryPoint","urlTemplate":"https:\/\/ekoenergetyka.com\/pl\/?s={search_term_string}"},"query-input":{"@type":"PropertyValueSpecification","valueRequired":true,"valueName":"search_term_string"}}],"inLanguage":"pl-PL"},{"@type":"Organization","@id":"https:\/\/ekoenergetyka.com\/pl\/#organization","name":"Ekoenergetyka - Polska S.A.","url":"https:\/\/ekoenergetyka.com\/pl\/","logo":{"@type":"ImageObject","inLanguage":"pl-PL","@id":"https:\/\/ekoenergetyka.com\/pl\/#\/schema\/logo\/image\/","url":"https:\/\/ekoenergetyka.com\/wp-content\/uploads\/2024\/11\/cropped-sygnet-bez-tla-black-1-2.png","contentUrl":"https:\/\/ekoenergetyka.com\/wp-content\/uploads\/2024\/11\/cropped-sygnet-bez-tla-black-1-2.png","width":512,"height":512,"caption":"Ekoenergetyka - Polska S.A."},"image":{"@id":"https:\/\/ekoenergetyka.com\/pl\/#\/schema\/logo\/image\/"},"sameAs":["https:\/\/www.facebook.com\/ekoenergetykaPolska\/","https:\/\/www.linkedin.com\/company\/ekoenergetyka","https:\/\/www.youtube.com\/channel\/UCfZM_rPDdrv6D0JB-uhWi8Q\/videos"],"description":"Established in 2009 Poland with a sole purpose of providing charging solutions, we are one of the pioneers in the e-mobility industry. In a decade, Ekoenergetyka has grown from 2 to more than 400 employees (currently around 1,000) and has acquired customers throughout Europe and are now a Central and Eastern European leader in charging technologies.","email":"contact@ekoenergetyka.com.pl","telephone":"+ 48 68 328 20 68","numberOfEmployees":{"@type":"QuantitativeValue","minValue":"501","maxValue":"1000"}}]}},"_links":{"self":[{"href":"https:\/\/ekoenergetyka.com\/pl\/wp-json\/wp\/v2\/bloghr\/6844","targetHints":{"allow":["GET"]}}],"collection":[{"href":"https:\/\/ekoenergetyka.com\/pl\/wp-json\/wp\/v2\/bloghr"}],"about":[{"href":"https:\/\/ekoenergetyka.com\/pl\/wp-json\/wp\/v2\/types\/bloghr"}],"wp:featuredmedia":[{"embeddable":true,"href":"https:\/\/ekoenergetyka.com\/pl\/wp-json\/wp\/v2\/media\/6845"}],"wp:attachment":[{"href":"https:\/\/ekoenergetyka.com\/pl\/wp-json\/wp\/v2\/media?parent=6844"}],"curies":[{"name":"wp","href":"https:\/\/api.w.org\/{rel}","templated":true}]}}