{"id":28357,"date":"2023-08-16T15:52:53","date_gmt":"2023-08-16T13:52:53","guid":{"rendered":"https:\/\/ekoenergetyka.com\/?post_type=bloghr&#038;p=28357"},"modified":"2024-05-30T10:06:07","modified_gmt":"2024-05-30T08:06:07","slug":"w-branzy-it-trzeba-byc-caly-czas-na-biezaco-czyli-dlaczego-warto-dolaczyc-do-letniej-szkoly-programowania","status":"publish","type":"bloghr","link":"https:\/\/ekoenergetyka.com\/pl\/blog-hr\/w-branzy-it-trzeba-byc-caly-czas-na-biezaco-czyli-dlaczego-warto-dolaczyc-do-letniej-szkoly-programowania\/","title":{"rendered":"W bran\u017cy IT trzeba by\u0107 ca\u0142y czas na bie\u017c\u0105co, czyli dlaczego warto do\u0142\u0105czy\u0107 do &#8222;Letniej Szko\u0142y Programowania&#8221;?"},"content":{"rendered":"\n<p>&nbsp;\u201eCh\u0142onni wiedzy\u201d \u2013 tak mo\u017cna okre\u015bli\u0107 uczestnik\u00f3w pierwszej edycji \u201eLetniej Szko\u0142y Programowania\u201d. To debiut tego projektu, ale ju\u017c na tym etapie wiemy, \u017ce chcemy go kontynuowa\u0107.<\/p>\n\n\n\n<p>Program \u201eLetniej Szko\u0142y Programowania\u201d zosta\u0142 stworzony w taki spos\u00f3b, by praktykanci mieli okazj\u0119 zobaczy\u0107, jak wygl\u0105da typowy dzie\u0144 pracy programisty. Zaczynaj\u0105 od \u201edaily\u201d, czyli od spotkania z prze\u0142o\u017conym, gdzie skupiaj\u0105 si\u0119 nie tylko na omawianiu realizowanych zada\u0144, ale tak\u017ce na \u201ekonsultacjach technologicznych\u201d. W ten spos\u00f3b Hubert, Artur i Piotr poznaj\u0105 nowinki ze \u015bwiata programist\u00f3w oraz konfrontuj\u0105 swoj\u0105 wiedz\u0119 z rzeczywisto\u015bci\u0105.\u00a0 Cytuj\u0105c Artura: \u201ew bran\u017cy IT trzeba by\u0107 ca\u0142y czas na bie\u017c\u0105co.\u201d Zdecydowanie zgadzamy si\u0119 z tymi s\u0142owami. Dlatego jako firma technologiczna tworzymy \u015brodowisko, w kt\u00f3rym m\u0142ode pokolenie mo\u017ce testowa\u0107 nowoczesne programy. Takim przyk\u0142adem jest Spring Boot, kt\u00f3rego ucz\u0105 si\u0119 nasi praktykanci.<\/p>\n\n\n\n<figure class=\"wp-block-image size-full\"><img loading=\"lazy\" decoding=\"async\" width=\"1920\" height=\"1440\" src=\"https:\/\/ekoenergetyka.com\/wp-content\/uploads\/2023\/08\/ekoenergetyka-1-3.jpg\" alt=\"\" class=\"wp-image-28363\" srcset=\"https:\/\/ekoenergetyka.com\/wp-content\/uploads\/2023\/08\/ekoenergetyka-1-3.jpg 1920w, https:\/\/ekoenergetyka.com\/wp-content\/uploads\/2023\/08\/ekoenergetyka-1-3-300x225.jpg 300w, https:\/\/ekoenergetyka.com\/wp-content\/uploads\/2023\/08\/ekoenergetyka-1-3-1024x768.jpg 1024w, https:\/\/ekoenergetyka.com\/wp-content\/uploads\/2023\/08\/ekoenergetyka-1-3-768x576.jpg 768w, https:\/\/ekoenergetyka.com\/wp-content\/uploads\/2023\/08\/ekoenergetyka-1-3-1536x1152.jpg 1536w\" sizes=\"auto, (max-width: 1920px) 100vw, 1920px\" \/><\/figure>\n\n\n\n<p>G\u0142\u00f3wnym zadaniem m\u0142odych talent\u00f3w jest praca nad projektem lokalizatora GPS. Realizuj\u0105 go w grupie. Dzi\u0119ki czemu rozwijaj\u0105 umiej\u0119tno\u015b\u0107 pracy w zespole, kt\u00f3ra jest fundamentem biznesowego sukcesu firmy. Na pytanie: \u201eco Wam si\u0119 najbardziej podoba w tym projekcie?\u201d zgodnie odpowiedzieli: \u201etestowanie lokalizatora w praktyce i obserwowanie jego dzia\u0142a\u0144 w rzeczywisto\u015bci.\u201d&nbsp;<\/p>\n\n\n\n<p>Huberta, Artura i Piotra \u0142\u0105czy wsp\u00f3lny mianownik \u2013 zainteresowanie nowymi technologiami, kt\u00f3re obecnie rozwijaj\u0105 w Ekoenergetyce.&nbsp;<\/p>\n\n\n\n<p>\u00a0\u201eEducation is the key to success\u201d \u2013 tymi s\u0142owami mo\u017cna podsumowa\u0107 \u201eLetni\u0105 Szko\u0142\u0119 Programowania\u201d.\u00a0<\/p>\n\n\n\n<figure class=\"wp-block-image size-full\"><img loading=\"lazy\" decoding=\"async\" width=\"1920\" height=\"2560\" src=\"https:\/\/ekoenergetyka.com\/wp-content\/uploads\/2023\/08\/ekoenergetyka-3-1.jpg\" alt=\"\" class=\"wp-image-28368\" srcset=\"https:\/\/ekoenergetyka.com\/wp-content\/uploads\/2023\/08\/ekoenergetyka-3-1.jpg 1920w, https:\/\/ekoenergetyka.com\/wp-content\/uploads\/2023\/08\/ekoenergetyka-3-1-225x300.jpg 225w, https:\/\/ekoenergetyka.com\/wp-content\/uploads\/2023\/08\/ekoenergetyka-3-1-768x1024.jpg 768w, https:\/\/ekoenergetyka.com\/wp-content\/uploads\/2023\/08\/ekoenergetyka-3-1-1152x1536.jpg 1152w, https:\/\/ekoenergetyka.com\/wp-content\/uploads\/2023\/08\/ekoenergetyka-3-1-1536x2048.jpg 1536w\" sizes=\"auto, (max-width: 1920px) 100vw, 1920px\" \/><\/figure>\n\n\n\n<p>Hubercie, Arturze i Piotrze cieszymy si\u0119, \u017ce do\u0142\u0105czyli\u015bcie do naszej za\u0142ogi! \u017byczymy Wam powodzenia i wielu sukces\u00f3w na programistycznej drodze.&nbsp;<\/p>\n\n\n\n<p>Uruchomienie projektu nie by\u0142oby mo\u017cliwe, gdyby nie zaanga\u017cowanie naszych pracownik\u00f3w. Serdecznie dzi\u0119kujemy naszym trzem ekspertom: Programi\u015bcie Java Back-end - \u0141ukaszowi Ryfie, Maganerowi Produktu \u2013 Arkadiuszowi Gabryelskiemu oraz\u00a0 Programi\u015bcie Embedded \u2013 Dariuszowi Ptasznikowi nie tylko za wk\u0142ad merytoryczny w organizacj\u0119 eventu, ale tak\u017ce\u00a0 za dzielenie si\u0119 know-how z naszymi m\u0142odymi talentami.<\/p>\n\n\n\n<figure class=\"wp-block-image size-full\"><img loading=\"lazy\" decoding=\"async\" width=\"1920\" height=\"2560\" src=\"https:\/\/ekoenergetyka.com\/wp-content\/uploads\/2023\/08\/ekoenergetyka-4.jpg\" alt=\"\" class=\"wp-image-28373\" srcset=\"https:\/\/ekoenergetyka.com\/wp-content\/uploads\/2023\/08\/ekoenergetyka-4.jpg 1920w, https:\/\/ekoenergetyka.com\/wp-content\/uploads\/2023\/08\/ekoenergetyka-4-225x300.jpg 225w, https:\/\/ekoenergetyka.com\/wp-content\/uploads\/2023\/08\/ekoenergetyka-4-768x1024.jpg 768w, https:\/\/ekoenergetyka.com\/wp-content\/uploads\/2023\/08\/ekoenergetyka-4-1152x1536.jpg 1152w, https:\/\/ekoenergetyka.com\/wp-content\/uploads\/2023\/08\/ekoenergetyka-4-1536x2048.jpg 1536w\" sizes=\"auto, (max-width: 1920px) 100vw, 1920px\" \/><\/figure>\n","protected":false},"excerpt":{"rendered":"<p>&nbsp;\u201eCh\u0142onni wiedzy\u201d \u2013 tak mo\u017cna okre\u015bli\u0107 uczestnik\u00f3w pierwszej edycji \u201eLetniej Szko\u0142y Programowania\u201d. To debiut tego projektu, ale ju\u017c na tym etapie wiemy, \u017ce chcemy go kontynuowa\u0107. Program \u201eLetniej Szko\u0142y Programowania\u201d zosta\u0142 stworzony w taki spos\u00f3b, by praktykanci mieli okazj\u0119 zobaczy\u0107, jak wygl\u0105da typowy dzie\u0144 pracy programisty. Zaczynaj\u0105 od \u201edaily\u201d, czyli od spotkania z prze\u0142o\u017conym, gdzie [&hellip;]<\/p>\n","protected":false},"featured_media":28378,"template":"","class_list":["post-28357","bloghr","type-bloghr","status-publish","has-post-thumbnail","hentry"],"acf":[],"yoast_head":"<!-- This site is optimized with the Yoast SEO Premium plugin v27.3 (Yoast SEO v27.5) - https:\/\/yoast.com\/product\/yoast-seo-premium-wordpress\/ -->\n<title>W bran\u017cy IT trzeba by\u0107 ca\u0142y czas na bie\u017c\u0105co, czyli dlaczego warto do\u0142\u0105czy\u0107 do &quot;Letniej Szko\u0142y Programowania&quot;? | Ekoenergetyka<\/title>\n<meta name=\"description\" content=\"Letnia szko\u0142a programowania. W bran\u017cy IT trzeba by\u0107 na bie\u017c\u0105co. Sprawd\u017a, dlaczego warto do\u0142\u0105czy\u0107 do letniej szko\u0142y programowania w Ekoenergetyce.\" \/>\n<meta name=\"robots\" content=\"index, follow, max-snippet:-1, max-image-preview:large, max-video-preview:-1\" \/>\n<link rel=\"canonical\" href=\"https:\/\/ekoenergetyka.com\/pl\/blog-hr\/w-branzy-it-trzeba-byc-caly-czas-na-biezaco-czyli-dlaczego-warto-dolaczyc-do-letniej-szkoly-programowania\/\" \/>\n<meta property=\"og:locale\" content=\"pl_PL\" \/>\n<meta property=\"og:type\" content=\"article\" \/>\n<meta property=\"og:title\" content=\"W bran\u017cy IT trzeba by\u0107 ca\u0142y czas na bie\u017c\u0105co, czyli dlaczego warto do\u0142\u0105czy\u0107 do &quot;Letniej Szko\u0142y Programowania&quot;?\" \/>\n<meta property=\"og:description\" content=\"Letnia szko\u0142a programowania. W bran\u017cy IT trzeba by\u0107 na bie\u017c\u0105co. Sprawd\u017a, dlaczego warto do\u0142\u0105czy\u0107 do letniej szko\u0142y programowania w Ekoenergetyce.\" \/>\n<meta property=\"og:url\" content=\"https:\/\/ekoenergetyka.com\/pl\/blog-hr\/w-branzy-it-trzeba-byc-caly-czas-na-biezaco-czyli-dlaczego-warto-dolaczyc-do-letniej-szkoly-programowania\/\" \/>\n<meta property=\"og:site_name\" content=\"Ekoenergetyka\" \/>\n<meta property=\"article:publisher\" content=\"https:\/\/www.facebook.com\/ekoenergetykaPolska\/\" \/>\n<meta property=\"article:modified_time\" content=\"2024-05-30T08:06:07+00:00\" \/>\n<meta property=\"og:image\" content=\"https:\/\/ekoenergetyka.com\/wp-content\/uploads\/2023\/08\/2-3-nowy.jpg\" \/>\n\t<meta property=\"og:image:width\" content=\"2808\" \/>\n\t<meta property=\"og:image:height\" content=\"1627\" \/>\n\t<meta property=\"og:image:type\" content=\"image\/jpeg\" \/>\n<meta name=\"twitter:card\" content=\"summary_large_image\" \/>\n<meta name=\"twitter:label1\" content=\"Szacowany czas czytania\" \/>\n\t<meta name=\"twitter:data1\" content=\"2 minuty\" \/>\n<script type=\"application\/ld+json\" class=\"yoast-schema-graph\">{\"@context\":\"https:\\\/\\\/schema.org\",\"@graph\":[{\"@type\":\"WebPage\",\"@id\":\"https:\\\/\\\/ekoenergetyka.com\\\/pl\\\/blog-hr\\\/w-branzy-it-trzeba-byc-caly-czas-na-biezaco-czyli-dlaczego-warto-dolaczyc-do-letniej-szkoly-programowania\\\/\",\"url\":\"https:\\\/\\\/ekoenergetyka.com\\\/pl\\\/blog-hr\\\/w-branzy-it-trzeba-byc-caly-czas-na-biezaco-czyli-dlaczego-warto-dolaczyc-do-letniej-szkoly-programowania\\\/\",\"name\":\"W bran\u017cy IT trzeba by\u0107 ca\u0142y czas na bie\u017c\u0105co, czyli dlaczego warto do\u0142\u0105czy\u0107 do \\\"Letniej Szko\u0142y Programowania\\\"? | Ekoenergetyka\",\"isPartOf\":{\"@id\":\"https:\\\/\\\/ekoenergetyka.com\\\/pl\\\/#website\"},\"primaryImageOfPage\":{\"@id\":\"https:\\\/\\\/ekoenergetyka.com\\\/pl\\\/blog-hr\\\/w-branzy-it-trzeba-byc-caly-czas-na-biezaco-czyli-dlaczego-warto-dolaczyc-do-letniej-szkoly-programowania\\\/#primaryimage\"},\"image\":{\"@id\":\"https:\\\/\\\/ekoenergetyka.com\\\/pl\\\/blog-hr\\\/w-branzy-it-trzeba-byc-caly-czas-na-biezaco-czyli-dlaczego-warto-dolaczyc-do-letniej-szkoly-programowania\\\/#primaryimage\"},\"thumbnailUrl\":\"https:\\\/\\\/ekoenergetyka.com\\\/wp-content\\\/uploads\\\/2023\\\/08\\\/2-3-nowy.jpg\",\"datePublished\":\"2023-08-16T13:52:53+00:00\",\"dateModified\":\"2024-05-30T08:06:07+00:00\",\"description\":\"Letnia szko\u0142a programowania. W bran\u017cy IT trzeba by\u0107 na bie\u017c\u0105co. Sprawd\u017a, dlaczego warto do\u0142\u0105czy\u0107 do letniej szko\u0142y programowania w Ekoenergetyce.\",\"breadcrumb\":{\"@id\":\"https:\\\/\\\/ekoenergetyka.com\\\/pl\\\/blog-hr\\\/w-branzy-it-trzeba-byc-caly-czas-na-biezaco-czyli-dlaczego-warto-dolaczyc-do-letniej-szkoly-programowania\\\/#breadcrumb\"},\"inLanguage\":\"pl-PL\",\"potentialAction\":[{\"@type\":\"ReadAction\",\"target\":[\"https:\\\/\\\/ekoenergetyka.com\\\/pl\\\/blog-hr\\\/w-branzy-it-trzeba-byc-caly-czas-na-biezaco-czyli-dlaczego-warto-dolaczyc-do-letniej-szkoly-programowania\\\/\"]}]},{\"@type\":\"ImageObject\",\"inLanguage\":\"pl-PL\",\"@id\":\"https:\\\/\\\/ekoenergetyka.com\\\/pl\\\/blog-hr\\\/w-branzy-it-trzeba-byc-caly-czas-na-biezaco-czyli-dlaczego-warto-dolaczyc-do-letniej-szkoly-programowania\\\/#primaryimage\",\"url\":\"https:\\\/\\\/ekoenergetyka.com\\\/wp-content\\\/uploads\\\/2023\\\/08\\\/2-3-nowy.jpg\",\"contentUrl\":\"https:\\\/\\\/ekoenergetyka.com\\\/wp-content\\\/uploads\\\/2023\\\/08\\\/2-3-nowy.jpg\",\"width\":2808,\"height\":1627},{\"@type\":\"BreadcrumbList\",\"@id\":\"https:\\\/\\\/ekoenergetyka.com\\\/pl\\\/blog-hr\\\/w-branzy-it-trzeba-byc-caly-czas-na-biezaco-czyli-dlaczego-warto-dolaczyc-do-letniej-szkoly-programowania\\\/#breadcrumb\",\"itemListElement\":[{\"@type\":\"ListItem\",\"position\":1,\"name\":\"Strona G\u0142\u00f3wna\",\"item\":\"https:\\\/\\\/ekoenergetyka.com\\\/pl\\\/\"},{\"@type\":\"ListItem\",\"position\":2,\"name\":\"Blog HR\",\"item\":\"https:\\\/\\\/ekoenergetyka.com\\\/pl\\\/blog-hr\\\/\"},{\"@type\":\"ListItem\",\"position\":3,\"name\":\"W bran\u017cy IT trzeba by\u0107 ca\u0142y czas na bie\u017c\u0105co, czyli dlaczego warto do\u0142\u0105czy\u0107 do &#8222;Letniej Szko\u0142y Programowania&#8221;?\"}]},{\"@type\":\"WebSite\",\"@id\":\"https:\\\/\\\/ekoenergetyka.com\\\/pl\\\/#website\",\"url\":\"https:\\\/\\\/ekoenergetyka.com\\\/pl\\\/\",\"name\":\"Ekoenergetyka\",\"description\":\"\",\"publisher\":{\"@id\":\"https:\\\/\\\/ekoenergetyka.com\\\/pl\\\/#organization\"},\"potentialAction\":[{\"@type\":\"SearchAction\",\"target\":{\"@type\":\"EntryPoint\",\"urlTemplate\":\"https:\\\/\\\/ekoenergetyka.com\\\/pl\\\/?s={search_term_string}\"},\"query-input\":{\"@type\":\"PropertyValueSpecification\",\"valueRequired\":true,\"valueName\":\"search_term_string\"}}],\"inLanguage\":\"pl-PL\"},{\"@type\":\"Organization\",\"@id\":\"https:\\\/\\\/ekoenergetyka.com\\\/pl\\\/#organization\",\"name\":\"Ekoenergetyka - Polska S.A.\",\"url\":\"https:\\\/\\\/ekoenergetyka.com\\\/pl\\\/\",\"logo\":{\"@type\":\"ImageObject\",\"inLanguage\":\"pl-PL\",\"@id\":\"https:\\\/\\\/ekoenergetyka.com\\\/pl\\\/#\\\/schema\\\/logo\\\/image\\\/\",\"url\":\"https:\\\/\\\/ekoenergetyka.com\\\/wp-content\\\/uploads\\\/2024\\\/11\\\/cropped-sygnet-bez-tla-black-1-2.png\",\"contentUrl\":\"https:\\\/\\\/ekoenergetyka.com\\\/wp-content\\\/uploads\\\/2024\\\/11\\\/cropped-sygnet-bez-tla-black-1-2.png\",\"width\":512,\"height\":512,\"caption\":\"Ekoenergetyka - Polska S.A.\"},\"image\":{\"@id\":\"https:\\\/\\\/ekoenergetyka.com\\\/pl\\\/#\\\/schema\\\/logo\\\/image\\\/\"},\"sameAs\":[\"https:\\\/\\\/www.facebook.com\\\/ekoenergetykaPolska\\\/\",\"https:\\\/\\\/www.linkedin.com\\\/company\\\/ekoenergetyka\",\"https:\\\/\\\/www.youtube.com\\\/channel\\\/UCfZM_rPDdrv6D0JB-uhWi8Q\\\/videos\"],\"description\":\"Established in 2009 Poland with a sole purpose of providing charging solutions, we are one of the pioneers in the e-mobility industry. In a decade, Ekoenergetyka has grown from 2 to more than 400 employees (currently around 1,000) and has acquired customers throughout Europe and are now a Central and Eastern European leader in charging technologies.\",\"email\":\"contact@ekoenergetyka.com.pl\",\"telephone\":\"+ 48 68 328 20 68\",\"numberOfEmployees\":{\"@type\":\"QuantitativeValue\",\"minValue\":\"501\",\"maxValue\":\"1000\"}}]}<\/script>\n<!-- \/ Yoast SEO Premium plugin. -->","yoast_head_json":{"title":"W bran\u017cy IT trzeba by\u0107 ca\u0142y czas na bie\u017c\u0105co, czyli dlaczego warto do\u0142\u0105czy\u0107 do \"Letniej Szko\u0142y Programowania\"? | Ekoenergetyka","description":"Letnia szko\u0142a programowania. W bran\u017cy IT trzeba by\u0107 na bie\u017c\u0105co. Sprawd\u017a, dlaczego warto do\u0142\u0105czy\u0107 do letniej szko\u0142y programowania w Ekoenergetyce.","robots":{"index":"index","follow":"follow","max-snippet":"max-snippet:-1","max-image-preview":"max-image-preview:large","max-video-preview":"max-video-preview:-1"},"canonical":"https:\/\/ekoenergetyka.com\/pl\/blog-hr\/w-branzy-it-trzeba-byc-caly-czas-na-biezaco-czyli-dlaczego-warto-dolaczyc-do-letniej-szkoly-programowania\/","og_locale":"pl_PL","og_type":"article","og_title":"W bran\u017cy IT trzeba by\u0107 ca\u0142y czas na bie\u017c\u0105co, czyli dlaczego warto do\u0142\u0105czy\u0107 do \"Letniej Szko\u0142y Programowania\"?","og_description":"Letnia szko\u0142a programowania. W bran\u017cy IT trzeba by\u0107 na bie\u017c\u0105co. Sprawd\u017a, dlaczego warto do\u0142\u0105czy\u0107 do letniej szko\u0142y programowania w Ekoenergetyce.","og_url":"https:\/\/ekoenergetyka.com\/pl\/blog-hr\/w-branzy-it-trzeba-byc-caly-czas-na-biezaco-czyli-dlaczego-warto-dolaczyc-do-letniej-szkoly-programowania\/","og_site_name":"Ekoenergetyka","article_publisher":"https:\/\/www.facebook.com\/ekoenergetykaPolska\/","article_modified_time":"2024-05-30T08:06:07+00:00","og_image":[{"width":2808,"height":1627,"url":"https:\/\/ekoenergetyka.com\/wp-content\/uploads\/2023\/08\/2-3-nowy.jpg","type":"image\/jpeg"}],"twitter_card":"summary_large_image","twitter_misc":{"Szacowany czas czytania":"2 minuty"},"schema":{"@context":"https:\/\/schema.org","@graph":[{"@type":"WebPage","@id":"https:\/\/ekoenergetyka.com\/pl\/blog-hr\/w-branzy-it-trzeba-byc-caly-czas-na-biezaco-czyli-dlaczego-warto-dolaczyc-do-letniej-szkoly-programowania\/","url":"https:\/\/ekoenergetyka.com\/pl\/blog-hr\/w-branzy-it-trzeba-byc-caly-czas-na-biezaco-czyli-dlaczego-warto-dolaczyc-do-letniej-szkoly-programowania\/","name":"W bran\u017cy IT trzeba by\u0107 ca\u0142y czas na bie\u017c\u0105co, czyli dlaczego warto do\u0142\u0105czy\u0107 do \"Letniej Szko\u0142y Programowania\"? | Ekoenergetyka","isPartOf":{"@id":"https:\/\/ekoenergetyka.com\/pl\/#website"},"primaryImageOfPage":{"@id":"https:\/\/ekoenergetyka.com\/pl\/blog-hr\/w-branzy-it-trzeba-byc-caly-czas-na-biezaco-czyli-dlaczego-warto-dolaczyc-do-letniej-szkoly-programowania\/#primaryimage"},"image":{"@id":"https:\/\/ekoenergetyka.com\/pl\/blog-hr\/w-branzy-it-trzeba-byc-caly-czas-na-biezaco-czyli-dlaczego-warto-dolaczyc-do-letniej-szkoly-programowania\/#primaryimage"},"thumbnailUrl":"https:\/\/ekoenergetyka.com\/wp-content\/uploads\/2023\/08\/2-3-nowy.jpg","datePublished":"2023-08-16T13:52:53+00:00","dateModified":"2024-05-30T08:06:07+00:00","description":"Letnia szko\u0142a programowania. W bran\u017cy IT trzeba by\u0107 na bie\u017c\u0105co. Sprawd\u017a, dlaczego warto do\u0142\u0105czy\u0107 do letniej szko\u0142y programowania w Ekoenergetyce.","breadcrumb":{"@id":"https:\/\/ekoenergetyka.com\/pl\/blog-hr\/w-branzy-it-trzeba-byc-caly-czas-na-biezaco-czyli-dlaczego-warto-dolaczyc-do-letniej-szkoly-programowania\/#breadcrumb"},"inLanguage":"pl-PL","potentialAction":[{"@type":"ReadAction","target":["https:\/\/ekoenergetyka.com\/pl\/blog-hr\/w-branzy-it-trzeba-byc-caly-czas-na-biezaco-czyli-dlaczego-warto-dolaczyc-do-letniej-szkoly-programowania\/"]}]},{"@type":"ImageObject","inLanguage":"pl-PL","@id":"https:\/\/ekoenergetyka.com\/pl\/blog-hr\/w-branzy-it-trzeba-byc-caly-czas-na-biezaco-czyli-dlaczego-warto-dolaczyc-do-letniej-szkoly-programowania\/#primaryimage","url":"https:\/\/ekoenergetyka.com\/wp-content\/uploads\/2023\/08\/2-3-nowy.jpg","contentUrl":"https:\/\/ekoenergetyka.com\/wp-content\/uploads\/2023\/08\/2-3-nowy.jpg","width":2808,"height":1627},{"@type":"BreadcrumbList","@id":"https:\/\/ekoenergetyka.com\/pl\/blog-hr\/w-branzy-it-trzeba-byc-caly-czas-na-biezaco-czyli-dlaczego-warto-dolaczyc-do-letniej-szkoly-programowania\/#breadcrumb","itemListElement":[{"@type":"ListItem","position":1,"name":"Strona G\u0142\u00f3wna","item":"https:\/\/ekoenergetyka.com\/pl\/"},{"@type":"ListItem","position":2,"name":"Blog HR","item":"https:\/\/ekoenergetyka.com\/pl\/blog-hr\/"},{"@type":"ListItem","position":3,"name":"W bran\u017cy IT trzeba by\u0107 ca\u0142y czas na bie\u017c\u0105co, czyli dlaczego warto do\u0142\u0105czy\u0107 do &#8222;Letniej Szko\u0142y Programowania&#8221;?"}]},{"@type":"WebSite","@id":"https:\/\/ekoenergetyka.com\/pl\/#website","url":"https:\/\/ekoenergetyka.com\/pl\/","name":"Ekoenergetyka","description":"","publisher":{"@id":"https:\/\/ekoenergetyka.com\/pl\/#organization"},"potentialAction":[{"@type":"SearchAction","target":{"@type":"EntryPoint","urlTemplate":"https:\/\/ekoenergetyka.com\/pl\/?s={search_term_string}"},"query-input":{"@type":"PropertyValueSpecification","valueRequired":true,"valueName":"search_term_string"}}],"inLanguage":"pl-PL"},{"@type":"Organization","@id":"https:\/\/ekoenergetyka.com\/pl\/#organization","name":"Ekoenergetyka - Polska S.A.","url":"https:\/\/ekoenergetyka.com\/pl\/","logo":{"@type":"ImageObject","inLanguage":"pl-PL","@id":"https:\/\/ekoenergetyka.com\/pl\/#\/schema\/logo\/image\/","url":"https:\/\/ekoenergetyka.com\/wp-content\/uploads\/2024\/11\/cropped-sygnet-bez-tla-black-1-2.png","contentUrl":"https:\/\/ekoenergetyka.com\/wp-content\/uploads\/2024\/11\/cropped-sygnet-bez-tla-black-1-2.png","width":512,"height":512,"caption":"Ekoenergetyka - Polska S.A."},"image":{"@id":"https:\/\/ekoenergetyka.com\/pl\/#\/schema\/logo\/image\/"},"sameAs":["https:\/\/www.facebook.com\/ekoenergetykaPolska\/","https:\/\/www.linkedin.com\/company\/ekoenergetyka","https:\/\/www.youtube.com\/channel\/UCfZM_rPDdrv6D0JB-uhWi8Q\/videos"],"description":"Established in 2009 Poland with a sole purpose of providing charging solutions, we are one of the pioneers in the e-mobility industry. In a decade, Ekoenergetyka has grown from 2 to more than 400 employees (currently around 1,000) and has acquired customers throughout Europe and are now a Central and Eastern European leader in charging technologies.","email":"contact@ekoenergetyka.com.pl","telephone":"+ 48 68 328 20 68","numberOfEmployees":{"@type":"QuantitativeValue","minValue":"501","maxValue":"1000"}}]}},"_links":{"self":[{"href":"https:\/\/ekoenergetyka.com\/pl\/wp-json\/wp\/v2\/bloghr\/28357","targetHints":{"allow":["GET"]}}],"collection":[{"href":"https:\/\/ekoenergetyka.com\/pl\/wp-json\/wp\/v2\/bloghr"}],"about":[{"href":"https:\/\/ekoenergetyka.com\/pl\/wp-json\/wp\/v2\/types\/bloghr"}],"wp:featuredmedia":[{"embeddable":true,"href":"https:\/\/ekoenergetyka.com\/pl\/wp-json\/wp\/v2\/media\/28378"}],"wp:attachment":[{"href":"https:\/\/ekoenergetyka.com\/pl\/wp-json\/wp\/v2\/media?parent=28357"}],"curies":[{"name":"wp","href":"https:\/\/api.w.org\/{rel}","templated":true}]}}