{"id":24163,"date":"2023-02-13T10:22:24","date_gmt":"2023-02-13T09:22:24","guid":{"rendered":"https:\/\/ekoenergetyka.com\/?post_type=bloghr&#038;p=24163"},"modified":"2023-02-13T14:06:03","modified_gmt":"2023-02-13T13:06:03","slug":"ekozaloga-gra-razem-z-wosp","status":"publish","type":"bloghr","link":"https:\/\/ekoenergetyka.com\/pl\/blog-hr\/ekozaloga-gra-razem-z-wosp\/","title":{"rendered":"EKOza\u0142oga gra razem z WO\u015aP!"},"content":{"rendered":"\n<p>Jest na \u015bwiecie taka Orkiestra, kt\u00f3rej d\u017awi\u0119k rozbrzmiewa w wielu milionach serc. To w\u0142a\u015bnie ona gra do ko\u0144ca \u015bwiata i o jeden dzie\u0144 d\u0142u\u017cej, a razem z ni\u0105 setki wolontariuszy na ca\u0142ym \u015bwiecie. Niewa\u017cne, czy \u015bwieci s\u0142o\u0144ce, czy pada deszcz, \u015bnieg czy trzaska mrozem, oni wychodz\u0105 w miasto kwestowa\u0107. Mo\u017cna ich pozna\u0107 po charakterystycznej puszce i identyfikatorze, kt\u00f3ry uprawnia&nbsp; do zbierania datk\u00f3w. Kreatywno\u015b\u0107 wolontariuszy w wyr\u00f3\u017cnianiu si\u0119 spo\u015br\u00f3d t\u0142umu przechodni\u00f3w nie zna granic. Maj\u0105 wa\u017cny cel \u2013 chc\u0105 szerzy\u0107 dobro!<\/p>\n\n\n\n<p>W naszej #EKOspo\u0142eczno\u015bci jest wiele serc otwartych na pomaganie. Kilka z nich wzi\u0119\u0142o udzia\u0142 w najwi\u0119kszej, publicznej zbi\u00f3rce pieni\u0119dzy w Polsce. \u201eChcemy wygra\u0107 z seps\u0105! Gramy dla wszystkich \u2013 ma\u0142ych i du\u017cych\u201d \u2013 tak brzmi has\u0142o 31. fina\u0142u WO\u015aP. Celem tegorocznej zbi\u00f3rki by\u0142o wyposa\u017cenie laboratori\u00f3w w urz\u0105dzenia pozwalaj\u0105ce na przyspieszenie diagnostyki zaka\u017ce\u0144, kt\u00f3re mog\u0105 spowodowa\u0107 seps\u0119. To pierwszy raz, gdy ze sprz\u0119tu b\u0119d\u0105 mogli korzysta\u0107 pacjenci w r\u00f3\u017cnym wieku. Sepsa jest bardzo niebezpieczna dla zdrowia i o tym, czy wda si\u0119 zaka\u017cenie decyduj\u0105 minuty. Dlatego diagnostyka jest bardzo wa\u017cna.&nbsp;<\/p>\n\n\n\n<p>Cho\u0107 pogoda nie rozpieszcza\u0142a. Marta, Aneta, Dominika, Piotr, Raj, Rafa\u0142 i Rajmund, bo to o nich mowa, w niedziel\u0119 29 stycznia 2023 roku, dzielnie kwestowali nie tylko na ulicach Zielonej G\u00f3ry, ale tak\u017ce Warszawy!&nbsp;<\/p>\n\n\n\n<p>Chcemy pokaza\u0107 \u015bwiatu, \u017ce Ekoenergetyka, Fundacja Ekoenergetyki i nasi pracownicy graj\u0105 razem z Jurkiem Owsiakiem. To w\u0142a\u015bnie oni s\u0105 cz\u0119\u015bci\u0105 #EKOspo\u0142eczno\u015bci! Ka\u017cdy biznes to ludzie, kt\u00f3rzy go wsp\u00f3lnie tworz\u0105. Powod\u00f3w, dla kt\u00f3rych nasi pracownicy wspieraj\u0105 #WO\u015aP jest tysi\u0105ce. Poznajcie te, kt\u00f3re s\u0105 najbli\u017csze ich sercom.<\/p>\n\n\n\n<p>\u201eJestem mam\u0105 dw\u00f3jki wspania\u0142ych dzieci. Bardzo wa\u017cne jest dla mnie kszta\u0142towanie w nich empatii i wra\u017cliwo\u015bci na drugiego cz\u0142owieka.&nbsp; WO\u015aP jest doskona\u0142\u0105 okazj\u0105, by pokaza\u0107 dzieciom na czym polega idea wolontariatu i bezinteresownej pomocy. Fina\u0142 rozpoczynamy ju\u017c w domu. Daria i Radek wrzucaj\u0105 drobne ze swoich osobistych skarbonek do kolorowych, Wo\u015bp\u2019owych puszek. Anga\u017cuj\u0105 w to tak\u017ce innych cz\u0142onk\u00f3w rodziny \u2013 babcie, dziadk\u00f3w, ciocie i wujk\u00f3w, a p\u00f3\u017aniej wychodzimy na ulice Zielonej G\u00f3ry. Kwestujemy rodzinnie \u2013 ja, m\u0105\u017c, syn i c\u00f3rka. Mimo trudno\u015bci \u2013 brzydkiej pogody czy zm\u0119czenia, Daria i Radek z u\u015bmiechem podchodz\u0105 do napotkanych os\u00f3b. Jestem z nich bardzo dumna! Doro\u015bli bardzo ch\u0119tnie wrzucaj\u0105 pieni\u0105dze do dzieci\u0119cych puszek. Widok ma\u0142ych brzd\u0105c\u00f3w zbieraj\u0105cych datki dla swoich chorych r\u00f3wie\u015bnik\u00f3w, chwyta za serce, przez co ludzie s\u0105 bardziej skorzy do pomocy. To ju\u017c trzeci raz, odk\u0105d kwestuj\u0119 z moimi pociechami. Wcze\u015bniej, chodz\u0105c w liceum, tak\u017ce anga\u017cowa\u0142am si\u0119 w #WO\u015aP\u201d - <strong>Kierowniczka ds. rekrutacji wdro\u017ce\u0144, Marta Jab\u0142o\u0144ska<\/strong>.<\/p>\n\n\n\n<figure class=\"wp-block-image size-full\"><img loading=\"lazy\" decoding=\"async\" width=\"1500\" height=\"1000\" src=\"https:\/\/ekoenergetyka.com\/wp-content\/uploads\/2023\/02\/blog-hr-tresc-1.jpg\" alt=\"\" class=\"wp-image-24200\" srcset=\"https:\/\/ekoenergetyka.com\/wp-content\/uploads\/2023\/02\/blog-hr-tresc-1.jpg 1500w, https:\/\/ekoenergetyka.com\/wp-content\/uploads\/2023\/02\/blog-hr-tresc-1-300x200.jpg 300w, https:\/\/ekoenergetyka.com\/wp-content\/uploads\/2023\/02\/blog-hr-tresc-1-1024x683.jpg 1024w, https:\/\/ekoenergetyka.com\/wp-content\/uploads\/2023\/02\/blog-hr-tresc-1-768x512.jpg 768w\" sizes=\"auto, (max-width: 1500px) 100vw, 1500px\" \/><figcaption class=\"wp-element-caption\"><strong><strong>Na zdj\u0119ciu Marta Jab\u0142o\u0144ska z dzie\u0107mi<\/strong><\/strong><\/figcaption><\/figure>\n\n\n\n<p><\/p>\n\n\n\n<p>\u201ePomaganie drugiemu cz\u0142owiekowi powinno by\u0107 wpisane w DNA ka\u017cdego z nas. Wed\u0142ug mnie WO\u015aP jest przyk\u0142adem dobrze zorganizowanej pomocy. Po pierwsze wiadomo na jaki medyczny cel zbierane s\u0105 pieni\u0105dze. Po drugie, ten cel jest co roku inny. Lubi\u0119 WO\u015aP za to, \u017ce jednoczy spo\u0142ecze\u0144stwo.<\/p>\n\n\n\n<p>W tym roku, pierwszy raz kwestowa\u0142am w Zielonej G\u00f3rze razem z moj\u0105 ukochan\u0105 jamniczk\u0105 \u2013 Abi. Podczas Fina\u0142u pozna\u0142y\u015bmy wielu psich sympatyk\u00f3w, kt\u00f3rzy zatrzymywali si\u0119, by wrzuci\u0107 pieni\u0105dze do puszki, zamieni\u0107 kilka s\u0142\u00f3w i pog\u0142aska\u0107 Abi. Spotka\u0142y\u015bmy ma\u0142\u017ce\u0144stwo, kt\u00f3re specjalnie szuka\u0142o psich wolontariuszy, poniewa\u017c mieli dla nich przygotowane smaczki.\u201d - <strong>M\u0142odsza Specjalistka ds. Personalnych, Aneta Mokrzycka<\/strong>.<\/p>\n\n\n\n<figure class=\"wp-block-image size-full\"><img loading=\"lazy\" decoding=\"async\" width=\"1500\" height=\"1000\" src=\"https:\/\/ekoenergetyka.com\/wp-content\/uploads\/2023\/02\/aneta.jpg\" alt=\"\" class=\"wp-image-24169\" srcset=\"https:\/\/ekoenergetyka.com\/wp-content\/uploads\/2023\/02\/aneta.jpg 1500w, https:\/\/ekoenergetyka.com\/wp-content\/uploads\/2023\/02\/aneta-300x200.jpg 300w, https:\/\/ekoenergetyka.com\/wp-content\/uploads\/2023\/02\/aneta-1024x683.jpg 1024w, https:\/\/ekoenergetyka.com\/wp-content\/uploads\/2023\/02\/aneta-768x512.jpg 768w\" sizes=\"auto, (max-width: 1500px) 100vw, 1500px\" \/><figcaption class=\"wp-element-caption\"><strong>Na zdj\u0119ciu Aneta Mokrzycka z Abi<\/strong><\/figcaption><\/figure>\n\n\n\n<p><\/p>\n\n\n\n<p>\u201ePrzekonania na r\u00f3\u017cne tematy wynosimy z domu. Pewnie dlatego #WO\u015aP zajmuje szczeg\u00f3lne miejsce w moim sercu. Od momentu powstania Orkiestry, moi bliscy graj\u0105 z Jurkiem w jednej dru\u017cynie. Mama i babcia opowiedzia\u0142y mi histori\u0119 ma\u0142ej, niespe\u0142na miesi\u0119cznej dziewczynki, kt\u00f3ra zachorowa\u0142a i sprz\u0119t z charakterystycznym, czerwonym serduszkiem uratowa\u0142 jej \u017cycie. Tym dzieckiem by\u0142am ja. To jest najwa\u017cniejszy pow\u00f3d, dla kt\u00f3rego kwestuj\u0119.<\/p>\n\n\n\n<p>Za mn\u0105 tysi\u0105ce wydeptanych krok\u00f3w. Do tej pory kwestowa\u0142am w trzech miastach \u2013 w mojej rodzinnej miejscowo\u015bci, w Poznaniu i w Zielonej G\u00f3rze. W tym roku, po raz 3 chodzi\u0142am z puszk\u0105 po ulicach winnego grodu. Od 3 lat mam kompana, kt\u00f3rym jest m\u00f3j rudy, czworono\u017cny przyjaciel \u2013 \u015aredniaczek. To w\u0142a\u015bnie on przyci\u0105ga uwag\u0119 przechodni\u00f3w swoj\u0105 niebanaln\u0105 urod\u0105 i merdaj\u0105cym ogonem. Mimo tego, \u017ce nie ma swojego identyfikatora to i tak ca\u0142ym sercem wspiera WO\u015aP. To wolontariusz, obok kt\u00f3rego nie da si\u0119 przej\u015b\u0107 oboj\u0119tnie!\u201d - <strong>M\u0142odsza Specjalistka ds. Komunikacji, Dominika Markowska<\/strong>.<\/p>\n\n\n\n<figure class=\"wp-block-image size-full\"><img loading=\"lazy\" decoding=\"async\" width=\"1500\" height=\"1000\" src=\"https:\/\/ekoenergetyka.com\/wp-content\/uploads\/2023\/02\/dominika.jpg\" alt=\"\" class=\"wp-image-24174\" srcset=\"https:\/\/ekoenergetyka.com\/wp-content\/uploads\/2023\/02\/dominika.jpg 1500w, https:\/\/ekoenergetyka.com\/wp-content\/uploads\/2023\/02\/dominika-300x200.jpg 300w, https:\/\/ekoenergetyka.com\/wp-content\/uploads\/2023\/02\/dominika-1024x683.jpg 1024w, https:\/\/ekoenergetyka.com\/wp-content\/uploads\/2023\/02\/dominika-768x512.jpg 768w\" sizes=\"auto, (max-width: 1500px) 100vw, 1500px\" \/><figcaption class=\"wp-element-caption\"><strong>Na zdj\u0119ciu Dominika Markowska, Aneta Mokrzycka i \u015aredniaczek<\/strong><\/figcaption><\/figure>\n\n\n\n<p><\/p>\n\n\n\n<p>\u201eJestem spo\u0142ecznikiem. Wolontariat od dawna wype\u0142nia moje \u017cycie. Nie zastanawiam si\u0119 nad tym g\u0142\u0119biej, po prostu id\u0119 i pomagam. Moja przygoda z WO\u015aP zacz\u0119\u0142a si\u0119 w dzieci\u0144stwie. Rodzice zaszczepili we mnie i w moim rodze\u0144stwie sympati\u0119 do Orkiestry. Pami\u0119tam jak dzi\u015b \u2013 podczas ka\u017cdego niedzielnego fina\u0142u wychodzili\u015bmy ca\u0142\u0105 rodzin\u0105 w miasto, na poszukiwanie wolontariuszy z czerwonymi serduszkami. Rodzice przygotowywali drobne, \u017ceby\u015bmy mogli wrzuca\u0107 do puszek. Z perspektywy Dziecka najbardziej cieszy\u0142a nas du\u017ca ilo\u015b\u0107 naklejek. P\u00f3\u017aniej wracali\u015bmy do domu, by wsp\u00f3lnie obejrze\u0107 transmisj\u0119 z warszawskiego fina\u0142u.\u201d<\/p>\n\n\n\n<p>To nie jedyny pow\u00f3d, dla kt\u00f3rego wspieram WO\u015aP!<\/p>\n\n\n\n<p>W latach 90. by\u0142a taka moda, \u017ce wiele moment\u00f3w uwiecznia\u0142o si\u0119 kamer\u0105. W mojej rodzinie, naczelnym video kamerzyst\u0105 by\u0142 m\u00f3j wujek. Jestem wcze\u015bniakiem. Wujek nagra\u0142 film z mojego pobytu w szpitalu w Zielonej G\u00f3rze. Ogl\u0105da\u0142em go wiele razy. Kadr, kt\u00f3ry mi najbardziej zapad\u0142 w pami\u0119\u0107. Sala, w kt\u00f3rej znajduj\u0105 si\u0119 inkubatory. W jednym z nich le\u017c\u0119 ja, w pozosta\u0142ych dzieci, kt\u00f3re wa\u017cy\u0142y kilogram lub nawet mniej. Jest rok 1994, a na sprz\u0119cie medycznym ju\u017c widnieje logo WO\u015aP. Pierwszy fina\u0142 mia\u0142 miejsce w 1992 roku. To by\u0142 czas, w kt\u00f3rym Fundacja stawia\u0142a swoje pierwsze kroki i ju\u017c uda\u0142o jej si\u0119 dotrze\u0107 ze specjalistyczn\u0105 aparatur\u0105 do Zielonej G\u00f3ry.&nbsp;<\/p>\n\n\n\n<p>Wolontariuszem WO\u015aP jestem od oko\u0142o 4 lat. Kwestuj\u0119 razem z siostr\u0105. Zdarza si\u0119 tak\u017ce, \u017ce chodzimy wi\u0119ksz\u0105 ekip\u0105 znajomych.\u201d - <strong>Technolog w Dziale Produkcji, Piotr Januszek<\/strong>.<\/p>\n\n\n\n<figure class=\"wp-block-image size-full\"><img loading=\"lazy\" decoding=\"async\" width=\"1500\" height=\"1000\" src=\"https:\/\/ekoenergetyka.com\/wp-content\/uploads\/2023\/02\/piotr.jpg\" alt=\"\" class=\"wp-image-24179\" srcset=\"https:\/\/ekoenergetyka.com\/wp-content\/uploads\/2023\/02\/piotr.jpg 1500w, https:\/\/ekoenergetyka.com\/wp-content\/uploads\/2023\/02\/piotr-300x200.jpg 300w, https:\/\/ekoenergetyka.com\/wp-content\/uploads\/2023\/02\/piotr-1024x683.jpg 1024w, https:\/\/ekoenergetyka.com\/wp-content\/uploads\/2023\/02\/piotr-768x512.jpg 768w\" sizes=\"auto, (max-width: 1500px) 100vw, 1500px\" \/><figcaption class=\"wp-element-caption\"><strong>Na zdj\u0119ciu Piotr Januszek z siostr\u0105<\/strong><\/figcaption><\/figure>\n\n\n\n<p><\/p>\n\n\n\n<p>\u201eM\u00f3j syn od pierwszego dnia \u017cycia mia\u0142 styczno\u015b\u0107 z Orkiestr\u0105. Ka\u017cde dziecko, zaraz po urodzeniu, przechodzi r\u00f3\u017cne badania. W tym badanie s\u0142uchu, kt\u00f3re wykonywane jest na sprz\u0119cie ufundowanym przez WO\u015aP. Bartek od ma\u0142ego w\u0142\u0105czy\u0142 si\u0119 w pomaganie. Pieni\u0105dze ze skarbonki, kt\u00f3re by\u0142y przeznaczone na jego ulubione LEGO, wola\u0142 przeznaczy\u0107 na cele charytatywne. Kilka lat p\u00f3\u017aniej sam zacz\u0105\u0142 kwestowa\u0107. Obecnie ma 15 lat. Doskonale pami\u0119tam ten moment! Niedzielny wiecz\u00f3r, siedzimy przed telewizorem i wsp\u00f3lnie ogl\u0105damy transmisj\u0119 z fina\u0142u. Podchodzi do mnie o\u015bmioletni Bartek<br>i m\u00f3wi: \u201etato, te\u017c chcia\u0142bym zosta\u0107 wolontariuszem! \u201d. No i tak to si\u0119 zacz\u0119\u0142o \u2013 wci\u0105gn\u0119li\u015bmy si\u0119 w to oboje. Mamy swoje rytua\u0142y zwi\u0105zane z kwestowaniem oraz chodzimy swoimi sprawdzonymi \u015bcie\u017ckami.<\/p>\n\n\n\n<p>Dla mojego syna WO\u015aP znaczy bardzo du\u017co. Kilka lat temu, Bartek by\u0142 uczestnikiem kolonii dla dzieci organizowanej przez Fundacj\u0119, a jego marzeniem jest poznanie Jurka Owsiaka. Wszystko zacz\u0119\u0142o si\u0119 od wspomnienia, kt\u00f3rym podzieli\u0142em si\u0119 z Bartkiem. Wiele lat temu, w czasach gdy Przystanek Woodstock organizowany by\u0142 w \u017barach, mia\u0142em okazj\u0119 pozna\u0107 Najpi\u0119kniejszy Festiwal \u015awiata od kuchni. Tak si\u0119 z\u0142o\u017cy\u0142o, \u017ce w\u0142a\u015bnie wtedy spotka\u0142em Jurka.<\/p>\n\n\n\n<p>Jestem gotowy do pomocy przez ca\u0142y rok, tak jak fundacja niesie pomoc 365 dni w roku. Dla mnie pomaganie jest normalne, jest wiele os\u00f3b potrzebuj\u0105cych w naszym najbli\u017cszym otoczeniu.\u201d - <strong>Monter, Rajmund Su\u0142kowski<\/strong>.<\/p>\n\n\n\n<figure class=\"wp-block-image size-full\"><img loading=\"lazy\" decoding=\"async\" width=\"1500\" height=\"1000\" src=\"https:\/\/ekoenergetyka.com\/wp-content\/uploads\/2023\/02\/rajmund.jpg\" alt=\"\" class=\"wp-image-24184\" srcset=\"https:\/\/ekoenergetyka.com\/wp-content\/uploads\/2023\/02\/rajmund.jpg 1500w, https:\/\/ekoenergetyka.com\/wp-content\/uploads\/2023\/02\/rajmund-300x200.jpg 300w, https:\/\/ekoenergetyka.com\/wp-content\/uploads\/2023\/02\/rajmund-1024x683.jpg 1024w, https:\/\/ekoenergetyka.com\/wp-content\/uploads\/2023\/02\/rajmund-768x512.jpg 768w\" sizes=\"auto, (max-width: 1500px) 100vw, 1500px\" \/><figcaption class=\"wp-element-caption\"><strong>Na zdj\u0119ciu Rajmund Su\u0142kowski z synem<\/strong><\/figcaption><\/figure>\n\n\n\n<p><\/p>\n\n\n\n<p>\u201eWolontariat to, co\u015b co daje mi satysfakcje. Staram si\u0119 pomaga\u0107 na r\u00f3\u017cne sposoby tym, kt\u00f3rzy tego potrzebuj\u0105. Jako wolontariusz Pokojowego Patrolu wspieram Fundacje WO\u015aP ju\u017c od 4 lat we wszystkich aktywno\u015bciach, kt\u00f3re tworzy tj. Fina\u0142 Wielkiej Orkiestry \u015awi\u0105tecznej Pomocy oraz letni festiwal Pol'and'Rock. Razem realizujemy niesamowite projekty, kt\u00f3re s\u0105 niezapomnianym prze\u017cyciem.\u201d - <strong>Specjalista ds. Kontroli Jako\u015bci P\u00f3\u0142produkt\u00f3w, Rafa\u0142 Stefanowski<\/strong>.<\/p>\n\n\n\n<figure class=\"wp-block-image size-full\"><img loading=\"lazy\" decoding=\"async\" width=\"2560\" height=\"1184\" src=\"https:\/\/ekoenergetyka.com\/wp-content\/uploads\/2023\/02\/psx-20230131-145603-1.jpg\" alt=\"\" class=\"wp-image-24189\" srcset=\"https:\/\/ekoenergetyka.com\/wp-content\/uploads\/2023\/02\/psx-20230131-145603-1.jpg 2560w, https:\/\/ekoenergetyka.com\/wp-content\/uploads\/2023\/02\/psx-20230131-145603-1-300x139.jpg 300w, https:\/\/ekoenergetyka.com\/wp-content\/uploads\/2023\/02\/psx-20230131-145603-1-1024x474.jpg 1024w, https:\/\/ekoenergetyka.com\/wp-content\/uploads\/2023\/02\/psx-20230131-145603-1-768x355.jpg 768w, https:\/\/ekoenergetyka.com\/wp-content\/uploads\/2023\/02\/psx-20230131-145603-1-1536x710.jpg 1536w, https:\/\/ekoenergetyka.com\/wp-content\/uploads\/2023\/02\/psx-20230131-145603-1-2048x947.jpg 2048w\" sizes=\"auto, (max-width: 2560px) 100vw, 2560px\" \/><figcaption class=\"wp-element-caption\"><strong>Na zdj\u0119ciu Rafa\u0142 Stefanowski z kolegami<\/strong><\/figcaption><\/figure>\n\n\n\n<p><\/p>\n\n\n\n<p>To buduj\u0105ce jak wiele dobrych serc pracuje w #EKO. Ka\u017cdego miesi\u0105ca ten arsena\u0142 powi\u0119ksza si\u0119 o nowych pracownik\u00f3w. Cieszymy si\u0119, \u017ce razem tworzymy spo\u0142eczno\u015b\u0107, kt\u00f3ra wspiera dzia\u0142ania inicjowane przez #Ekoenergetyk\u0119 i #Fundacj\u0119Ekoenergetyki.<\/p>\n","protected":false},"excerpt":{"rendered":"<p>Jest na \u015bwiecie taka Orkiestra, kt\u00f3rej d\u017awi\u0119k rozbrzmiewa w wielu milionach serc. To w\u0142a\u015bnie ona gra do ko\u0144ca \u015bwiata i o jeden dzie\u0144 d\u0142u\u017cej, a razem z ni\u0105 setki wolontariuszy na ca\u0142ym \u015bwiecie. Niewa\u017cne, czy \u015bwieci s\u0142o\u0144ce, czy pada deszcz, \u015bnieg czy trzaska mrozem, oni wychodz\u0105 w miasto kwestowa\u0107. Mo\u017cna ich pozna\u0107 po charakterystycznej puszce [&hellip;]<\/p>\n","protected":false},"featured_media":24194,"template":"","class_list":["post-24163","bloghr","type-bloghr","status-publish","has-post-thumbnail","hentry"],"acf":[],"yoast_head":"<!-- This site is optimized with the Yoast SEO Premium plugin v27.3 (Yoast SEO v27.5) - https:\/\/yoast.com\/product\/yoast-seo-premium-wordpress\/ -->\n<title>EKOza\u0142oga gra razem z WO\u015aP! | Ekoenergetyka<\/title>\n<meta name=\"description\" content=\"Jest na \u015bwiecie taka Orkiestra, kt\u00f3rej d\u017awi\u0119k rozbrzmiewa w wielu milionach serc. To w\u0142a\u015bnie ona gra do ko\u0144ca \u015bwiata i o jeden dzie\u0144 d\u0142u\u017cej, a razem z ni\u0105 setki wolontariuszy na ca\u0142ym \u015bwiecie.\" \/>\n<meta name=\"robots\" content=\"index, follow, max-snippet:-1, max-image-preview:large, max-video-preview:-1\" \/>\n<link rel=\"canonical\" href=\"https:\/\/ekoenergetyka.com\/pl\/blog-hr\/ekozaloga-gra-razem-z-wosp\/\" \/>\n<meta property=\"og:locale\" content=\"pl_PL\" \/>\n<meta property=\"og:type\" content=\"article\" \/>\n<meta property=\"og:title\" content=\"EKOza\u0142oga gra razem z WO\u015aP!\" \/>\n<meta property=\"og:description\" content=\"Jest na \u015bwiecie taka Orkiestra, kt\u00f3rej d\u017awi\u0119k rozbrzmiewa w wielu milionach serc. To w\u0142a\u015bnie ona gra do ko\u0144ca \u015bwiata i o jeden dzie\u0144 d\u0142u\u017cej, a razem z ni\u0105 setki wolontariuszy na ca\u0142ym \u015bwiecie.\" \/>\n<meta property=\"og:url\" content=\"https:\/\/ekoenergetyka.com\/pl\/blog-hr\/ekozaloga-gra-razem-z-wosp\/\" \/>\n<meta property=\"og:site_name\" content=\"Ekoenergetyka\" \/>\n<meta property=\"article:publisher\" content=\"https:\/\/www.facebook.com\/ekoenergetykaPolska\/\" \/>\n<meta property=\"article:modified_time\" content=\"2023-02-13T13:06:03+00:00\" \/>\n<meta property=\"og:image\" content=\"https:\/\/ekoenergetyka.com\/wp-content\/uploads\/2023\/02\/blog-hr-1.jpg\" \/>\n\t<meta property=\"og:image:width\" content=\"1920\" \/>\n\t<meta property=\"og:image:height\" content=\"1080\" \/>\n\t<meta property=\"og:image:type\" content=\"image\/jpeg\" \/>\n<meta name=\"twitter:card\" content=\"summary_large_image\" \/>\n<meta name=\"twitter:label1\" content=\"Szacowany czas czytania\" \/>\n\t<meta name=\"twitter:data1\" content=\"9 minut\" \/>\n<script type=\"application\/ld+json\" class=\"yoast-schema-graph\">{\"@context\":\"https:\\\/\\\/schema.org\",\"@graph\":[{\"@type\":\"WebPage\",\"@id\":\"https:\\\/\\\/ekoenergetyka.com\\\/pl\\\/blog-hr\\\/ekozaloga-gra-razem-z-wosp\\\/\",\"url\":\"https:\\\/\\\/ekoenergetyka.com\\\/pl\\\/blog-hr\\\/ekozaloga-gra-razem-z-wosp\\\/\",\"name\":\"EKOza\u0142oga gra razem z WO\u015aP! | Ekoenergetyka\",\"isPartOf\":{\"@id\":\"https:\\\/\\\/ekoenergetyka.com\\\/pl\\\/#website\"},\"primaryImageOfPage\":{\"@id\":\"https:\\\/\\\/ekoenergetyka.com\\\/pl\\\/blog-hr\\\/ekozaloga-gra-razem-z-wosp\\\/#primaryimage\"},\"image\":{\"@id\":\"https:\\\/\\\/ekoenergetyka.com\\\/pl\\\/blog-hr\\\/ekozaloga-gra-razem-z-wosp\\\/#primaryimage\"},\"thumbnailUrl\":\"https:\\\/\\\/ekoenergetyka.com\\\/wp-content\\\/uploads\\\/2023\\\/02\\\/blog-hr-1.jpg\",\"datePublished\":\"2023-02-13T09:22:24+00:00\",\"dateModified\":\"2023-02-13T13:06:03+00:00\",\"description\":\"Jest na \u015bwiecie taka Orkiestra, kt\u00f3rej d\u017awi\u0119k rozbrzmiewa w wielu milionach serc. To w\u0142a\u015bnie ona gra do ko\u0144ca \u015bwiata i o jeden dzie\u0144 d\u0142u\u017cej, a razem z ni\u0105 setki wolontariuszy na ca\u0142ym \u015bwiecie.\",\"breadcrumb\":{\"@id\":\"https:\\\/\\\/ekoenergetyka.com\\\/pl\\\/blog-hr\\\/ekozaloga-gra-razem-z-wosp\\\/#breadcrumb\"},\"inLanguage\":\"pl-PL\",\"potentialAction\":[{\"@type\":\"ReadAction\",\"target\":[\"https:\\\/\\\/ekoenergetyka.com\\\/pl\\\/blog-hr\\\/ekozaloga-gra-razem-z-wosp\\\/\"]}]},{\"@type\":\"ImageObject\",\"inLanguage\":\"pl-PL\",\"@id\":\"https:\\\/\\\/ekoenergetyka.com\\\/pl\\\/blog-hr\\\/ekozaloga-gra-razem-z-wosp\\\/#primaryimage\",\"url\":\"https:\\\/\\\/ekoenergetyka.com\\\/wp-content\\\/uploads\\\/2023\\\/02\\\/blog-hr-1.jpg\",\"contentUrl\":\"https:\\\/\\\/ekoenergetyka.com\\\/wp-content\\\/uploads\\\/2023\\\/02\\\/blog-hr-1.jpg\",\"width\":1920,\"height\":1080},{\"@type\":\"BreadcrumbList\",\"@id\":\"https:\\\/\\\/ekoenergetyka.com\\\/pl\\\/blog-hr\\\/ekozaloga-gra-razem-z-wosp\\\/#breadcrumb\",\"itemListElement\":[{\"@type\":\"ListItem\",\"position\":1,\"name\":\"Strona G\u0142\u00f3wna\",\"item\":\"https:\\\/\\\/ekoenergetyka.com\\\/pl\\\/\"},{\"@type\":\"ListItem\",\"position\":2,\"name\":\"Blog HR\",\"item\":\"https:\\\/\\\/ekoenergetyka.com\\\/pl\\\/blog-hr\\\/\"},{\"@type\":\"ListItem\",\"position\":3,\"name\":\"EKOza\u0142oga gra razem z WO\u015aP!\"}]},{\"@type\":\"WebSite\",\"@id\":\"https:\\\/\\\/ekoenergetyka.com\\\/pl\\\/#website\",\"url\":\"https:\\\/\\\/ekoenergetyka.com\\\/pl\\\/\",\"name\":\"Ekoenergetyka\",\"description\":\"\",\"publisher\":{\"@id\":\"https:\\\/\\\/ekoenergetyka.com\\\/pl\\\/#organization\"},\"potentialAction\":[{\"@type\":\"SearchAction\",\"target\":{\"@type\":\"EntryPoint\",\"urlTemplate\":\"https:\\\/\\\/ekoenergetyka.com\\\/pl\\\/?s={search_term_string}\"},\"query-input\":{\"@type\":\"PropertyValueSpecification\",\"valueRequired\":true,\"valueName\":\"search_term_string\"}}],\"inLanguage\":\"pl-PL\"},{\"@type\":\"Organization\",\"@id\":\"https:\\\/\\\/ekoenergetyka.com\\\/pl\\\/#organization\",\"name\":\"Ekoenergetyka - Polska S.A.\",\"url\":\"https:\\\/\\\/ekoenergetyka.com\\\/pl\\\/\",\"logo\":{\"@type\":\"ImageObject\",\"inLanguage\":\"pl-PL\",\"@id\":\"https:\\\/\\\/ekoenergetyka.com\\\/pl\\\/#\\\/schema\\\/logo\\\/image\\\/\",\"url\":\"https:\\\/\\\/ekoenergetyka.com\\\/wp-content\\\/uploads\\\/2024\\\/11\\\/cropped-sygnet-bez-tla-black-1-2.png\",\"contentUrl\":\"https:\\\/\\\/ekoenergetyka.com\\\/wp-content\\\/uploads\\\/2024\\\/11\\\/cropped-sygnet-bez-tla-black-1-2.png\",\"width\":512,\"height\":512,\"caption\":\"Ekoenergetyka - Polska S.A.\"},\"image\":{\"@id\":\"https:\\\/\\\/ekoenergetyka.com\\\/pl\\\/#\\\/schema\\\/logo\\\/image\\\/\"},\"sameAs\":[\"https:\\\/\\\/www.facebook.com\\\/ekoenergetykaPolska\\\/\",\"https:\\\/\\\/www.linkedin.com\\\/company\\\/ekoenergetyka\",\"https:\\\/\\\/www.youtube.com\\\/channel\\\/UCfZM_rPDdrv6D0JB-uhWi8Q\\\/videos\"],\"description\":\"Established in 2009 Poland with a sole purpose of providing charging solutions, we are one of the pioneers in the e-mobility industry. In a decade, Ekoenergetyka has grown from 2 to more than 400 employees (currently around 1,000) and has acquired customers throughout Europe and are now a Central and Eastern European leader in charging technologies.\",\"email\":\"contact@ekoenergetyka.com.pl\",\"telephone\":\"+ 48 68 328 20 68\",\"numberOfEmployees\":{\"@type\":\"QuantitativeValue\",\"minValue\":\"501\",\"maxValue\":\"1000\"}}]}<\/script>\n<!-- \/ Yoast SEO Premium plugin. -->","yoast_head_json":{"title":"EKOza\u0142oga gra razem z WO\u015aP! | Ekoenergetyka","description":"Jest na \u015bwiecie taka Orkiestra, kt\u00f3rej d\u017awi\u0119k rozbrzmiewa w wielu milionach serc. To w\u0142a\u015bnie ona gra do ko\u0144ca \u015bwiata i o jeden dzie\u0144 d\u0142u\u017cej, a razem z ni\u0105 setki wolontariuszy na ca\u0142ym \u015bwiecie.","robots":{"index":"index","follow":"follow","max-snippet":"max-snippet:-1","max-image-preview":"max-image-preview:large","max-video-preview":"max-video-preview:-1"},"canonical":"https:\/\/ekoenergetyka.com\/pl\/blog-hr\/ekozaloga-gra-razem-z-wosp\/","og_locale":"pl_PL","og_type":"article","og_title":"EKOza\u0142oga gra razem z WO\u015aP!","og_description":"Jest na \u015bwiecie taka Orkiestra, kt\u00f3rej d\u017awi\u0119k rozbrzmiewa w wielu milionach serc. To w\u0142a\u015bnie ona gra do ko\u0144ca \u015bwiata i o jeden dzie\u0144 d\u0142u\u017cej, a razem z ni\u0105 setki wolontariuszy na ca\u0142ym \u015bwiecie.","og_url":"https:\/\/ekoenergetyka.com\/pl\/blog-hr\/ekozaloga-gra-razem-z-wosp\/","og_site_name":"Ekoenergetyka","article_publisher":"https:\/\/www.facebook.com\/ekoenergetykaPolska\/","article_modified_time":"2023-02-13T13:06:03+00:00","og_image":[{"width":1920,"height":1080,"url":"https:\/\/ekoenergetyka.com\/wp-content\/uploads\/2023\/02\/blog-hr-1.jpg","type":"image\/jpeg"}],"twitter_card":"summary_large_image","twitter_misc":{"Szacowany czas czytania":"9 minut"},"schema":{"@context":"https:\/\/schema.org","@graph":[{"@type":"WebPage","@id":"https:\/\/ekoenergetyka.com\/pl\/blog-hr\/ekozaloga-gra-razem-z-wosp\/","url":"https:\/\/ekoenergetyka.com\/pl\/blog-hr\/ekozaloga-gra-razem-z-wosp\/","name":"EKOza\u0142oga gra razem z WO\u015aP! | Ekoenergetyka","isPartOf":{"@id":"https:\/\/ekoenergetyka.com\/pl\/#website"},"primaryImageOfPage":{"@id":"https:\/\/ekoenergetyka.com\/pl\/blog-hr\/ekozaloga-gra-razem-z-wosp\/#primaryimage"},"image":{"@id":"https:\/\/ekoenergetyka.com\/pl\/blog-hr\/ekozaloga-gra-razem-z-wosp\/#primaryimage"},"thumbnailUrl":"https:\/\/ekoenergetyka.com\/wp-content\/uploads\/2023\/02\/blog-hr-1.jpg","datePublished":"2023-02-13T09:22:24+00:00","dateModified":"2023-02-13T13:06:03+00:00","description":"Jest na \u015bwiecie taka Orkiestra, kt\u00f3rej d\u017awi\u0119k rozbrzmiewa w wielu milionach serc. To w\u0142a\u015bnie ona gra do ko\u0144ca \u015bwiata i o jeden dzie\u0144 d\u0142u\u017cej, a razem z ni\u0105 setki wolontariuszy na ca\u0142ym \u015bwiecie.","breadcrumb":{"@id":"https:\/\/ekoenergetyka.com\/pl\/blog-hr\/ekozaloga-gra-razem-z-wosp\/#breadcrumb"},"inLanguage":"pl-PL","potentialAction":[{"@type":"ReadAction","target":["https:\/\/ekoenergetyka.com\/pl\/blog-hr\/ekozaloga-gra-razem-z-wosp\/"]}]},{"@type":"ImageObject","inLanguage":"pl-PL","@id":"https:\/\/ekoenergetyka.com\/pl\/blog-hr\/ekozaloga-gra-razem-z-wosp\/#primaryimage","url":"https:\/\/ekoenergetyka.com\/wp-content\/uploads\/2023\/02\/blog-hr-1.jpg","contentUrl":"https:\/\/ekoenergetyka.com\/wp-content\/uploads\/2023\/02\/blog-hr-1.jpg","width":1920,"height":1080},{"@type":"BreadcrumbList","@id":"https:\/\/ekoenergetyka.com\/pl\/blog-hr\/ekozaloga-gra-razem-z-wosp\/#breadcrumb","itemListElement":[{"@type":"ListItem","position":1,"name":"Strona G\u0142\u00f3wna","item":"https:\/\/ekoenergetyka.com\/pl\/"},{"@type":"ListItem","position":2,"name":"Blog HR","item":"https:\/\/ekoenergetyka.com\/pl\/blog-hr\/"},{"@type":"ListItem","position":3,"name":"EKOza\u0142oga gra razem z WO\u015aP!"}]},{"@type":"WebSite","@id":"https:\/\/ekoenergetyka.com\/pl\/#website","url":"https:\/\/ekoenergetyka.com\/pl\/","name":"Ekoenergetyka","description":"","publisher":{"@id":"https:\/\/ekoenergetyka.com\/pl\/#organization"},"potentialAction":[{"@type":"SearchAction","target":{"@type":"EntryPoint","urlTemplate":"https:\/\/ekoenergetyka.com\/pl\/?s={search_term_string}"},"query-input":{"@type":"PropertyValueSpecification","valueRequired":true,"valueName":"search_term_string"}}],"inLanguage":"pl-PL"},{"@type":"Organization","@id":"https:\/\/ekoenergetyka.com\/pl\/#organization","name":"Ekoenergetyka - Polska S.A.","url":"https:\/\/ekoenergetyka.com\/pl\/","logo":{"@type":"ImageObject","inLanguage":"pl-PL","@id":"https:\/\/ekoenergetyka.com\/pl\/#\/schema\/logo\/image\/","url":"https:\/\/ekoenergetyka.com\/wp-content\/uploads\/2024\/11\/cropped-sygnet-bez-tla-black-1-2.png","contentUrl":"https:\/\/ekoenergetyka.com\/wp-content\/uploads\/2024\/11\/cropped-sygnet-bez-tla-black-1-2.png","width":512,"height":512,"caption":"Ekoenergetyka - Polska S.A."},"image":{"@id":"https:\/\/ekoenergetyka.com\/pl\/#\/schema\/logo\/image\/"},"sameAs":["https:\/\/www.facebook.com\/ekoenergetykaPolska\/","https:\/\/www.linkedin.com\/company\/ekoenergetyka","https:\/\/www.youtube.com\/channel\/UCfZM_rPDdrv6D0JB-uhWi8Q\/videos"],"description":"Established in 2009 Poland with a sole purpose of providing charging solutions, we are one of the pioneers in the e-mobility industry. In a decade, Ekoenergetyka has grown from 2 to more than 400 employees (currently around 1,000) and has acquired customers throughout Europe and are now a Central and Eastern European leader in charging technologies.","email":"contact@ekoenergetyka.com.pl","telephone":"+ 48 68 328 20 68","numberOfEmployees":{"@type":"QuantitativeValue","minValue":"501","maxValue":"1000"}}]}},"_links":{"self":[{"href":"https:\/\/ekoenergetyka.com\/pl\/wp-json\/wp\/v2\/bloghr\/24163","targetHints":{"allow":["GET"]}}],"collection":[{"href":"https:\/\/ekoenergetyka.com\/pl\/wp-json\/wp\/v2\/bloghr"}],"about":[{"href":"https:\/\/ekoenergetyka.com\/pl\/wp-json\/wp\/v2\/types\/bloghr"}],"wp:featuredmedia":[{"embeddable":true,"href":"https:\/\/ekoenergetyka.com\/pl\/wp-json\/wp\/v2\/media\/24194"}],"wp:attachment":[{"href":"https:\/\/ekoenergetyka.com\/pl\/wp-json\/wp\/v2\/media?parent=24163"}],"curies":[{"name":"wp","href":"https:\/\/api.w.org\/{rel}","templated":true}]}}