{"id":24035,"date":"2023-02-01T14:17:26","date_gmt":"2023-02-01T13:17:26","guid":{"rendered":"https:\/\/ekoenergetyka.com\/?post_type=bloghr&#038;p=24035"},"modified":"2023-02-02T12:21:51","modified_gmt":"2023-02-02T11:21:51","slug":"idealny-start-w-kariere","status":"publish","type":"bloghr","link":"https:\/\/ekoenergetyka.com\/pl\/blog-hr\/idealny-start-w-kariere\/","title":{"rendered":"iDEalny start w karier\u0119!"},"content":{"rendered":"\n<p>Pracujemy w bran\u017cy technologicznej, a misj\u0105 naszej firmy jest rozw\u00f3j elektromobilno\u015bci w Polsce i na \u015bwiecie. 50% naszej kadry stanowi\u0105 in\u017cynierowie. Tworzymy zespo\u0142y w oparciu o unikalne kompetencje, dzi\u0119ki kt\u00f3rym wsp\u00f3lnie osi\u0105gamy sukces. Co wa\u017cne, do tych team\u00f3w zapraszamy r\u00f3wnie\u017c M\u0142ode Talenty. Jeste\u015bmy przekonani, \u017ce m\u0142odzi ludzie s\u0105 skarbnic\u0105 nowatorskich rozwi\u0105za\u0144 i to w\u0142a\u015bnie oni b\u0119d\u0105 chcieli je urzeczywistnia\u0107 w kreowanych przez nas rozwi\u0105zaniach. Dlatego szukamy okazji do spotka\u0144 z m\u0142odzie\u017c\u0105. Jedn\u0105 z nich by\u0142a pi\u0105tkowa wycieczka uczni\u00f3w nowosolskiego CKZiU \"Elektryk\".<\/p>\n\n\n\n<p>Uczniowie bior\u0105 udzia\u0142 w projekcie unijnym \u201eRedukowa\u0107 bariery \u2013 wsp\u00f3lnie wykorzystywa\u0107 silne strony\u201d, kt\u00f3ry umo\u017cliwia nie tylko rozw\u00f3j kompetencji zawodowych w obszarach zwi\u0105zanych z elektronik\u0105, mechatronik\u0105 i energi\u0105 odnawialn\u0105, ale tak\u017ce pog\u0142\u0119bienie kompetencji j\u0119zyka niemieckiego z naciskiem na specjalistyczne s\u0142ownictwo.<\/p>\n\n\n\n<p>Wachlarz mo\u017cliwo\u015bci do\u0142\u0105czenia do Ekoenergetyki jest naprawd\u0119 szeroki. Wi\u0119kszo\u015b\u0107 naszych manager\u00f3w z obszar\u00f3w elektryki, elektroniki, energoelektroniki, mechaniki, automatyki, rozwoju oprogramowania, designu to absolwenci kierunk\u00f3w technicznych, kt\u00f3rzy kiedy\u015b, tak samo, jak obecni uczniowie technikum i studenci, szukali mo\u017cliwo\u015bci rozwoju swojej \u015bcie\u017cki kariery.<\/p>\n\n\n\n<figure class=\"wp-block-image size-full\"><img loading=\"lazy\" decoding=\"async\" width=\"1500\" height=\"1000\" src=\"https:\/\/ekoenergetyka.com\/wp-content\/uploads\/2023\/02\/10a.jpg\" alt=\"\" class=\"wp-image-24086\" srcset=\"https:\/\/ekoenergetyka.com\/wp-content\/uploads\/2023\/02\/10a.jpg 1500w, https:\/\/ekoenergetyka.com\/wp-content\/uploads\/2023\/02\/10a-300x200.jpg 300w, https:\/\/ekoenergetyka.com\/wp-content\/uploads\/2023\/02\/10a-1024x683.jpg 1024w, https:\/\/ekoenergetyka.com\/wp-content\/uploads\/2023\/02\/10a-768x512.jpg 768w\" sizes=\"auto, (max-width: 1500px) 100vw, 1500px\" \/><\/figure>\n\n\n\n<h2 class=\"wp-block-heading\" id=\"h-zapraszamy-na-wycieczke-po-naszych-halach-produkcyjnych\" style=\"font-size:1.5em\"><strong>Zapraszamy na wycieczk\u0119 po naszych halach produkcyjnych<\/strong><\/h2>\n\n\n\n<p>Spotkanie rozpocz\u0119\u0142o si\u0119 od powitania uczni\u00f3w przez Martyn\u0119 Bohaczyk i Klaudi\u0119 Grzesiewicz z Dzia\u0142u HR, kt\u00f3re opowiedzia\u0142y o mo\u017cliwo\u015bciach rozwoju \u015bcie\u017cki kariery. Jedn\u0105 z nich jest nasz autorski projekt \u201eRozkr\u0119\u0107 Karier\u0119 z #EKO\u201d, do kt\u00f3rego zapraszamy uczni\u00f3w i student\u00f3w, oferuj\u0105c im mo\u017cliwo\u015b\u0107 odbycia praktyk oraz sta\u017cy. Do wszystkich zainteresowanych \u2013 koniecznie odwied\u017acie zak\u0142adk\u0119 <a style=\"text-decoration: underline;\" href=\"\/pl\/praktyki-i-staze\/\" target=\"_blank\" rel=\"noreferrer noopener\">\u201epraktyki i sta\u017ce\u201d<\/a>!<\/p>\n\n\n\n<p>Wierzymy, \u017ce cz\u0142owiek najlepiej uczy si\u0119 przez praktyk\u0119. Dlatego zaprosili\u015bmy uczni\u00f3w na wycieczk\u0119 po naszych czterech, nowoczesnych halach produkcyjnych. O procesie powstawania naszej infrastruktury \u0142adowania opowiedzia\u0142 Dyrektor Produkcji ds. Obud\u00f3w \u2013 Janusz Ros\u0142anowski.<\/p>\n\n\n\n<p>\u201eW laboratorium CLE prowadzone s\u0105 badania \u015brodowiskowe, elektryczne, bezpiecze\u0144stwa oraz mechaniczne, kt\u00f3re potwierdzaj\u0105 najwy\u017csz\u0105 jako\u015b\u0107 naszych produkt\u00f3w. Staramy si\u0119, aby nasze stacje \u0142adowania by\u0142y jak najcichsze, dlatego konieczne jest przeprowadzanie bada\u0144 w komorze akustycznej.\u201d - m\u00f3wi\u0142 Zast\u0119pca Dyrektora Biura ds. Merytorycznych, Jacek Kaniewski.<\/p>\n\n\n\n<p>Pawe\u0142 Bulik, Kierownik Produkcji Elektroniki, opowiedzia\u0142 o sercu naszych stacji \u0142adowania. To w\u0142a\u015bnie w tej hali tworzone s\u0105 p\u00f3\u0142produkty oraz implementowany jest software umo\u017cliwiaj\u0105cy zarz\u0105dzanie funkcjonalno\u015bciami takimi jak np. mo\u017cliwo\u015b\u0107 p\u0142atno\u015bci kart\u0105.<\/p>\n\n\n\n<p>Swoj\u0105 eksperck\u0105 wiedz\u0105 podzieli\u0142 si\u0119 In\u017cynier Procesu, Erwin P\u0119kala, kt\u00f3ry przybli\u017cy\u0142 uczniom funkcj\u0119 wi\u0105zek kablowych. Wyja\u015bni\u0142, dlaczego bez nich samoch\u00f3d nie jest w stanie skomunikowa\u0107 si\u0119 z \u0142adowark\u0105.<\/p>\n\n\n\n<figure class=\"wp-block-image size-full\"><img loading=\"lazy\" decoding=\"async\" width=\"1500\" height=\"1000\" src=\"https:\/\/ekoenergetyka.com\/wp-content\/uploads\/2023\/02\/10f.jpg\" alt=\"\" class=\"wp-image-24061\" srcset=\"https:\/\/ekoenergetyka.com\/wp-content\/uploads\/2023\/02\/10f.jpg 1500w, https:\/\/ekoenergetyka.com\/wp-content\/uploads\/2023\/02\/10f-300x200.jpg 300w, https:\/\/ekoenergetyka.com\/wp-content\/uploads\/2023\/02\/10f-1024x683.jpg 1024w, https:\/\/ekoenergetyka.com\/wp-content\/uploads\/2023\/02\/10f-768x512.jpg 768w\" sizes=\"auto, (max-width: 1500px) 100vw, 1500px\" \/><\/figure>\n\n\n\n<p style=\"font-size:1.5em\"><strong>Ist es wichtig Deutsch zu lernen?<\/strong><\/p>\n\n\n\n<p>S\u0105siedztwo z Niemcami sprawia, \u017ce ch\u0119tnie nawi\u0105zujemy wsp\u00f3\u0142prace biznesowe. Dlatego znajomo\u015b\u0107 j\u0119zyka niemieckiego jest atutem, kt\u00f3ry otwiera wiele drzwi, tak\u017ce w Ekoenergetyce. W jakich obszarach? Od sprzeda\u017cy, ofertowania, obs\u0142ugi klienta, po bardziej specjalistyczne dziedziny takie jak serwis i realizacja kontrakt\u00f3w.<\/p>\n\n\n\n<p>\u201eZnajomo\u015b\u0107 minimum jednego j\u0119zyka obcego jest norm\u0105, szczeg\u00f3lnie w sektorze nowoczesnych us\u0142ug biznesowych. A ka\u017cdy inny j\u0119zyk jest warto\u015bci\u0105 dodan\u0105. Jednak nale\u017cy pami\u0119ta\u0107, \u017ce j\u0119zyk obcy sam w sobie nie gwarantuje pracy na specjalistycznym stanowisku. Dopiero w po\u0142\u0105czeniu z innymi kwalifikacjami, otwiera wiele mo\u017cliwo\u015bci.&nbsp; Moim zdaniem, m\u0142odzi ludzie powinni kszta\u0142ci\u0107 si\u0119 w zawodach przysz\u0142o\u015bci, zwi\u0105zanych z energoelektronik\u0105 i automatyk\u0105, og\u00f3lnie poj\u0119tymi nowymi technologiami.\u201d \u2013 m\u00f3wi Martyna Bohaczyk, Starszy Specjalista ds. HR.&nbsp;<\/p>\n\n\n\n<p>Punktem kulminacyjnym ca\u0142ego spotkania by\u0142 panel dyskusyjny, do kt\u00f3rego zaprosili\u015bmy osoby pracuj\u0105ce w j\u0119zyku niemieckim. Specjalistka ds. Prawa Zam\u00f3wie\u0144 Publicznych \u2013 Sylwia Czeronko i Kierownik Biura Serwisu \u2013 Maciej Sikora opowiedzieli o korzy\u015bciach p\u0142yn\u0105cych z pracy na rynkach mi\u0119dzynarodowych, a tak\u017ce podzielili lingwistycznymi ciekawostkami. W j\u0119zyku niemieckim istnieje kilka okre\u015ble\u0144 na s\u0142owo \u201e\u0142adowarka\u201d, a \u201edie Ladestation\u201d to tylko jedno z nich. \ud83d\ude09<\/p>\n\n\n\n<figure class=\"wp-block-image size-full\"><img loading=\"lazy\" decoding=\"async\" width=\"1500\" height=\"1000\" src=\"https:\/\/ekoenergetyka.com\/wp-content\/uploads\/2023\/02\/10b.jpg\" alt=\"\" class=\"wp-image-24041\" srcset=\"https:\/\/ekoenergetyka.com\/wp-content\/uploads\/2023\/02\/10b.jpg 1500w, https:\/\/ekoenergetyka.com\/wp-content\/uploads\/2023\/02\/10b-300x200.jpg 300w, https:\/\/ekoenergetyka.com\/wp-content\/uploads\/2023\/02\/10b-1024x683.jpg 1024w, https:\/\/ekoenergetyka.com\/wp-content\/uploads\/2023\/02\/10b-768x512.jpg 768w\" sizes=\"auto, (max-width: 1500px) 100vw, 1500px\" \/><\/figure>\n\n\n\n<h2 class=\"wp-block-heading\" style=\"font-size:1.5em\"><strong>Nauka przez zabaw\u0119? Jak najbardziej!<\/strong><\/h2>\n\n\n\n<p>Zale\u017ca\u0142o nam na tym, \u017ceby uczniowie wynie\u015bli jak najwi\u0119cej z tej kr\u00f3tkiej wycieczki. Dlatego wprowadzili\u015bmy element rywalizacji. Wida\u0107, \u017ce taka aktywno\u015b\u0107 spodoba\u0142a si\u0119 uczniom, poniewa\u017c z zaanga\u017cowaniem odpowiadali na zadanie pytania. Dla uczestnik\u00f3w przygotowali\u015bmy drobne upominki z logo naszej firmy.<\/p>\n\n\n\n<p>\u201eRozkr\u0119\u0107 karier\u0119 z EKO\u201d to nasz autorski projekt, kt\u00f3ry ma na celu rozbudzi\u0107 pasj\u0119 do elektromobilno\u015bci. Dotychczasowe przyk\u0142ady os\u00f3b, kt\u00f3re odby\u0142y praktyki i sta\u017ce w naszej firmie, a p\u00f3\u017aniej do\u0142\u0105czy\u0142y do naszej za\u0142ogi, s\u0105 tego najlepszym dowodem. W #EKO nie zwalniamy tempa, nasze cele rozwoju w obszarze personalnym, technologicznym i biznesowym na 2023 s\u0105 naprawd\u0119 ambitne! Dlatego stay tuned, bo b\u0119dzie si\u0119 dzia\u0142o!<\/p>\n\n\n\n<figure class=\"wp-block-gallery has-nested-images columns-default is-cropped wp-block-gallery-1 is-layout-flex wp-block-gallery-is-layout-flex\">\n<figure class=\"wp-block-image size-large\"><a href=\"https:\/\/ekoenergetyka.com\/wp-content\/uploads\/2023\/02\/10f.jpg\"><img loading=\"lazy\" decoding=\"async\" width=\"1024\" height=\"683\" data-id=\"24061\" src=\"https:\/\/ekoenergetyka.com\/wp-content\/uploads\/2023\/02\/10f-1024x683.jpg\" alt=\"\" class=\"wp-image-24061\" srcset=\"https:\/\/ekoenergetyka.com\/wp-content\/uploads\/2023\/02\/10f-1024x683.jpg 1024w, https:\/\/ekoenergetyka.com\/wp-content\/uploads\/2023\/02\/10f-300x200.jpg 300w, https:\/\/ekoenergetyka.com\/wp-content\/uploads\/2023\/02\/10f-768x512.jpg 768w, https:\/\/ekoenergetyka.com\/wp-content\/uploads\/2023\/02\/10f.jpg 1500w\" sizes=\"auto, (max-width: 1024px) 100vw, 1024px\" \/><\/a><\/figure>\n\n\n\n<figure class=\"wp-block-image size-large\"><a href=\"https:\/\/ekoenergetyka.com\/wp-content\/uploads\/2023\/02\/10b.jpg\"><img loading=\"lazy\" decoding=\"async\" width=\"1024\" height=\"683\" data-id=\"24041\" src=\"https:\/\/ekoenergetyka.com\/wp-content\/uploads\/2023\/02\/10b-1024x683.jpg\" alt=\"\" class=\"wp-image-24041\" srcset=\"https:\/\/ekoenergetyka.com\/wp-content\/uploads\/2023\/02\/10b-1024x683.jpg 1024w, https:\/\/ekoenergetyka.com\/wp-content\/uploads\/2023\/02\/10b-300x200.jpg 300w, https:\/\/ekoenergetyka.com\/wp-content\/uploads\/2023\/02\/10b-768x512.jpg 768w, https:\/\/ekoenergetyka.com\/wp-content\/uploads\/2023\/02\/10b.jpg 1500w\" sizes=\"auto, (max-width: 1024px) 100vw, 1024px\" \/><\/a><\/figure>\n\n\n\n<figure class=\"wp-block-image size-large\"><a href=\"https:\/\/ekoenergetyka.com\/wp-content\/uploads\/2023\/02\/10c.jpg\"><img loading=\"lazy\" decoding=\"async\" width=\"1024\" height=\"683\" data-id=\"24046\" src=\"https:\/\/ekoenergetyka.com\/wp-content\/uploads\/2023\/02\/10c-1024x683.jpg\" alt=\"\" class=\"wp-image-24046\" srcset=\"https:\/\/ekoenergetyka.com\/wp-content\/uploads\/2023\/02\/10c-1024x683.jpg 1024w, https:\/\/ekoenergetyka.com\/wp-content\/uploads\/2023\/02\/10c-300x200.jpg 300w, https:\/\/ekoenergetyka.com\/wp-content\/uploads\/2023\/02\/10c-768x512.jpg 768w, https:\/\/ekoenergetyka.com\/wp-content\/uploads\/2023\/02\/10c.jpg 1500w\" sizes=\"auto, (max-width: 1024px) 100vw, 1024px\" \/><\/a><\/figure>\n\n\n\n<figure class=\"wp-block-image size-large\"><a href=\"https:\/\/ekoenergetyka.com\/wp-content\/uploads\/2023\/02\/10d.jpg\"><img loading=\"lazy\" decoding=\"async\" width=\"1024\" height=\"683\" data-id=\"24051\" src=\"https:\/\/ekoenergetyka.com\/wp-content\/uploads\/2023\/02\/10d-1024x683.jpg\" alt=\"\" class=\"wp-image-24051\" srcset=\"https:\/\/ekoenergetyka.com\/wp-content\/uploads\/2023\/02\/10d-1024x683.jpg 1024w, https:\/\/ekoenergetyka.com\/wp-content\/uploads\/2023\/02\/10d-300x200.jpg 300w, https:\/\/ekoenergetyka.com\/wp-content\/uploads\/2023\/02\/10d-768x512.jpg 768w, https:\/\/ekoenergetyka.com\/wp-content\/uploads\/2023\/02\/10d.jpg 1500w\" sizes=\"auto, (max-width: 1024px) 100vw, 1024px\" \/><\/a><\/figure>\n\n\n\n<figure class=\"wp-block-image size-large\"><a href=\"https:\/\/ekoenergetyka.com\/wp-content\/uploads\/2023\/02\/10e.jpg\"><img loading=\"lazy\" decoding=\"async\" width=\"1024\" height=\"683\" data-id=\"24056\" src=\"https:\/\/ekoenergetyka.com\/wp-content\/uploads\/2023\/02\/10e-1024x683.jpg\" alt=\"\" class=\"wp-image-24056\" srcset=\"https:\/\/ekoenergetyka.com\/wp-content\/uploads\/2023\/02\/10e-1024x683.jpg 1024w, https:\/\/ekoenergetyka.com\/wp-content\/uploads\/2023\/02\/10e-300x200.jpg 300w, https:\/\/ekoenergetyka.com\/wp-content\/uploads\/2023\/02\/10e-768x512.jpg 768w, https:\/\/ekoenergetyka.com\/wp-content\/uploads\/2023\/02\/10e.jpg 1500w\" sizes=\"auto, (max-width: 1024px) 100vw, 1024px\" \/><\/a><\/figure>\n<\/figure>\n\n\n\n<figure class=\"wp-block-gallery has-nested-images columns-default is-cropped wp-block-gallery-2 is-layout-flex wp-block-gallery-is-layout-flex\">\n<figure class=\"wp-block-image size-large\"><a href=\"https:\/\/ekoenergetyka.com\/wp-content\/uploads\/2023\/02\/10a.jpg\"><img loading=\"lazy\" decoding=\"async\" width=\"1024\" height=\"683\" data-id=\"24086\" src=\"https:\/\/ekoenergetyka.com\/wp-content\/uploads\/2023\/02\/10a-1024x683.jpg\" alt=\"\" class=\"wp-image-24086\" srcset=\"https:\/\/ekoenergetyka.com\/wp-content\/uploads\/2023\/02\/10a-1024x683.jpg 1024w, https:\/\/ekoenergetyka.com\/wp-content\/uploads\/2023\/02\/10a-300x200.jpg 300w, https:\/\/ekoenergetyka.com\/wp-content\/uploads\/2023\/02\/10a-768x512.jpg 768w, https:\/\/ekoenergetyka.com\/wp-content\/uploads\/2023\/02\/10a.jpg 1500w\" sizes=\"auto, (max-width: 1024px) 100vw, 1024px\" \/><\/a><\/figure>\n\n\n\n<figure class=\"wp-block-image size-large\"><a href=\"https:\/\/ekoenergetyka.com\/wp-content\/uploads\/2023\/02\/10z.jpg\"><img loading=\"lazy\" decoding=\"async\" width=\"1024\" height=\"683\" data-id=\"24081\" src=\"https:\/\/ekoenergetyka.com\/wp-content\/uploads\/2023\/02\/10z-1024x683.jpg\" alt=\"\" class=\"wp-image-24081\" srcset=\"https:\/\/ekoenergetyka.com\/wp-content\/uploads\/2023\/02\/10z-1024x683.jpg 1024w, https:\/\/ekoenergetyka.com\/wp-content\/uploads\/2023\/02\/10z-300x200.jpg 300w, https:\/\/ekoenergetyka.com\/wp-content\/uploads\/2023\/02\/10z-768x512.jpg 768w, https:\/\/ekoenergetyka.com\/wp-content\/uploads\/2023\/02\/10z.jpg 1500w\" sizes=\"auto, (max-width: 1024px) 100vw, 1024px\" \/><\/a><\/figure>\n\n\n\n<figure class=\"wp-block-image size-large\"><a href=\"https:\/\/ekoenergetyka.com\/wp-content\/uploads\/2023\/02\/10i.jpg\"><img loading=\"lazy\" decoding=\"async\" width=\"1024\" height=\"683\" data-id=\"24076\" src=\"https:\/\/ekoenergetyka.com\/wp-content\/uploads\/2023\/02\/10i-1024x683.jpg\" alt=\"\" class=\"wp-image-24076\" srcset=\"https:\/\/ekoenergetyka.com\/wp-content\/uploads\/2023\/02\/10i-1024x683.jpg 1024w, https:\/\/ekoenergetyka.com\/wp-content\/uploads\/2023\/02\/10i-300x200.jpg 300w, https:\/\/ekoenergetyka.com\/wp-content\/uploads\/2023\/02\/10i-768x512.jpg 768w, https:\/\/ekoenergetyka.com\/wp-content\/uploads\/2023\/02\/10i.jpg 1500w\" sizes=\"auto, (max-width: 1024px) 100vw, 1024px\" \/><\/a><\/figure>\n\n\n\n<figure class=\"wp-block-image size-large\"><a href=\"https:\/\/ekoenergetyka.com\/wp-content\/uploads\/2023\/02\/10h.jpg\"><img loading=\"lazy\" decoding=\"async\" width=\"1024\" height=\"683\" data-id=\"24071\" src=\"https:\/\/ekoenergetyka.com\/wp-content\/uploads\/2023\/02\/10h-1024x683.jpg\" alt=\"\" class=\"wp-image-24071\" srcset=\"https:\/\/ekoenergetyka.com\/wp-content\/uploads\/2023\/02\/10h-1024x683.jpg 1024w, https:\/\/ekoenergetyka.com\/wp-content\/uploads\/2023\/02\/10h-300x200.jpg 300w, https:\/\/ekoenergetyka.com\/wp-content\/uploads\/2023\/02\/10h-768x512.jpg 768w, https:\/\/ekoenergetyka.com\/wp-content\/uploads\/2023\/02\/10h.jpg 1500w\" sizes=\"auto, (max-width: 1024px) 100vw, 1024px\" \/><\/a><\/figure>\n\n\n\n<figure class=\"wp-block-image size-large\"><a href=\"https:\/\/ekoenergetyka.com\/wp-content\/uploads\/2023\/02\/10g.jpg\"><img loading=\"lazy\" decoding=\"async\" width=\"1024\" height=\"683\" data-id=\"24066\" src=\"https:\/\/ekoenergetyka.com\/wp-content\/uploads\/2023\/02\/10g-1024x683.jpg\" alt=\"\" class=\"wp-image-24066\" srcset=\"https:\/\/ekoenergetyka.com\/wp-content\/uploads\/2023\/02\/10g-1024x683.jpg 1024w, https:\/\/ekoenergetyka.com\/wp-content\/uploads\/2023\/02\/10g-300x200.jpg 300w, https:\/\/ekoenergetyka.com\/wp-content\/uploads\/2023\/02\/10g-768x512.jpg 768w, https:\/\/ekoenergetyka.com\/wp-content\/uploads\/2023\/02\/10g.jpg 1500w\" sizes=\"auto, (max-width: 1024px) 100vw, 1024px\" \/><\/a><\/figure>\n<\/figure>\n","protected":false},"excerpt":{"rendered":"<p>Pracujemy w bran\u017cy technologicznej, a misj\u0105 naszej firmy jest rozw\u00f3j elektromobilno\u015bci w Polsce i na \u015bwiecie. 50% naszej kadry stanowi\u0105 in\u017cynierowie. Tworzymy zespo\u0142y w oparciu o unikalne kompetencje, dzi\u0119ki kt\u00f3rym wsp\u00f3lnie osi\u0105gamy sukces. Co wa\u017cne, do tych team\u00f3w zapraszamy r\u00f3wnie\u017c M\u0142ode Talenty. Jeste\u015bmy przekonani, \u017ce m\u0142odzi ludzie s\u0105 skarbnic\u0105 nowatorskich rozwi\u0105za\u0144 i to w\u0142a\u015bnie oni [&hellip;]<\/p>\n","protected":false},"featured_media":24036,"template":"","class_list":["post-24035","bloghr","type-bloghr","status-publish","has-post-thumbnail","hentry"],"acf":[],"yoast_head":"<!-- This site is optimized with the Yoast SEO Premium plugin v27.3 (Yoast SEO v27.5) - https:\/\/yoast.com\/product\/yoast-seo-premium-wordpress\/ -->\n<title>iDEalny start w karier\u0119! | Ekoenergetyka<\/title>\n<meta name=\"description\" content=\"Pracujemy w bran\u017cy technologicznej, a misj\u0105 naszej firmy jest rozw\u00f3j elektromobilno\u015bci w Polsce i na \u015bwiecie. 50% naszej kadry stanowi\u0105 in\u017cynierowie.\" \/>\n<meta name=\"robots\" content=\"index, follow, max-snippet:-1, max-image-preview:large, max-video-preview:-1\" \/>\n<link rel=\"canonical\" href=\"https:\/\/ekoenergetyka.com\/pl\/blog-hr\/idealny-start-w-kariere\/\" \/>\n<meta property=\"og:locale\" content=\"pl_PL\" \/>\n<meta property=\"og:type\" content=\"article\" \/>\n<meta property=\"og:title\" content=\"iDEalny start w karier\u0119!\" \/>\n<meta property=\"og:description\" content=\"Pracujemy w bran\u017cy technologicznej, a misj\u0105 naszej firmy jest rozw\u00f3j elektromobilno\u015bci w Polsce i na \u015bwiecie. 50% naszej kadry stanowi\u0105 in\u017cynierowie.\" \/>\n<meta property=\"og:url\" content=\"https:\/\/ekoenergetyka.com\/pl\/blog-hr\/idealny-start-w-kariere\/\" \/>\n<meta property=\"og:site_name\" content=\"Ekoenergetyka\" \/>\n<meta property=\"article:publisher\" content=\"https:\/\/www.facebook.com\/ekoenergetykaPolska\/\" \/>\n<meta property=\"article:modified_time\" content=\"2023-02-02T11:21:51+00:00\" \/>\n<meta property=\"og:image\" content=\"https:\/\/ekoenergetyka.com\/wp-content\/uploads\/2023\/02\/blog-hr.jpg\" \/>\n\t<meta property=\"og:image:width\" content=\"1920\" \/>\n\t<meta property=\"og:image:height\" content=\"1080\" \/>\n\t<meta property=\"og:image:type\" content=\"image\/jpeg\" \/>\n<meta name=\"twitter:card\" content=\"summary_large_image\" \/>\n<meta name=\"twitter:label1\" content=\"Szacowany czas czytania\" \/>\n\t<meta name=\"twitter:data1\" content=\"7 minut\" \/>\n<script type=\"application\/ld+json\" class=\"yoast-schema-graph\">{\"@context\":\"https:\\\/\\\/schema.org\",\"@graph\":[{\"@type\":\"WebPage\",\"@id\":\"https:\\\/\\\/ekoenergetyka.com\\\/pl\\\/blog-hr\\\/idealny-start-w-kariere\\\/\",\"url\":\"https:\\\/\\\/ekoenergetyka.com\\\/pl\\\/blog-hr\\\/idealny-start-w-kariere\\\/\",\"name\":\"iDEalny start w karier\u0119! | Ekoenergetyka\",\"isPartOf\":{\"@id\":\"https:\\\/\\\/ekoenergetyka.com\\\/pl\\\/#website\"},\"primaryImageOfPage\":{\"@id\":\"https:\\\/\\\/ekoenergetyka.com\\\/pl\\\/blog-hr\\\/idealny-start-w-kariere\\\/#primaryimage\"},\"image\":{\"@id\":\"https:\\\/\\\/ekoenergetyka.com\\\/pl\\\/blog-hr\\\/idealny-start-w-kariere\\\/#primaryimage\"},\"thumbnailUrl\":\"https:\\\/\\\/ekoenergetyka.com\\\/wp-content\\\/uploads\\\/2023\\\/02\\\/blog-hr.jpg\",\"datePublished\":\"2023-02-01T13:17:26+00:00\",\"dateModified\":\"2023-02-02T11:21:51+00:00\",\"description\":\"Pracujemy w bran\u017cy technologicznej, a misj\u0105 naszej firmy jest rozw\u00f3j elektromobilno\u015bci w Polsce i na \u015bwiecie. 50% naszej kadry stanowi\u0105 in\u017cynierowie.\",\"breadcrumb\":{\"@id\":\"https:\\\/\\\/ekoenergetyka.com\\\/pl\\\/blog-hr\\\/idealny-start-w-kariere\\\/#breadcrumb\"},\"inLanguage\":\"pl-PL\",\"potentialAction\":[{\"@type\":\"ReadAction\",\"target\":[\"https:\\\/\\\/ekoenergetyka.com\\\/pl\\\/blog-hr\\\/idealny-start-w-kariere\\\/\"]}]},{\"@type\":\"ImageObject\",\"inLanguage\":\"pl-PL\",\"@id\":\"https:\\\/\\\/ekoenergetyka.com\\\/pl\\\/blog-hr\\\/idealny-start-w-kariere\\\/#primaryimage\",\"url\":\"https:\\\/\\\/ekoenergetyka.com\\\/wp-content\\\/uploads\\\/2023\\\/02\\\/blog-hr.jpg\",\"contentUrl\":\"https:\\\/\\\/ekoenergetyka.com\\\/wp-content\\\/uploads\\\/2023\\\/02\\\/blog-hr.jpg\",\"width\":1920,\"height\":1080},{\"@type\":\"BreadcrumbList\",\"@id\":\"https:\\\/\\\/ekoenergetyka.com\\\/pl\\\/blog-hr\\\/idealny-start-w-kariere\\\/#breadcrumb\",\"itemListElement\":[{\"@type\":\"ListItem\",\"position\":1,\"name\":\"Strona G\u0142\u00f3wna\",\"item\":\"https:\\\/\\\/ekoenergetyka.com\\\/pl\\\/\"},{\"@type\":\"ListItem\",\"position\":2,\"name\":\"Blog HR\",\"item\":\"https:\\\/\\\/ekoenergetyka.com\\\/pl\\\/blog-hr\\\/\"},{\"@type\":\"ListItem\",\"position\":3,\"name\":\"iDEalny start w karier\u0119!\"}]},{\"@type\":\"WebSite\",\"@id\":\"https:\\\/\\\/ekoenergetyka.com\\\/pl\\\/#website\",\"url\":\"https:\\\/\\\/ekoenergetyka.com\\\/pl\\\/\",\"name\":\"Ekoenergetyka\",\"description\":\"\",\"publisher\":{\"@id\":\"https:\\\/\\\/ekoenergetyka.com\\\/pl\\\/#organization\"},\"potentialAction\":[{\"@type\":\"SearchAction\",\"target\":{\"@type\":\"EntryPoint\",\"urlTemplate\":\"https:\\\/\\\/ekoenergetyka.com\\\/pl\\\/?s={search_term_string}\"},\"query-input\":{\"@type\":\"PropertyValueSpecification\",\"valueRequired\":true,\"valueName\":\"search_term_string\"}}],\"inLanguage\":\"pl-PL\"},{\"@type\":\"Organization\",\"@id\":\"https:\\\/\\\/ekoenergetyka.com\\\/pl\\\/#organization\",\"name\":\"Ekoenergetyka - Polska S.A.\",\"url\":\"https:\\\/\\\/ekoenergetyka.com\\\/pl\\\/\",\"logo\":{\"@type\":\"ImageObject\",\"inLanguage\":\"pl-PL\",\"@id\":\"https:\\\/\\\/ekoenergetyka.com\\\/pl\\\/#\\\/schema\\\/logo\\\/image\\\/\",\"url\":\"https:\\\/\\\/ekoenergetyka.com\\\/wp-content\\\/uploads\\\/2024\\\/11\\\/cropped-sygnet-bez-tla-black-1-2.png\",\"contentUrl\":\"https:\\\/\\\/ekoenergetyka.com\\\/wp-content\\\/uploads\\\/2024\\\/11\\\/cropped-sygnet-bez-tla-black-1-2.png\",\"width\":512,\"height\":512,\"caption\":\"Ekoenergetyka - Polska S.A.\"},\"image\":{\"@id\":\"https:\\\/\\\/ekoenergetyka.com\\\/pl\\\/#\\\/schema\\\/logo\\\/image\\\/\"},\"sameAs\":[\"https:\\\/\\\/www.facebook.com\\\/ekoenergetykaPolska\\\/\",\"https:\\\/\\\/www.linkedin.com\\\/company\\\/ekoenergetyka\",\"https:\\\/\\\/www.youtube.com\\\/channel\\\/UCfZM_rPDdrv6D0JB-uhWi8Q\\\/videos\"],\"description\":\"Established in 2009 Poland with a sole purpose of providing charging solutions, we are one of the pioneers in the e-mobility industry. In a decade, Ekoenergetyka has grown from 2 to more than 400 employees (currently around 1,000) and has acquired customers throughout Europe and are now a Central and Eastern European leader in charging technologies.\",\"email\":\"contact@ekoenergetyka.com.pl\",\"telephone\":\"+ 48 68 328 20 68\",\"numberOfEmployees\":{\"@type\":\"QuantitativeValue\",\"minValue\":\"501\",\"maxValue\":\"1000\"}}]}<\/script>\n<!-- \/ Yoast SEO Premium plugin. -->","yoast_head_json":{"title":"iDEalny start w karier\u0119! | Ekoenergetyka","description":"Pracujemy w bran\u017cy technologicznej, a misj\u0105 naszej firmy jest rozw\u00f3j elektromobilno\u015bci w Polsce i na \u015bwiecie. 50% naszej kadry stanowi\u0105 in\u017cynierowie.","robots":{"index":"index","follow":"follow","max-snippet":"max-snippet:-1","max-image-preview":"max-image-preview:large","max-video-preview":"max-video-preview:-1"},"canonical":"https:\/\/ekoenergetyka.com\/pl\/blog-hr\/idealny-start-w-kariere\/","og_locale":"pl_PL","og_type":"article","og_title":"iDEalny start w karier\u0119!","og_description":"Pracujemy w bran\u017cy technologicznej, a misj\u0105 naszej firmy jest rozw\u00f3j elektromobilno\u015bci w Polsce i na \u015bwiecie. 50% naszej kadry stanowi\u0105 in\u017cynierowie.","og_url":"https:\/\/ekoenergetyka.com\/pl\/blog-hr\/idealny-start-w-kariere\/","og_site_name":"Ekoenergetyka","article_publisher":"https:\/\/www.facebook.com\/ekoenergetykaPolska\/","article_modified_time":"2023-02-02T11:21:51+00:00","og_image":[{"width":1920,"height":1080,"url":"https:\/\/ekoenergetyka.com\/wp-content\/uploads\/2023\/02\/blog-hr.jpg","type":"image\/jpeg"}],"twitter_card":"summary_large_image","twitter_misc":{"Szacowany czas czytania":"7 minut"},"schema":{"@context":"https:\/\/schema.org","@graph":[{"@type":"WebPage","@id":"https:\/\/ekoenergetyka.com\/pl\/blog-hr\/idealny-start-w-kariere\/","url":"https:\/\/ekoenergetyka.com\/pl\/blog-hr\/idealny-start-w-kariere\/","name":"iDEalny start w karier\u0119! | Ekoenergetyka","isPartOf":{"@id":"https:\/\/ekoenergetyka.com\/pl\/#website"},"primaryImageOfPage":{"@id":"https:\/\/ekoenergetyka.com\/pl\/blog-hr\/idealny-start-w-kariere\/#primaryimage"},"image":{"@id":"https:\/\/ekoenergetyka.com\/pl\/blog-hr\/idealny-start-w-kariere\/#primaryimage"},"thumbnailUrl":"https:\/\/ekoenergetyka.com\/wp-content\/uploads\/2023\/02\/blog-hr.jpg","datePublished":"2023-02-01T13:17:26+00:00","dateModified":"2023-02-02T11:21:51+00:00","description":"Pracujemy w bran\u017cy technologicznej, a misj\u0105 naszej firmy jest rozw\u00f3j elektromobilno\u015bci w Polsce i na \u015bwiecie. 50% naszej kadry stanowi\u0105 in\u017cynierowie.","breadcrumb":{"@id":"https:\/\/ekoenergetyka.com\/pl\/blog-hr\/idealny-start-w-kariere\/#breadcrumb"},"inLanguage":"pl-PL","potentialAction":[{"@type":"ReadAction","target":["https:\/\/ekoenergetyka.com\/pl\/blog-hr\/idealny-start-w-kariere\/"]}]},{"@type":"ImageObject","inLanguage":"pl-PL","@id":"https:\/\/ekoenergetyka.com\/pl\/blog-hr\/idealny-start-w-kariere\/#primaryimage","url":"https:\/\/ekoenergetyka.com\/wp-content\/uploads\/2023\/02\/blog-hr.jpg","contentUrl":"https:\/\/ekoenergetyka.com\/wp-content\/uploads\/2023\/02\/blog-hr.jpg","width":1920,"height":1080},{"@type":"BreadcrumbList","@id":"https:\/\/ekoenergetyka.com\/pl\/blog-hr\/idealny-start-w-kariere\/#breadcrumb","itemListElement":[{"@type":"ListItem","position":1,"name":"Strona G\u0142\u00f3wna","item":"https:\/\/ekoenergetyka.com\/pl\/"},{"@type":"ListItem","position":2,"name":"Blog HR","item":"https:\/\/ekoenergetyka.com\/pl\/blog-hr\/"},{"@type":"ListItem","position":3,"name":"iDEalny start w karier\u0119!"}]},{"@type":"WebSite","@id":"https:\/\/ekoenergetyka.com\/pl\/#website","url":"https:\/\/ekoenergetyka.com\/pl\/","name":"Ekoenergetyka","description":"","publisher":{"@id":"https:\/\/ekoenergetyka.com\/pl\/#organization"},"potentialAction":[{"@type":"SearchAction","target":{"@type":"EntryPoint","urlTemplate":"https:\/\/ekoenergetyka.com\/pl\/?s={search_term_string}"},"query-input":{"@type":"PropertyValueSpecification","valueRequired":true,"valueName":"search_term_string"}}],"inLanguage":"pl-PL"},{"@type":"Organization","@id":"https:\/\/ekoenergetyka.com\/pl\/#organization","name":"Ekoenergetyka - Polska S.A.","url":"https:\/\/ekoenergetyka.com\/pl\/","logo":{"@type":"ImageObject","inLanguage":"pl-PL","@id":"https:\/\/ekoenergetyka.com\/pl\/#\/schema\/logo\/image\/","url":"https:\/\/ekoenergetyka.com\/wp-content\/uploads\/2024\/11\/cropped-sygnet-bez-tla-black-1-2.png","contentUrl":"https:\/\/ekoenergetyka.com\/wp-content\/uploads\/2024\/11\/cropped-sygnet-bez-tla-black-1-2.png","width":512,"height":512,"caption":"Ekoenergetyka - Polska S.A."},"image":{"@id":"https:\/\/ekoenergetyka.com\/pl\/#\/schema\/logo\/image\/"},"sameAs":["https:\/\/www.facebook.com\/ekoenergetykaPolska\/","https:\/\/www.linkedin.com\/company\/ekoenergetyka","https:\/\/www.youtube.com\/channel\/UCfZM_rPDdrv6D0JB-uhWi8Q\/videos"],"description":"Established in 2009 Poland with a sole purpose of providing charging solutions, we are one of the pioneers in the e-mobility industry. In a decade, Ekoenergetyka has grown from 2 to more than 400 employees (currently around 1,000) and has acquired customers throughout Europe and are now a Central and Eastern European leader in charging technologies.","email":"contact@ekoenergetyka.com.pl","telephone":"+ 48 68 328 20 68","numberOfEmployees":{"@type":"QuantitativeValue","minValue":"501","maxValue":"1000"}}]}},"_links":{"self":[{"href":"https:\/\/ekoenergetyka.com\/pl\/wp-json\/wp\/v2\/bloghr\/24035","targetHints":{"allow":["GET"]}}],"collection":[{"href":"https:\/\/ekoenergetyka.com\/pl\/wp-json\/wp\/v2\/bloghr"}],"about":[{"href":"https:\/\/ekoenergetyka.com\/pl\/wp-json\/wp\/v2\/types\/bloghr"}],"wp:featuredmedia":[{"embeddable":true,"href":"https:\/\/ekoenergetyka.com\/pl\/wp-json\/wp\/v2\/media\/24036"}],"wp:attachment":[{"href":"https:\/\/ekoenergetyka.com\/pl\/wp-json\/wp\/v2\/media?parent=24035"}],"curies":[{"name":"wp","href":"https:\/\/api.w.org\/{rel}","templated":true}]}}