{"id":15586,"date":"2022-09-21T12:02:19","date_gmt":"2022-09-21T10:02:19","guid":{"rendered":"https:\/\/ekoenergetyka.com\/?post_type=bloghr&#038;p=15586"},"modified":"2024-05-30T10:14:58","modified_gmt":"2024-05-30T08:14:58","slug":"praktyczne-poczatki-kariery-czyli-jakie-drzwi-otworza-ci-praktyki-w-ekoenergetyce","status":"publish","type":"bloghr","link":"https:\/\/ekoenergetyka.com\/pl\/blog-hr\/praktyczne-poczatki-kariery-czyli-jakie-drzwi-otworza-ci-praktyki-w-ekoenergetyce\/","title":{"rendered":"Praktyczne pocz\u0105tki kariery \u2013 czyli jakie drzwi otworz\u0105 Ci praktyki w Ekoenergetyce"},"content":{"rendered":"\n<p>Ju\u017c rozpoczynaj\u0105c studia wiedzia\u0142a, \u017ce b\u0119dzie pracowa\u0107 w HR\u2019ach. Ma plan na rozw\u00f3j swojej kariery i konsekwentnie odhacza na li\u015bcie kolejne zrealizowane pozycje: praktyki \u2013 praca \u2013 rozw\u00f3j \u2013 ta dziewczyna nie zostawia spraw przypadkowi. Ogromne serce do pomagania \u0142\u0105czy z mi\u0142o\u015bci\u0105 do zwierz\u0105t.<\/p>\n\n\n\n<p>Aneta - M\u0142odszy specjalista ds. personalnych dzieli si\u0119 z nami swoimi pocz\u0105tkami w Ekoenergetyce, a przy tym udowadnia, \u017ce dla M\u0142odych Talent\u00f3w droga do ciekawej pracy zawodowej wiedzie przez\u2026 praktyki studenckie. Zreszt\u0105 \u2013 przekonacie si\u0119 sami!<\/p>\n\n\n\n<h3 class=\"wp-block-heading\" id=\"h-d-czesc-aneto-pierwszy-raz-dolaczylas-do-teameko-dokladnie-rok-temu-najpierw-jako-praktykant-dzis-juz-jako-pracownik-co-zadecydowalo-ze-pracujesz-obecnie-w-dziale-hr-ekoenergetyki\"><strong>D: Cze\u015b\u0107, Aneto! Pierwszy raz do\u0142\u0105czy\u0142a\u015b do #TeamEko dok\u0142adnie rok temu. Najpierw jako praktykant, dzi\u015b ju\u017c jako pracownik. Co zadecydowa\u0142o, \u017ce pracujesz obecnie w dziale HR Ekoenergetyki?<\/strong><\/h3>\n\n\n\n<p>A: Szukaj\u0105c praktyk wiedzia\u0142am, \u017ce nie wybieram tylko miejsca na chwil\u0119. Przez ca\u0142e studia s\u0142yszymy: \u201epraktyki to jedno z wa\u017cniejszych do\u015bwiadcze\u0144 edukacyjnych\u201d. W moim przypadku nie by\u0142y to puste s\u0142owa. Jasne, chcia\u0142am pozna\u0107 ciekaw\u0105 organizacj\u0119, za\u0142apa\u0107 pierwsze do\u015bwiadczenie w \u201epowa\u017cnej\u201d pracy i pozna\u0107 nowych, inspiruj\u0105cych ludzi... ale nie tylko. Ja szuka\u0142am miejsca, kt\u00f3re da mi mo\u017cliwo\u015b\u0107 szybkiego wykorzystania w praktyce wiedzy zdobytej w uniwersyteckich aulach. Ja ju\u017c wtedy wiedzia\u0142am, \u017ce chc\u0119 podj\u0105\u0107 praktyki w du\u017cej firmie, kt\u00f3ra ma apetyt na rozw\u00f3j i konsekwentnie realizuje swoj\u0105 wizj\u0119.&nbsp;<\/p>\n\n\n\n<p>Jestem studentk\u0105 Psychologii. To w\u0142a\u015bnie profil studi\u00f3w ukierunkowa\u0142 mnie na zdobywanie do\u015bwiadcze\u0144 w zakresie psychologii pracy, organizacji i zarz\u0105dzania. Pewnie nie wszyscy zdaj\u0105 sobie z tego spraw\u0119, ale to bardzo ciekawe studia daj\u0105ce szeroki wachlarz mo\u017cliwo\u015bci rozwoju. Mog\u0142am szkoli\u0107 si\u0119 w poradni zawodowej, czy prowadza\u0107 testy psychologiczne dla kierowc\u00f3w, ale ja od zawsze wiedzia\u0142am, \u017ce chc\u0119 pracowa\u0107 w Dziale HR, wi\u0119c nie by\u0142o innej opcji. Praktyki mia\u0142y mi otworzy\u0107 drzwi do dalszej kariery.&nbsp;<\/p>\n\n\n\n<h3 class=\"wp-block-heading\"><strong>D: Mo\u017cliwo\u015b\u0107 realizacji praktyk to oferta kierowana w stron\u0119 M\u0142odych Talent\u00f3w przez r\u00f3\u017cne firmy i instytucje. Poszukuj\u0105c swojego miejsca, co by\u0142o dla Ciebie najwa\u017cniejsze? Gdzie szuka\u0142a\u015b opinii?<\/strong><\/h3>\n\n\n\n<p>A: Odpowied\u017a mo\u017ce by\u0107 tylko jedna \u2013 w internecie! Na pocz\u0105tku zrobi\u0142am research zielonog\u00f3rskich korporacji. Pierwsze kroki to oczywi\u015bcie media spo\u0142eczno\u015bciowe i profile na FB czy LI, ale tak\u017ce przeszukiwa\u0142am firmowe strony internetowe. W Ekoeneregtyce mi\u0142o zaskoczy\u0142 mnie fakt, \u017ce poza oficjalnym profilem firmy znalaz\u0142am tak\u017ce ten dedykowany ludziom, ich sukcesom, kulturze organizacyjnej czy dzia\u0142aniom charytatywnym. Pomy\u015bla\u0142am wtedy, \u017ce skoro firma chce pokazywa\u0107 sw\u00f3j zesp\u00f3\u0142 i docenia\u0107 jego osi\u0105gni\u0119cia to jest to w\u0142a\u015bnie miejsce dla mnie!<\/p>\n\n\n\n<h3 class=\"wp-block-heading\"><strong>D: Zaaplikowa\u0142a\u015b i co dalej? Czy otrzyma\u0142a\u015b telefon z magicznym \u201ePani Aneto, zapraszamy na praktyki\u201d?<\/strong><\/h3>\n\n\n\n<p>A: Niezupe\u0142nie. \ud83d\ude0a Wbrew obiegowej opinii, rekrutacja na praktyki nie jest wcale prostsza ni\u017c ta do pracy. Tu r\u00f3wnie\u017c nale\u017cy przygotowa\u0107 swoje CV, a w przypadku pocz\u0105tku drogi zawodowej do\u015bwiadczenia, kt\u00f3rymi mo\u017cna si\u0119 pochwali\u0107 zwykle nie s\u0105 bogate. Ja mia\u0142am to szcz\u0119\u015bcie, \u017ce mog\u0142am zamie\u015bci\u0107 w aplikacji informacj\u0119 o do\u015bwiadczeniu rekrutacyjnym. Nie ukrywam, \u017ce wcze\u015bniej wys\u0142a\u0142am swoje zg\u0142oszenia do kilku firm. W ostateczno\u015bci wybra\u0142am trzy miejsca, kt\u00f3re mnie najbardziej zainteresowa\u0142y. Jednym z nich by\u0142a w\u0142a\u015bnie Ekoenergetyka-Polska.&nbsp;<\/p>\n\n\n\n<h3 class=\"wp-block-heading\"><strong>D: Dosta\u0142a\u015b si\u0119 tam gdzie chcia\u0142a\u015b, prawda? Opowiedz mi prosz\u0119, jak wygl\u0105da\u0142 pocz\u0105tek Twoich praktyk?&nbsp; \u201eUda\u0142o si\u0119\u201d- jak to powiedzia\u0142a\u015b. Jednak \u201esamo si\u0119\u201d nie uda\u0142o. Tw\u00f3j sukces jest Twoj\u0105 zas\u0142ug\u0105!<\/strong><\/h3>\n\n\n\n<p>A: Tak, to prawda - samo mi si\u0119 nie uda\u0142o. Moja rozmowa rekrutacyjna mia\u0142a a\u017c trzy etapy, a droga nie by\u0142a ci\u0119\u017cka, tylko d\u0142uga. Chcia\u0142am pokaza\u0107 si\u0119 z jak najlepszej strony wi\u0119c podesz\u0142am powa\u017cnie do tematu. Rozmowy by\u0142y bardzo przyjemne. Ju\u017c wtedy wiedzia\u0142am, \u017ce system dzia\u0142ania i podej\u015bcie firmy do praktyk zrobi\u0142y na mnie ogromne wra\u017cenie. Dopiero, kiedy zacz\u0119\u0142am praktyk\u0119, dok\u0142adnie zrozumia\u0142am, dlaczego moja rekrutacja tak wygl\u0105da\u0142a. Od pocz\u0105tku Klaudia i Kaja wzi\u0119\u0142y mnie pod swoje skrzyd\u0142a \u2013 po\u015bwi\u0119ca\u0142y mi bardzo du\u017co uwagi, odpowiada\u0142y na r\u00f3\u017cne pytania. Czu\u0142am si\u0119 bardzo zaopiekowana przez ca\u0142y dzia\u0142 HR. Nigdy nie by\u0142o takiej sytuacji, \u017ce kto\u015b nie mia\u0142 dla mnie czasu, bo przysz\u0142am tutaj tylko na chwil\u0119.&nbsp; Zale\u017ca\u0142o mi na tym, \u017ceby zdoby\u0107 jak najwi\u0119cej cennego do\u015bwiadczenia. Uczestniczy\u0142am w r\u00f3\u017cnych zaj\u0119ciach. Przyk\u0142adowo Ania przygotowa\u0142a specjalnie dla mnie lekcje na temat rekrutacji, a Dyrektor Dzia\u0142u HR, Natalia wyt\u0142umaczy\u0142a mi dzia\u0142anie wszystkich sp\u00f3\u0142ek. Ciesz\u0119 si\u0119, \u017ce ka\u017cda osoba z HR w jaki\u015b spos\u00f3b chcia\u0142a do\u0142o\u017cy\u0107 swoj\u0105 cegie\u0142k\u0119 do mojego rozwoju.<\/p>\n\n\n\n<h3 class=\"wp-block-heading\"><strong>D: Wszyscy znamy stereotyp praktykanta, kt\u00f3rego g\u0142\u00f3wnym zadaniem jest parzenie kawy i wpinanie dokument\u00f3w do segregatora. Czy podczas swoich praktyk do\u015bwiadczy\u0142a\u015b czego\u015b podobnego?<\/strong><\/h3>\n\n\n\n<p>A: Wr\u0119cz przeciwnie, otrzymywa\u0142am samodzielne zadania, a moje pomys\u0142y by\u0142y brane pod uwag\u0119. Pami\u0119tam, \u017ce moja inicjatywa zaprojektowania naklejek na szafki pracownicze w ramach promocji programu polece\u0144, spotka\u0142a si\u0119 z ciep\u0142ym przyj\u0119ciem i dosta\u0142am zielone \u015bwiat\u0142o na realizacj\u0119. Bardzo si\u0119 uciszy\u0142am, i ze zdwojon\u0105 energi\u0105 przyst\u0105pi\u0142am do dzia\u0142ania \u2013 w ko\u0144cu to by\u0142 m\u00f3j pomys\u0142! Mia\u0142am do zrealizowania 100 godzin. W praktyce wysz\u0142o tak, \u017ce przychodzi\u0142am na trzy dni w tygodniu po ok. 6-8 godzin i sp\u0119dzi\u0142am w EKO \u0142\u0105cznie 1,5 miesi\u0105ca.&nbsp;<\/p>\n\n\n\n<h3 class=\"wp-block-heading\"><strong>D: A jak wygl\u0105da\u0142o Twoje wdro\u017cenie? Czy mia\u0142a\u015b czas i przestrze\u0144 na udzia\u0142 w onboardingu?<\/strong><\/h3>\n\n\n\n<p>A: Moje wdro\u017cenie nie r\u00f3\u017cni\u0142o si\u0119 niczym od onboardingu etatowych pracownik\u00f3w. Od samego pocz\u0105tku mia\u0142am zaplanowany czas, dzi\u0119ki czemu czu\u0142am si\u0119 pewniej w nowym otoczeniu. Dosta\u0142am pakiet startowy z r\u00f3\u017cnymi gad\u017cetami, w kt\u00f3rym tak\u017ce znajdowa\u0142a si\u0119 agenda z <em>rozk\u0142adem jazdy<\/em> na najbli\u017csze cztery dni. Ka\u017cde spotkanie, w kt\u00f3rym bra\u0142am udzia\u0142, by\u0142o bardzo wa\u017cne i warto\u015bciowe. Jednak dla mnie, najbardziej przydatne okaza\u0142o si\u0119 szkolenie dotycz\u0105ce funkcjonowania naszej organizacji, poprowadzone przez Ani\u0119 z Dzia\u0142u HR, a tak\u017ce wycieczka po firmie, dzi\u0119ki kt\u00f3rej lepiej pozna\u0142am otoczenie i wiem, jakie dzia\u0142y znajduj\u0105 si\u0119 w poszczeg\u00f3lnych budynkach. To bardzo u\u0142atwia prac\u0119! Szybko trafi\u0142am te\u017c na EKOEN po pyszn\u0105 sa\u0142atk\u0119 - koniecznie spr\u00f3bujcie tej z gruszk\u0105! \ud83d\ude09<\/p>\n\n\n\n<h3 class=\"wp-block-heading\"><strong>D: Od wrze\u015bnia do pa\u017adziernika 2021 by\u0142a\u015b na praktykach. Jak to si\u0119 sta\u0142o, \u017ce ponownie do nas wr\u00f3ci\u0142a\u015b?<\/strong><\/h3>\n\n\n\n<p>A: Po zako\u0144czeniu praktyk Klaudia dmuchn\u0119\u0142a w moje skrzyd\u0142a, daj\u0105c mi bardzo pozytywny feedback. Cieszy\u0142am si\u0119, \u017ce mia\u0142y\u015bmy przestrze\u0144 do odbycia szczerej rozmowy i podsumowania tego fantastycznego czasu. Wiedzia\u0142am wtedy, \u017ce bardzo chc\u0119 tu wr\u00f3ci\u0107. I tak te\u017c si\u0119 sta\u0142o! Nie s\u0105dzi\u0142am, \u017ce stanie si\u0119 to tak szybko. W czerwcu zadzwoni\u0142a do mnie Klaudia z informacj\u0105, \u017ce pojawi\u0142 si\u0119 wolny wakat dla M\u0142odszego Specjalisty ds. Personalnych i zapyta\u0142a si\u0119, czy chcia\u0142abym podj\u0105\u0107 prac\u0119&nbsp; na tym stanowisku. Jak my\u015blisz, jaka by\u0142a moja odpowied\u017a? Oczywi\u015bcie, \u017ce si\u0119 zgodzi\u0142am!<\/p>\n\n\n\n<h3 class=\"wp-block-heading\"><strong>D: Znasz powiedzenie: \u201ewsp\u00f3lnie zwykli ludzie mog\u0105 osi\u0105gn\u0105\u0107 niezwyk\u0142e rezultaty\u201d? My\u015bl\u0119, \u017ce idealnie pasuje do naszej firmy, poniewa\u017c w Ekoenergetyce potrzebujemy os\u00f3b z r\u00f3\u017cnymi zasobami i talentami. Jak\u0105 cegie\u0142k\u0119 do tego dzia\u0142ania dok\u0142ada Dzia\u0142 Personalny?<\/strong><\/h3>\n\n\n\n<p>A: Wiesz\u2026 ja naprawd\u0119 uto\u017csamiam si\u0119 z firm\u0105! Cz\u0119sto, gdy jedziemy razem z ch\u0142opakiem po Zielonej G\u00f3rze, to m\u00f3wi\u0119 mu: \u201eo, patrz, patrz! To nasze \u0142adowarki! Zobacz jak ich du\u017co!\u201d\u2026 i\u00a0 w tym momencie u\u015bmiecham si\u0119 sama do siebie. Ja tak\u017ce czuje sw\u00f3j udzia\u0142 w tym, \u017ce nasze produkty znajduj\u0105 si\u0119 ju\u017c w ponad 150 miastach w Europie. Jasne, nie projektuj\u0119 i nie produkuj\u0119 stacji \u0142adowania, ale mam inne wa\u017cne zadanie. Czuj\u0119 si\u0119 potrzebna i doceniona, a moja rola polega tak\u017ce docenianiu i dbaniu o nasz\u0105 wyj\u0105tkow\u0105 za\u0142og\u0119. Skupiam si\u0119 na polityce pozap\u0142acowej i sprawach personalnych.<strong> <\/strong>Uwa\u017cam, \u017ce w dzisiejszym \u015bwiecie benefity to must have z korzy\u015bci\u0105 zar\u00f3wno dla pracownika, jak i dla pracodawcy. W Ekoenergetyce mamy ciekaw\u0105 ofert\u0119 benefitow\u0105, dzi\u0119ki czemu jeste\u015bmy w stanie odpowiedzie\u0107 na r\u00f3\u017cne potrzeby naszych kole\u017canek i koleg\u00f3w. Ciesz\u0119 si\u0119, \u017ce jestem cz\u0119\u015bci\u0105 firmy, kt\u00f3ra dba o pracownik\u00f3w. Jednym z przyk\u0142ad\u00f3w s\u0105 sytuacje losowe, takie jak choroba, czy nieszcz\u0119\u015bliwy wypadek. Zawsze wtedy mo\u017cna liczy\u0107 na wsparcie firmy w r\u00f3\u017cnej formie, tak\u017ce w postaci naszej obecno\u015bci w szpitalu, czy kosza pe\u0142nego witamin z \u017cyczeniami powrotu do zdrowia. \ud83d\ude0a<\/p>\n\n\n\n<figure class=\"wp-block-image size-large\"><img loading=\"lazy\" decoding=\"async\" width=\"1024\" height=\"768\" src=\"https:\/\/ekoenergetyka.com\/wp-content\/uploads\/2022\/09\/tresc-1024x768.jpg\" alt=\"\" class=\"wp-image-15587\" srcset=\"https:\/\/ekoenergetyka.com\/wp-content\/uploads\/2022\/09\/tresc-1024x768.jpg 1024w, https:\/\/ekoenergetyka.com\/wp-content\/uploads\/2022\/09\/tresc-300x225.jpg 300w, https:\/\/ekoenergetyka.com\/wp-content\/uploads\/2022\/09\/tresc-768x576.jpg 768w, https:\/\/ekoenergetyka.com\/wp-content\/uploads\/2022\/09\/tresc-1536x1152.jpg 1536w, https:\/\/ekoenergetyka.com\/wp-content\/uploads\/2022\/09\/tresc.jpg 2048w\" sizes=\"auto, (max-width: 1024px) 100vw, 1024px\" \/><\/figure>\n\n\n\n<h3 class=\"wp-block-heading\"><strong>D: Cz\u0119\u015b\u0107 Twojej pracy to tak\u017ce pomoc charytatywna. Mog\u0142aby\u015b nieco o tym opowiedzie\u0107?<\/strong><\/h3>\n\n\n\n<p>A: Lubi\u0119 pomaga\u0107 i lubi\u0119 prac\u0119 z lud\u017ami, dlatego te\u017c wybra\u0142am psychologi\u0119. Wi\u0119c tym bardziej jestem zadowolona, \u017ce cz\u0119\u015b\u0107 mojej pracy zawodowej zwi\u0105zana jest z pomoc\u0105 drugiemu cz\u0142owiekowi. Bardzo si\u0119 ciesz\u0119, bo ju\u017c nied\u0142ugo b\u0119d\u0119 przeprowadza\u0142a swoj\u0105 pierwsz\u0105 akcj\u0119 charytatywn\u0105 w firmie. B\u0119dzie to \u201eAkcja Bombka Marze\u0144\u201d. Dla mnie to debiut, ale dla naszych pracownik\u00f3w to b\u0119dzie ju\u017c 5 edycja! W holu ka\u017cdego budynku firmy, tak\u017ce w Warszawie, Poznaniu i \u0141odzi, stan\u0105 choinki, na kt\u00f3rych zawieszone zostan\u0105 niezwyk\u0142e bombki. Wyj\u0105tkowe, bo ka\u017cda z nich skrywa\u0107 b\u0119dzie jedno dzieci\u0119ce marzenie. Prezenty przygotowane indywidulnie i w grupach trafi\u0105 do dzieci z Pogotowia Opieku\u0144czego i Domu Samotnej Matki. Takie akcje dodaj\u0105 koloru i u\u015bmiechu tam, gdzie los ich omy\u0142kowo posk\u0105pi\u0142. Gor\u0105co wierz\u0119, \u017ce w\u0142a\u015bnie takie gesty, zw\u0142aszcza w okolicy \u015awi\u0105t, zmieniaj\u0105 nasze najbli\u017csze otoczenie.\u00a0<\/p>\n\n\n\n<figure class=\"wp-block-image size-large\"><img loading=\"lazy\" decoding=\"async\" width=\"1024\" height=\"766\" src=\"https:\/\/ekoenergetyka.com\/wp-content\/uploads\/2022\/09\/tresc-2-min-1024x766.jpg\" alt=\"\" class=\"wp-image-15590\" srcset=\"https:\/\/ekoenergetyka.com\/wp-content\/uploads\/2022\/09\/tresc-2-min-1024x766.jpg 1024w, https:\/\/ekoenergetyka.com\/wp-content\/uploads\/2022\/09\/tresc-2-min-300x224.jpg 300w, https:\/\/ekoenergetyka.com\/wp-content\/uploads\/2022\/09\/tresc-2-min-768x574.jpg 768w, https:\/\/ekoenergetyka.com\/wp-content\/uploads\/2022\/09\/tresc-2-min-1536x1149.jpg 1536w, https:\/\/ekoenergetyka.com\/wp-content\/uploads\/2022\/09\/tresc-2-min.jpg 1674w\" sizes=\"auto, (max-width: 1024px) 100vw, 1024px\" \/><\/figure>\n\n\n\n<h3 class=\"wp-block-heading\"><strong>D: Akcja \u201eBombka Marze\u0144\u201d to inicjatywa, dzi\u0119ki kt\u00f3rej mo\u017cna wsp\u00f3lnie szerzy\u0107 dobro. Jak wspomnia\u0142a\u015b, prezenty cz\u0119sto przygotowywane s\u0105 przez ca\u0142e dzia\u0142y, dzi\u0119ki czemu ka\u017cdy z naszych pracownik\u00f3w mo\u017ce sta\u0107 si\u0119 na chwil\u0119 \u015awi\u0119tym Miko\u0142ajem. O czym zazwyczaj marz\u0105 podopieczni?<\/strong><\/h3>\n\n\n\n<p>A: Wydawa\u0107 by si\u0119 mog\u0142o, \u017ce wymarzone prezenty s\u0105 bardzo wyszukane. W rzeczywisto\u015bci okazuje si\u0119, \u017ce nasi podopieczni chcieliby dosta\u0107 pod choink\u0119 ciep\u0142y sweter, mi\u0119kki koc czy nowy r\u0119cznik.&nbsp; Taka informacja niezwykle rozczula. My\u015bl\u0119, \u017ce jest to cudowna inicjatywa. Szczeg\u00f3lnie, \u017ce naprawd\u0119 niewiele trzeba, aby dzieci\u0119cy u\u015bmiech pojawi\u0142 si\u0119 na twarzy. Jestem ciekawa, jakie marzenia b\u0119dziemy spe\u0142nia\u0107 w tym roku.<\/p>\n\n\n\n<figure class=\"wp-block-image size-large\"><img loading=\"lazy\" decoding=\"async\" width=\"1024\" height=\"683\" src=\"https:\/\/ekoenergetyka.com\/wp-content\/uploads\/2022\/09\/tresc-3-1024x683.jpg\" alt=\"\" class=\"wp-image-15593\" srcset=\"https:\/\/ekoenergetyka.com\/wp-content\/uploads\/2022\/09\/tresc-3-1024x683.jpg 1024w, https:\/\/ekoenergetyka.com\/wp-content\/uploads\/2022\/09\/tresc-3-300x200.jpg 300w, https:\/\/ekoenergetyka.com\/wp-content\/uploads\/2022\/09\/tresc-3-768x512.jpg 768w, https:\/\/ekoenergetyka.com\/wp-content\/uploads\/2022\/09\/tresc-3-1536x1024.jpg 1536w, https:\/\/ekoenergetyka.com\/wp-content\/uploads\/2022\/09\/tresc-3.jpg 1600w\" sizes=\"auto, (max-width: 1024px) 100vw, 1024px\" \/><\/figure>\n\n\n\n<h3 class=\"wp-block-heading\"><strong>D: Czy prywatnie tak\u017ce lubisz anga\u017cowa\u0107 si\u0119 spo\u0142ecznie?<\/strong><\/h3>\n\n\n\n<p>A: Ju\u017c jako ma\u0142a dziewczynka lubi\u0142am pomaganie. Od zawsze by\u0142am wra\u017cliwa na krzywd\u0119. Zacz\u0119\u0142am od pomocy zwierzakom \u2013 chcia\u0142am pom\u00f3c ka\u017cdemu napotkanemu na drodze bezdomniakowi. Niestety, w dzieci\u0119cym pokoju niewielu si\u0119 ich zmie\u015bci. \ud83d\ude09 Kiedy mama wyt\u0142umaczy\u0142a mi, \u017ce w ten spos\u00f3b nie odmieni\u0119 ich losu - podesz\u0142am do tematu kreatywnie. Robi\u0142am prowizoryczne budy, legowiska, szuka\u0142am dla nich domu u s\u0105siad\u00f3w. Swoje oszcz\u0119dno\u015bci wola\u0142am wyda\u0107 na karm\u0119 dla tych zwierzak\u00f3w, przede wszystkim dla kot\u00f3w. Takie by\u0142y moje pocz\u0105tki.<\/p>\n\n\n\n<p>Ka\u017cdej zimy mo\u017cna mnie by\u0142o spotka\u0107 z kolorow\u0105 WO\u015aPO\u2019w\u0105 puch\u0105 na ulicach rodzinnej miejscowo\u015bci. Pami\u0119tam, \u017ce wieszaj\u0105c na szyi identyfikator wolontariusza by\u0142am z siebie taka dumna. Dzi\u015b nadal gram z Orkiestr\u0105\u2026 a ju\u017c nied\u0142ugo w\u0142\u0105cz\u0119 si\u0119 we wsp\u00f3lne dzia\u0142ania Fundacji Ekoenergetyki na rzecz WO\u015aP. Historia zatacza ko\u0142o. \ud83d\ude09<\/p>\n\n\n\n<h3 class=\"wp-block-heading\"><strong>D: Gdyby\u015b mia\u0142a opisa\u0107 Dzia\u0142 HR w 4 s\u0142owach,?<\/strong><\/h3>\n\n\n\n<p>A: Gdybym mia\u0142a wybra\u0107 cztery s\u0142owa, to z pewno\u015bci\u0105 by\u0142yby to:<\/p>\n\n\n\n<ul class=\"wp-block-list\"><li>Pomoc \u2013 ka\u017cdego kalibru: od codziennych ma\u0142ych podpowiedzi po inwestowanie czasu w rozw\u00f3j wsp\u00f3\u0142pracownik\u00f3w.<\/li><li>Troska \u2013 poniewa\u017c Dzia\u0142 HR dba o dobre relacje i atmosfer\u0119 w swoim zespole, i wsp\u00f3lnie celebruje wa\u017cne momenty takie jak na przyk\u0142ad urodziny, czy rocznica pracy. Niby drobiazg, ale ile daje powod\u00f3w do u\u015bmiechu.<\/li><li>Profesjonalizm \u2013 doceniam kiedy projekty maj\u0105 sw\u00f3j cel, s\u0105 zaplanowane i ustrukturyzowane, a pierwszym przyk\u0142adem takiego dzia\u0142ania by\u0142 dla mnie program onboardingowy \u2013 to jak zosta\u0142am przyj\u0119ta by\u0142o dla mnie niezwykle wa\u017cne.\u00a0<\/li><li>Otwarto\u015b\u0107 - poniewa\u017c Dzia\u0142 HR lubi kreatywne rozwi\u0105zania \u2013 tutaj rzadko mo\u017cna us\u0142ysze\u0107 s\u0142owo \u201enie da si\u0119\u201d, pr\u0119dzej kto\u015b Ci powie \u201ezr\u00f3bmy to inaczej\u201d.<\/li><\/ul>\n\n\n\n<h3 class=\"wp-block-heading\"><strong>D: Wida\u0107, \u017ce \u017cyjesz swoj\u0105 prac\u0105 i masz z tego niez\u0142\u0105 frajd\u0119, a co robisz w wolnym czasie? Co Ci\u0119 nakr\u0119ca i do\u0142adowuje \u017cyciowe baterie?<\/strong><\/h3>\n\n\n\n<p>A: W ostatnim czasie najbardziej nakr\u0119ca mnie moja praca magisterska, bo chcia\u0142abym j\u0105 ju\u017c napisa\u0107 i mie\u0107 to za sob\u0105 (\u015bmiech). Mam nadziej\u0119, \u017ce b\u0119dziesz trzyma\u0107 za mnie kciuki na obronie. A tak serio, to du\u017c\u0105 cz\u0119\u015b\u0107 mojego czasu po\u015bwi\u0119cam mojemu szczeniaczkowi Abi. Du\u017co spacerujemy, najbardziej lubimy chodzi\u0107 do lasu. Poza tym, robi\u0119 \u015bwieczki sojowe. Wiesz, \u017ce \u015bwiece sojowe s\u0105 zdrowsze ni\u017c popularne parafinowe? I co najwa\u017cniejsze \u2013 d\u0142u\u017cej si\u0119 pal\u0105. Lubi\u0119 miesza\u0107 olejki i tworzy\u0107 r\u00f3\u017cne kompozycje zapachowe. Moj\u0105 ulubion\u0105 nut\u0105 zapachow\u0105 jest cynamon. Idealny na zbli\u017caj\u0105c\u0105 si\u0119 jesie\u0144.<\/p>\n\n\n\n<h3 class=\"wp-block-heading\"><strong>Dzi\u0119kuj\u0119 za rozmow\u0119!<\/strong><\/h3>\n\n\n\n<p>Wywiad z Anet\u0105 Mokrzyck\u0105 przeprowadzi\u0142a Dominika Markowska.&nbsp;<\/p>\n","protected":false},"excerpt":{"rendered":"<p>Ju\u017c rozpoczynaj\u0105c studia wiedzia\u0142a, \u017ce b\u0119dzie pracowa\u0107 w HR\u2019ach. Ma plan na rozw\u00f3j swojej kariery i konsekwentnie odhacza na li\u015bcie kolejne zrealizowane pozycje: praktyki \u2013 praca \u2013 rozw\u00f3j \u2013 ta dziewczyna nie zostawia spraw przypadkowi. Ogromne serce do pomagania \u0142\u0105czy z mi\u0142o\u015bci\u0105 do zwierz\u0105t. Aneta &#8211; M\u0142odszy specjalista ds. personalnych dzieli si\u0119 z nami swoimi [&hellip;]<\/p>\n","protected":false},"featured_media":15596,"template":"","class_list":["post-15586","bloghr","type-bloghr","status-publish","has-post-thumbnail","hentry"],"acf":[],"yoast_head":"<!-- This site is optimized with the Yoast SEO Premium plugin v27.3 (Yoast SEO v27.5) - https:\/\/yoast.com\/product\/yoast-seo-premium-wordpress\/ -->\n<title>Praktyczne pocz\u0105tki kariery \u2013 czyli jakie drzwi otworz\u0105 Ci praktyki w Ekoenergetyce | Ekoenergetyka<\/title>\n<meta name=\"description\" content=\"Korzy\u015bci praktyk w Ekoenergetyce. Jakie drzwi otworz\u0105 ci praktyki w Ekoenergetyce? Odkryj mo\u017cliwo\u015bci rozwoju i zdobywania do\u015bwiadczenia zawodowego u nas.\" \/>\n<meta name=\"robots\" content=\"index, follow, max-snippet:-1, max-image-preview:large, max-video-preview:-1\" \/>\n<link rel=\"canonical\" href=\"https:\/\/ekoenergetyka.com\/pl\/blog-hr\/praktyczne-poczatki-kariery-czyli-jakie-drzwi-otworza-ci-praktyki-w-ekoenergetyce\/\" \/>\n<meta property=\"og:locale\" content=\"pl_PL\" \/>\n<meta property=\"og:type\" content=\"article\" \/>\n<meta property=\"og:title\" content=\"Praktyczne pocz\u0105tki kariery \u2013 czyli jakie drzwi otworz\u0105 Ci praktyki w Ekoenergetyce\" \/>\n<meta property=\"og:description\" content=\"Korzy\u015bci praktyk w Ekoenergetyce. Jakie drzwi otworz\u0105 ci praktyki w Ekoenergetyce? Odkryj mo\u017cliwo\u015bci rozwoju i zdobywania do\u015bwiadczenia zawodowego u nas.\" \/>\n<meta property=\"og:url\" content=\"https:\/\/ekoenergetyka.com\/pl\/blog-hr\/praktyczne-poczatki-kariery-czyli-jakie-drzwi-otworza-ci-praktyki-w-ekoenergetyce\/\" \/>\n<meta property=\"og:site_name\" content=\"Ekoenergetyka\" \/>\n<meta property=\"article:publisher\" content=\"https:\/\/www.facebook.com\/ekoenergetykaPolska\/\" \/>\n<meta property=\"article:modified_time\" content=\"2024-05-30T08:14:58+00:00\" \/>\n<meta property=\"og:image\" content=\"https:\/\/ekoenergetyka.com\/wp-content\/uploads\/2022\/09\/blog-hr.jpg\" \/>\n\t<meta property=\"og:image:width\" content=\"1920\" \/>\n\t<meta property=\"og:image:height\" content=\"1080\" \/>\n\t<meta property=\"og:image:type\" content=\"image\/jpeg\" \/>\n<meta name=\"twitter:card\" content=\"summary_large_image\" \/>\n<meta name=\"twitter:label1\" content=\"Szacowany czas czytania\" \/>\n\t<meta name=\"twitter:data1\" content=\"9 minut\" \/>\n<script type=\"application\/ld+json\" class=\"yoast-schema-graph\">{\"@context\":\"https:\\\/\\\/schema.org\",\"@graph\":[{\"@type\":\"WebPage\",\"@id\":\"https:\\\/\\\/ekoenergetyka.com\\\/pl\\\/blog-hr\\\/praktyczne-poczatki-kariery-czyli-jakie-drzwi-otworza-ci-praktyki-w-ekoenergetyce\\\/\",\"url\":\"https:\\\/\\\/ekoenergetyka.com\\\/pl\\\/blog-hr\\\/praktyczne-poczatki-kariery-czyli-jakie-drzwi-otworza-ci-praktyki-w-ekoenergetyce\\\/\",\"name\":\"Praktyczne pocz\u0105tki kariery \u2013 czyli jakie drzwi otworz\u0105 Ci praktyki w Ekoenergetyce | Ekoenergetyka\",\"isPartOf\":{\"@id\":\"https:\\\/\\\/ekoenergetyka.com\\\/pl\\\/#website\"},\"primaryImageOfPage\":{\"@id\":\"https:\\\/\\\/ekoenergetyka.com\\\/pl\\\/blog-hr\\\/praktyczne-poczatki-kariery-czyli-jakie-drzwi-otworza-ci-praktyki-w-ekoenergetyce\\\/#primaryimage\"},\"image\":{\"@id\":\"https:\\\/\\\/ekoenergetyka.com\\\/pl\\\/blog-hr\\\/praktyczne-poczatki-kariery-czyli-jakie-drzwi-otworza-ci-praktyki-w-ekoenergetyce\\\/#primaryimage\"},\"thumbnailUrl\":\"https:\\\/\\\/ekoenergetyka.com\\\/wp-content\\\/uploads\\\/2022\\\/09\\\/blog-hr.jpg\",\"datePublished\":\"2022-09-21T10:02:19+00:00\",\"dateModified\":\"2024-05-30T08:14:58+00:00\",\"description\":\"Korzy\u015bci praktyk w Ekoenergetyce. Jakie drzwi otworz\u0105 ci praktyki w Ekoenergetyce? Odkryj mo\u017cliwo\u015bci rozwoju i zdobywania do\u015bwiadczenia zawodowego u nas.\",\"breadcrumb\":{\"@id\":\"https:\\\/\\\/ekoenergetyka.com\\\/pl\\\/blog-hr\\\/praktyczne-poczatki-kariery-czyli-jakie-drzwi-otworza-ci-praktyki-w-ekoenergetyce\\\/#breadcrumb\"},\"inLanguage\":\"pl-PL\",\"potentialAction\":[{\"@type\":\"ReadAction\",\"target\":[\"https:\\\/\\\/ekoenergetyka.com\\\/pl\\\/blog-hr\\\/praktyczne-poczatki-kariery-czyli-jakie-drzwi-otworza-ci-praktyki-w-ekoenergetyce\\\/\"]}]},{\"@type\":\"ImageObject\",\"inLanguage\":\"pl-PL\",\"@id\":\"https:\\\/\\\/ekoenergetyka.com\\\/pl\\\/blog-hr\\\/praktyczne-poczatki-kariery-czyli-jakie-drzwi-otworza-ci-praktyki-w-ekoenergetyce\\\/#primaryimage\",\"url\":\"https:\\\/\\\/ekoenergetyka.com\\\/wp-content\\\/uploads\\\/2022\\\/09\\\/blog-hr.jpg\",\"contentUrl\":\"https:\\\/\\\/ekoenergetyka.com\\\/wp-content\\\/uploads\\\/2022\\\/09\\\/blog-hr.jpg\",\"width\":1920,\"height\":1080},{\"@type\":\"BreadcrumbList\",\"@id\":\"https:\\\/\\\/ekoenergetyka.com\\\/pl\\\/blog-hr\\\/praktyczne-poczatki-kariery-czyli-jakie-drzwi-otworza-ci-praktyki-w-ekoenergetyce\\\/#breadcrumb\",\"itemListElement\":[{\"@type\":\"ListItem\",\"position\":1,\"name\":\"Strona G\u0142\u00f3wna\",\"item\":\"https:\\\/\\\/ekoenergetyka.com\\\/pl\\\/\"},{\"@type\":\"ListItem\",\"position\":2,\"name\":\"Blog HR\",\"item\":\"https:\\\/\\\/ekoenergetyka.com\\\/pl\\\/blog-hr\\\/\"},{\"@type\":\"ListItem\",\"position\":3,\"name\":\"Praktyczne pocz\u0105tki kariery \u2013 czyli jakie drzwi otworz\u0105 Ci praktyki w Ekoenergetyce\"}]},{\"@type\":\"WebSite\",\"@id\":\"https:\\\/\\\/ekoenergetyka.com\\\/pl\\\/#website\",\"url\":\"https:\\\/\\\/ekoenergetyka.com\\\/pl\\\/\",\"name\":\"Ekoenergetyka\",\"description\":\"\",\"publisher\":{\"@id\":\"https:\\\/\\\/ekoenergetyka.com\\\/pl\\\/#organization\"},\"potentialAction\":[{\"@type\":\"SearchAction\",\"target\":{\"@type\":\"EntryPoint\",\"urlTemplate\":\"https:\\\/\\\/ekoenergetyka.com\\\/pl\\\/?s={search_term_string}\"},\"query-input\":{\"@type\":\"PropertyValueSpecification\",\"valueRequired\":true,\"valueName\":\"search_term_string\"}}],\"inLanguage\":\"pl-PL\"},{\"@type\":\"Organization\",\"@id\":\"https:\\\/\\\/ekoenergetyka.com\\\/pl\\\/#organization\",\"name\":\"Ekoenergetyka - Polska S.A.\",\"url\":\"https:\\\/\\\/ekoenergetyka.com\\\/pl\\\/\",\"logo\":{\"@type\":\"ImageObject\",\"inLanguage\":\"pl-PL\",\"@id\":\"https:\\\/\\\/ekoenergetyka.com\\\/pl\\\/#\\\/schema\\\/logo\\\/image\\\/\",\"url\":\"https:\\\/\\\/ekoenergetyka.com\\\/wp-content\\\/uploads\\\/2024\\\/11\\\/cropped-sygnet-bez-tla-black-1-2.png\",\"contentUrl\":\"https:\\\/\\\/ekoenergetyka.com\\\/wp-content\\\/uploads\\\/2024\\\/11\\\/cropped-sygnet-bez-tla-black-1-2.png\",\"width\":512,\"height\":512,\"caption\":\"Ekoenergetyka - Polska S.A.\"},\"image\":{\"@id\":\"https:\\\/\\\/ekoenergetyka.com\\\/pl\\\/#\\\/schema\\\/logo\\\/image\\\/\"},\"sameAs\":[\"https:\\\/\\\/www.facebook.com\\\/ekoenergetykaPolska\\\/\",\"https:\\\/\\\/www.linkedin.com\\\/company\\\/ekoenergetyka\",\"https:\\\/\\\/www.youtube.com\\\/channel\\\/UCfZM_rPDdrv6D0JB-uhWi8Q\\\/videos\"],\"description\":\"Established in 2009 Poland with a sole purpose of providing charging solutions, we are one of the pioneers in the e-mobility industry. In a decade, Ekoenergetyka has grown from 2 to more than 400 employees (currently around 1,000) and has acquired customers throughout Europe and are now a Central and Eastern European leader in charging technologies.\",\"email\":\"contact@ekoenergetyka.com.pl\",\"telephone\":\"+ 48 68 328 20 68\",\"numberOfEmployees\":{\"@type\":\"QuantitativeValue\",\"minValue\":\"501\",\"maxValue\":\"1000\"}}]}<\/script>\n<!-- \/ Yoast SEO Premium plugin. -->","yoast_head_json":{"title":"Praktyczne pocz\u0105tki kariery \u2013 czyli jakie drzwi otworz\u0105 Ci praktyki w Ekoenergetyce | Ekoenergetyka","description":"Korzy\u015bci praktyk w Ekoenergetyce. Jakie drzwi otworz\u0105 ci praktyki w Ekoenergetyce? Odkryj mo\u017cliwo\u015bci rozwoju i zdobywania do\u015bwiadczenia zawodowego u nas.","robots":{"index":"index","follow":"follow","max-snippet":"max-snippet:-1","max-image-preview":"max-image-preview:large","max-video-preview":"max-video-preview:-1"},"canonical":"https:\/\/ekoenergetyka.com\/pl\/blog-hr\/praktyczne-poczatki-kariery-czyli-jakie-drzwi-otworza-ci-praktyki-w-ekoenergetyce\/","og_locale":"pl_PL","og_type":"article","og_title":"Praktyczne pocz\u0105tki kariery \u2013 czyli jakie drzwi otworz\u0105 Ci praktyki w Ekoenergetyce","og_description":"Korzy\u015bci praktyk w Ekoenergetyce. Jakie drzwi otworz\u0105 ci praktyki w Ekoenergetyce? Odkryj mo\u017cliwo\u015bci rozwoju i zdobywania do\u015bwiadczenia zawodowego u nas.","og_url":"https:\/\/ekoenergetyka.com\/pl\/blog-hr\/praktyczne-poczatki-kariery-czyli-jakie-drzwi-otworza-ci-praktyki-w-ekoenergetyce\/","og_site_name":"Ekoenergetyka","article_publisher":"https:\/\/www.facebook.com\/ekoenergetykaPolska\/","article_modified_time":"2024-05-30T08:14:58+00:00","og_image":[{"width":1920,"height":1080,"url":"https:\/\/ekoenergetyka.com\/wp-content\/uploads\/2022\/09\/blog-hr.jpg","type":"image\/jpeg"}],"twitter_card":"summary_large_image","twitter_misc":{"Szacowany czas czytania":"9 minut"},"schema":{"@context":"https:\/\/schema.org","@graph":[{"@type":"WebPage","@id":"https:\/\/ekoenergetyka.com\/pl\/blog-hr\/praktyczne-poczatki-kariery-czyli-jakie-drzwi-otworza-ci-praktyki-w-ekoenergetyce\/","url":"https:\/\/ekoenergetyka.com\/pl\/blog-hr\/praktyczne-poczatki-kariery-czyli-jakie-drzwi-otworza-ci-praktyki-w-ekoenergetyce\/","name":"Praktyczne pocz\u0105tki kariery \u2013 czyli jakie drzwi otworz\u0105 Ci praktyki w Ekoenergetyce | Ekoenergetyka","isPartOf":{"@id":"https:\/\/ekoenergetyka.com\/pl\/#website"},"primaryImageOfPage":{"@id":"https:\/\/ekoenergetyka.com\/pl\/blog-hr\/praktyczne-poczatki-kariery-czyli-jakie-drzwi-otworza-ci-praktyki-w-ekoenergetyce\/#primaryimage"},"image":{"@id":"https:\/\/ekoenergetyka.com\/pl\/blog-hr\/praktyczne-poczatki-kariery-czyli-jakie-drzwi-otworza-ci-praktyki-w-ekoenergetyce\/#primaryimage"},"thumbnailUrl":"https:\/\/ekoenergetyka.com\/wp-content\/uploads\/2022\/09\/blog-hr.jpg","datePublished":"2022-09-21T10:02:19+00:00","dateModified":"2024-05-30T08:14:58+00:00","description":"Korzy\u015bci praktyk w Ekoenergetyce. Jakie drzwi otworz\u0105 ci praktyki w Ekoenergetyce? Odkryj mo\u017cliwo\u015bci rozwoju i zdobywania do\u015bwiadczenia zawodowego u nas.","breadcrumb":{"@id":"https:\/\/ekoenergetyka.com\/pl\/blog-hr\/praktyczne-poczatki-kariery-czyli-jakie-drzwi-otworza-ci-praktyki-w-ekoenergetyce\/#breadcrumb"},"inLanguage":"pl-PL","potentialAction":[{"@type":"ReadAction","target":["https:\/\/ekoenergetyka.com\/pl\/blog-hr\/praktyczne-poczatki-kariery-czyli-jakie-drzwi-otworza-ci-praktyki-w-ekoenergetyce\/"]}]},{"@type":"ImageObject","inLanguage":"pl-PL","@id":"https:\/\/ekoenergetyka.com\/pl\/blog-hr\/praktyczne-poczatki-kariery-czyli-jakie-drzwi-otworza-ci-praktyki-w-ekoenergetyce\/#primaryimage","url":"https:\/\/ekoenergetyka.com\/wp-content\/uploads\/2022\/09\/blog-hr.jpg","contentUrl":"https:\/\/ekoenergetyka.com\/wp-content\/uploads\/2022\/09\/blog-hr.jpg","width":1920,"height":1080},{"@type":"BreadcrumbList","@id":"https:\/\/ekoenergetyka.com\/pl\/blog-hr\/praktyczne-poczatki-kariery-czyli-jakie-drzwi-otworza-ci-praktyki-w-ekoenergetyce\/#breadcrumb","itemListElement":[{"@type":"ListItem","position":1,"name":"Strona G\u0142\u00f3wna","item":"https:\/\/ekoenergetyka.com\/pl\/"},{"@type":"ListItem","position":2,"name":"Blog HR","item":"https:\/\/ekoenergetyka.com\/pl\/blog-hr\/"},{"@type":"ListItem","position":3,"name":"Praktyczne pocz\u0105tki kariery \u2013 czyli jakie drzwi otworz\u0105 Ci praktyki w Ekoenergetyce"}]},{"@type":"WebSite","@id":"https:\/\/ekoenergetyka.com\/pl\/#website","url":"https:\/\/ekoenergetyka.com\/pl\/","name":"Ekoenergetyka","description":"","publisher":{"@id":"https:\/\/ekoenergetyka.com\/pl\/#organization"},"potentialAction":[{"@type":"SearchAction","target":{"@type":"EntryPoint","urlTemplate":"https:\/\/ekoenergetyka.com\/pl\/?s={search_term_string}"},"query-input":{"@type":"PropertyValueSpecification","valueRequired":true,"valueName":"search_term_string"}}],"inLanguage":"pl-PL"},{"@type":"Organization","@id":"https:\/\/ekoenergetyka.com\/pl\/#organization","name":"Ekoenergetyka - Polska S.A.","url":"https:\/\/ekoenergetyka.com\/pl\/","logo":{"@type":"ImageObject","inLanguage":"pl-PL","@id":"https:\/\/ekoenergetyka.com\/pl\/#\/schema\/logo\/image\/","url":"https:\/\/ekoenergetyka.com\/wp-content\/uploads\/2024\/11\/cropped-sygnet-bez-tla-black-1-2.png","contentUrl":"https:\/\/ekoenergetyka.com\/wp-content\/uploads\/2024\/11\/cropped-sygnet-bez-tla-black-1-2.png","width":512,"height":512,"caption":"Ekoenergetyka - Polska S.A."},"image":{"@id":"https:\/\/ekoenergetyka.com\/pl\/#\/schema\/logo\/image\/"},"sameAs":["https:\/\/www.facebook.com\/ekoenergetykaPolska\/","https:\/\/www.linkedin.com\/company\/ekoenergetyka","https:\/\/www.youtube.com\/channel\/UCfZM_rPDdrv6D0JB-uhWi8Q\/videos"],"description":"Established in 2009 Poland with a sole purpose of providing charging solutions, we are one of the pioneers in the e-mobility industry. In a decade, Ekoenergetyka has grown from 2 to more than 400 employees (currently around 1,000) and has acquired customers throughout Europe and are now a Central and Eastern European leader in charging technologies.","email":"contact@ekoenergetyka.com.pl","telephone":"+ 48 68 328 20 68","numberOfEmployees":{"@type":"QuantitativeValue","minValue":"501","maxValue":"1000"}}]}},"_links":{"self":[{"href":"https:\/\/ekoenergetyka.com\/pl\/wp-json\/wp\/v2\/bloghr\/15586","targetHints":{"allow":["GET"]}}],"collection":[{"href":"https:\/\/ekoenergetyka.com\/pl\/wp-json\/wp\/v2\/bloghr"}],"about":[{"href":"https:\/\/ekoenergetyka.com\/pl\/wp-json\/wp\/v2\/types\/bloghr"}],"wp:featuredmedia":[{"embeddable":true,"href":"https:\/\/ekoenergetyka.com\/pl\/wp-json\/wp\/v2\/media\/15596"}],"wp:attachment":[{"href":"https:\/\/ekoenergetyka.com\/pl\/wp-json\/wp\/v2\/media?parent=15586"}],"curies":[{"name":"wp","href":"https:\/\/api.w.org\/{rel}","templated":true}]}}