{"id":42266,"date":"2025-03-24T13:13:55","date_gmt":"2025-03-24T12:13:55","guid":{"rendered":"https:\/\/ekoenergetyka.com\/?post_type=blog&#038;p=42266"},"modified":"2025-03-24T13:16:44","modified_gmt":"2025-03-24T12:16:44","slug":"ulga-podatkowa-na-stacje-ladowania-pojazdow-elektrycznych-kto-sie-kwalifikuje","status":"publish","type":"blog","link":"https:\/\/ekoenergetyka.com\/pl\/blog\/ulga-podatkowa-na-stacje-ladowania-pojazdow-elektrycznych-kto-sie-kwalifikuje\/","title":{"rendered":"Ulga podatkowa na stacje \u0142adowania pojazd\u00f3w elektrycznych: kto si\u0119 kwalifikuje?"},"content":{"rendered":"\n<p>Dla firm i organizacji inwestuj\u0105cych w infrastruktur\u0119 \u0142adowania pojazd\u00f3w elektrycznych w Wielkiej Brytanii dost\u0119pne s\u0105 znaczne ulgi podatkowe za po\u015brednictwem <a href=\"https:\/\/www.gov.uk\/government\/organisations\/office-for-zero-emission-vehicles\">Urz\u0119du ds. Pojazd\u00f3w Bezemisyjnych (OZEV)<\/a>. Kluczow\u0105 zach\u0119t\u0105 jest 100% ulga w pierwszym roku, kt\u00f3ra pozwala organizacjom odliczy\u0107 ca\u0142y koszt<a href=\"https:\/\/ekoenergetyka.com\/blog\/what-is-evse-understanding-electric-vehicle-supply-equipment\/\"> sprz\u0119tu do \u0142adowania pojazd\u00f3w elektrycznych<\/a> od podlegaj\u0105cych opodatkowaniu zysk\u00f3w w pierwszym roku inwestycji.<\/p>\n\n\n\n<h2 class=\"wp-block-heading\" id=\"h-ulga-podatkowa-na-ladowanie-pojazdow-elektrycznych\"><strong>Ulga podatkowa na \u0142adowanie pojazd\u00f3w elektrycznych<\/strong><\/h2>\n\n\n\n<p>Przyjrzyjmy si\u0119, jak dzia\u0142aj\u0105 te ulgi podatkowe i co oznaczaj\u0105 dla organizacji rozwa\u017caj\u0105cych instalacje do \u0142adowania pojazd\u00f3w elektrycznych.<\/p>\n\n\n\n<h3 class=\"wp-block-heading\" id=\"h-obecna-sytuacja-podatkowa-w-wielkiej-brytanii\"><strong>Obecna sytuacja podatkowa w Wielkiej Brytanii<\/strong><\/h3>\n\n\n\n<p>Podstawow\u0105 korzy\u015bci\u0105 jest 100% <a href=\"https:\/\/www.gov.uk\/government\/publications\/first-year-allowance-extension-for-electric-vehicle-charge-points\/first-year-allowance-for-electric-vehicle-charge-points\">pierwszoroczna ulga (FYA) na sprz\u0119t do \u0142adowania pojazd\u00f3w elektrycznych<\/a>. W praktyce, gdy Twoja firma inwestuje w kwalifikuj\u0105cy si\u0119 sprz\u0119t do \u0142adowania pojazd\u00f3w elektrycznych, mo\u017cesz odliczy\u0107 pe\u0142ny koszt od zysk\u00f3w podlegaj\u0105cych opodatkowaniu w pierwszym roku. W przeciwie\u0144stwie do standardowych ulg kapita\u0142owych, nie trzeba rozk\u0142ada\u0107 odliczenia na wiele lat, co czyni t\u0119 opcj\u0119 atrakcyjn\u0105 dla organizacji, kt\u00f3re chc\u0105 inwestowa\u0107 w infrastruktur\u0119 pojazd\u00f3w elektrycznych.<\/p>\n\n\n\n<p>Przyk\u0142adowo, je\u015bli Twoja firma wyda 10 000 GBP na kwalifikuj\u0105cy si\u0119 sprz\u0119t do \u0142adowania pojazd\u00f3w elektrycznych, mo\u017cesz odliczy\u0107 pe\u0142ne 10 000 GBP od zysk\u00f3w podlegaj\u0105cych opodatkowaniu w pierwszym roku. Rzeczywiste oszcz\u0119dno\u015bci podatkowe b\u0119d\u0105 jednak zale\u017ce\u0107 od stawki podatkowej i okoliczno\u015bci danej organizacji. Aby uzyska\u0107 szczeg\u00f3\u0142owe obliczenia i porady, nale\u017cy skonsultowa\u0107 si\u0119 ze specjalist\u0105 podatkowym.<\/p>\n\n\n\n<h2 class=\"wp-block-heading\" id=\"h-kluczowe-kryteria-kwalifikujace-do-ulgi-podatkowej-na-ladowarki-ev\"><strong>Kluczowe kryteria kwalifikuj\u0105ce do ulgi podatkowej na \u0142adowarki EV<\/strong><\/h2>\n\n\n<div class=\"wp-block-image\">\n<figure class=\"aligncenter size-large\"><img loading=\"lazy\" decoding=\"async\" width=\"1024\" height=\"768\" src=\"https:\/\/ekoenergetyka.com\/wp-content\/uploads\/2025\/02\/image-1-1024x768.jpeg\" alt=\"Parking ze stacjami du\u017cej mocy Ekoenergetyka SAT 600\" class=\"wp-image-41837\" srcset=\"https:\/\/ekoenergetyka.com\/wp-content\/uploads\/2025\/02\/image-1-1024x768.jpeg 1024w, https:\/\/ekoenergetyka.com\/wp-content\/uploads\/2025\/02\/image-1-300x225.jpeg 300w, https:\/\/ekoenergetyka.com\/wp-content\/uploads\/2025\/02\/image-1-768x576.jpeg 768w, https:\/\/ekoenergetyka.com\/wp-content\/uploads\/2025\/02\/image-1-1536x1152.jpeg 1536w, https:\/\/ekoenergetyka.com\/wp-content\/uploads\/2025\/02\/image-1.jpeg 1600w\" sizes=\"auto, (max-width: 1024px) 100vw, 1024px\" \/><\/figure>\n<\/div>\n\n\n<p>Aby zapewni\u0107, \u017ce inwestycja kwalifikuje si\u0119 do ulgi podatkowej, sprz\u0119t do \u0142adowania musi by\u0107 nowy i nieu\u017cywany, spe\u0142nia\u0107 aktualne normy bezpiecze\u0144stwa i specyfikacje techniczne oraz by\u0107 w stanie \u0142adowa\u0107 pojazdy elektryczne za po\u015brednictwem znormalizowanego po\u0142\u0105czenia. Instalacja musi zosta\u0107 wykonana przez instalatora zatwierdzonego przez OZEV i by\u0107 zgodna z obowi\u0105zuj\u0105cymi przepisami bezpiecze\u0144stwa elektrycznego.<\/p>\n\n\n\n<p>Do cel\u00f3w dokumentacji organizacje powinny przechowywa\u0107<\/p>\n\n\n\n<ul class=\"wp-block-list\">\n<li><strong>Szczeg\u00f3\u0142owe faktury przedstawiaj\u0105ce oddzielnie koszty sprz\u0119tu i instalacji<\/strong><\/li>\n\n\n\n<li><strong>Za\u015bwiadczenie od instalatora<\/strong><\/li>\n\n\n\n<li><strong>Dowody p\u0142atno\u015bci<\/strong><\/li>\n\n\n\n<li><strong>Specyfikacje techniczne zainstalowanego sprz\u0119tu<\/strong><\/li>\n<\/ul>\n\n\n\n<h2 class=\"wp-block-heading\" id=\"h-podmioty-kwalifikujace-sie-do-ulgi-podatkowej-na-ladowarki-ev\"><strong>Podmioty kwalifikuj\u0105ce si\u0119 do ulgi podatkowej na \u0142adowarki EV<\/strong><\/h2>\n\n\n\n<p>R\u00f3\u017cne rodzaje organizacji mog\u0105 korzysta\u0107 z tych zach\u0119t podatkowych, chocia\u017c kwalifikowalno\u015b\u0107 i procesy r\u00f3\u017cni\u0105 si\u0119 w zale\u017cno\u015bci od typu organizacji.<\/p>\n\n\n\n<h3 class=\"wp-block-heading\" id=\"h-prywatne-przedsiebiorstwa\"><strong>Prywatne przedsi\u0119biorstwa<\/strong><\/h3>\n\n\n\n<p><strong>Ka\u017cda firma mo\u017ce potencjalnie ubiega\u0107 si\u0119 o ulg\u0119 podatkow\u0105, cho\u0107 proces r\u00f3\u017cni si\u0119 w zale\u017cno\u015bci od struktury biznesowej. <\/strong>Sp\u00f3\u0142ki z ograniczon\u0105 odpowiedzialno\u015bci\u0105 ubiegaj\u0105 si\u0119 o ulg\u0119 za po\u015brednictwem deklaracji podatku dochodowego od os\u00f3b prawnych i musz\u0105 uwzgl\u0119dni\u0107 inwestycj\u0119 w obliczeniach ulg kapita\u0142owych. Osoby prowadz\u0105ce jednoosobow\u0105 dzia\u0142alno\u015b\u0107 gospodarcz\u0105 i sp\u00f3\u0142ki osobowe ubiegaj\u0105 si\u0119 o ulg\u0119 podatkow\u0105 za po\u015brednictwem zezna\u0144 podatkowych.<\/p>\n\n\n\n<p>Wszystkie firmy musz\u0105 prowadzi\u0107 szczeg\u00f3\u0142ow\u0105 dokumentacj\u0119 dla HMRC i wykaza\u0107 biznesowe wykorzystanie punkt\u00f3w \u0142adowania.<\/p>\n\n\n\n<h3 class=\"wp-block-heading\" id=\"h-deweloperzy-i-nieruchomosci-komercyjne\"><strong>Deweloperzy i nieruchomo\u015bci komercyjne<\/strong><\/h3>\n\n\n\n<p><strong>Deweloperzy nieruchomo\u015bci mog\u0105 zintegrowa\u0107 infrastruktur\u0119 \u0142adowania pojazd\u00f3w elektrycznych zar\u00f3wno z nowymi inwestycjami, jak i istniej\u0105cymi nieruchomo\u015bciami. <\/strong>Korzy\u015bci podatkowe dotycz\u0105 zar\u00f3wno instalacji punkt\u00f3w \u0142adowania podczas pocz\u0105tkowej budowy, jak i modernizacji istniej\u0105cych obiekt\u00f3w. Stwarza to mo\u017cliwo\u015bci zwi\u0119kszenia warto\u015bci nieruchomo\u015bci przy jednoczesnym skorzystaniu z zach\u0119t podatkowych.<\/p>\n\n\n\n<h3 class=\"wp-block-heading\" id=\"h-wzgledy-regionalne\"><strong>Wzgl\u0119dy regionalne<\/strong><\/h3>\n\n\n\n<p><strong>Podczas gdy g\u0142\u00f3wna ulga podatkowa jest sp\u00f3jna w ca\u0142ej Wielkiej Brytanii, dodatkowe wsparcie r\u00f3\u017cni si\u0119 w zale\u017cno\u015bci od regionu.<\/strong> Na przyk\u0142ad <a href=\"https:\/\/energysavingtrust.org.uk\/grants-and-loans\/domestic-charge-point-funding\/\">Fundusz Oszcz\u0119dno\u015bci Energii<\/a> zapewnia dodatkowe finansowanie zar\u00f3wno dla domowych, jak i biznesowych instalacji punkt\u00f3w \u0142adowania. Organizacje powinny skontaktowa\u0107 si\u0119 z lokalnymi w\u0142adzami i regionalnymi agencjami rozwoju w celu uzyskania dodatkowego wsparcia dost\u0119pnego w ich okolicy.<\/p>\n\n\n\n<h2 class=\"wp-block-heading\" id=\"h-laczenie-ulg-podatkowych-z-innymi-zachetami\"><strong>\u0141\u0105czenie ulg podatkowych z innymi zach\u0119tami<\/strong><\/h2>\n\n\n\n<p>Organizacje mog\u0105 zmaksymalizowa\u0107 swoje korzy\u015bci, rozumiej\u0105c, jak r\u00f3\u017cne zach\u0119ty dzia\u0142aj\u0105 razem. Podstawow\u0105 ulg\u0119 podatkow\u0105 mo\u017cna \u0142\u0105czy\u0107 z dotacjami, cho\u0107 do okre\u015blenia ostatecznej korzy\u015bci potrzebne s\u0105 staranne obliczenia.<\/p>\n\n\n\n<h3 class=\"wp-block-heading\" id=\"h-program-oplat-w-miejscu-pracy\"><strong>Program op\u0142at w miejscu pracy<\/strong><\/h3>\n\n\n\n<p><strong>Program pobierania op\u0142at w miejscu pracy (WCS) oferuje znaczne wsparcie pocz\u0105tkowe, pokrywaj\u0105c do 75% koszt\u00f3w instalacji, przy maksymalnej kwocie 350 GBP na gniazdo.<\/strong> Organizacje mog\u0105 ubiega\u0107 si\u0119 o dofinansowanie do 40 gniazd, potencjalnie zmniejszaj\u0105c koszty o 14 000 GBP.<\/p>\n\n\n\n<h3 class=\"wp-block-heading\" id=\"h-dotacja-na-infrastrukture-ev\"><strong>Dotacja na infrastruktur\u0119 EV<\/strong><\/h3>\n\n\n\n<p>W przypadku \u015brednich przedsi\u0119biorstw dodatkowa dotacja na infrastruktur\u0119 EV zapewnia dalsze wsparcie w wysoko\u015bci do 30 000 GBP lub 75% koszt\u00f3w instalacji infrastruktury \u0142adowania lub przygotowania miejsc pod przysz\u0142e instalacje.<\/p>\n\n\n\n<p>Mo\u017cliwe jest po\u0142\u0105czenie tych dotacji z ulgami podatkowymi, ubiegaj\u0105c si\u0119 o ulgi od koszt\u00f3w netto po otrzymaniu dotacji. Do cel\u00f3w podatkowych nale\u017cy obliczy\u0107 ulg\u0119 na podstawie rzeczywistych wydatk\u00f3w po otrzymaniu dotacji.<\/p>\n\n\n\n<h2 class=\"wp-block-heading\" id=\"h-wnioski\"><strong>Wnioski<\/strong><\/h2>\n\n\n\n<p>Liczby m\u00f3wi\u0105 same za siebie - instalacja punkt\u00f3w \u0142adowania pojazd\u00f3w elektrycznych nigdy nie mia\u0142a wi\u0119kszego sensu finansowego. Pomi\u0119dzy 100% ulg\u0105 podatkow\u0105 w pierwszym roku i solidnym systemem dotacji, rz\u0105d Wielkiej Brytanii zasadniczo m\u00f3wi \u201epomo\u017cemy zap\u0142aci\u0107 rachunek\u201d firmom gotowym na elektryczn\u0105 przysz\u0142o\u015b\u0107. Jest to rzadka sytuacja korzystna dla obu stron, w kt\u00f3rej dbanie o \u015brodowisko ma r\u00f3wnie\u017c solidny sens biznesowy.<\/p>\n\n\n\n<p>Elektryczna rewolucja nie nadchodzi - ona ju\u017c tu jest, zmieniaj\u0105c nasz spos\u00f3b my\u015blenia o transporcie i infrastrukturze biznesowej. Ci, kt\u00f3rzy dzia\u0142aj\u0105 teraz, nie tylko instaluj\u0105 punkty \u0142adowania; inwestuj\u0105 w przysz\u0142o\u015b\u0107 swojej firmy, jednocze\u015bnie ciesz\u0105c si\u0119 bezprecedensowym wsparciem finansowym.Plan dzia\u0142ania jest jasny, zach\u0119ty istniej\u0105, a technologia jest sprawdzona. <a href=\"https:\/\/ekoenergetyka.com\/pl\/kontakt\/\">Porozmawiajmy o elektryfikacji Twojej firmy<\/a> i maksymalnym wykorzystaniu tych mo\u017cliwo\u015bci, gdy s\u0105 one w szczytowej formie.<\/p>\n\n\n\n<div id=\"quiz_69efde6b0397c\"><quiz-component header=\"Quiz\" language=\"pl\" score-label-pl=\"Wynik:\" correct-label-pl=\"\u2705 TAK! Brawo!\" incorrect-label-pl=\"\u274c Niestety nie!\">{ &quot;Jaki procent koszt\u00f3w sprz\u0119tu do \u0142adowania pojazd\u00f3w elektrycznych mo\u017cna odliczy\u0107 od podlegaj\u0105cych opodatkowaniu zysk\u00f3w w pierwszym roku w ramach FYA?&quot;: { &quot;a&quot;: &quot;25%&quot;, &quot;b&quot;: &quot;50%&quot;, &quot;c&quot;: &quot;75%&quot;, &quot;d&quot;: &quot;100%&quot;, &quot;correct&quot;: &quot;d&quot; }, &quot;Jaka jest maksymalna liczba gniazd, kt\u00f3re mo\u017cna sfinansowa\u0107 w ramach programu pobierania op\u0142at w miejscu pracy (WCS)?&quot;: { &quot;a&quot;: &quot;20 gniazd&quot;, &quot;b&quot;: &quot;30 gniazd&quot;, &quot;c&quot;: &quot;40 gniazd&quot;, &quot;d&quot;: &quot;50 gniazd&quot;, &quot;correct&quot;: &quot;c&quot; }, &quot;Jaka jest maksymalna kwota finansowania dost\u0119pna w ramach dotacji na infrastruktur\u0119 EV?&quot;: { &quot;a&quot;: &quot;14 000 GBP&quot;, &quot;b&quot;: &quot;20 000 GBP&quot;, &quot;c&quot;: &quot;25 000 GBP&quot;, &quot;d&quot;: &quot;30 000 GBP&quot;, &quot;correct&quot;: &quot;d&quot; } }<\/quiz-component><\/div>\n","protected":false},"excerpt":{"rendered":"<p>Dla firm i organizacji inwestuj\u0105cych w infrastruktur\u0119 \u0142adowania pojazd\u00f3w elektrycznych w Wielkiej Brytanii dost\u0119pne s\u0105 znaczne ulgi podatkowe za po\u015brednictwem Urz\u0119du ds. Pojazd\u00f3w Bezemisyjnych (OZEV). Kluczow\u0105 zach\u0119t\u0105 jest 100% ulga w pierwszym roku, kt\u00f3ra pozwala organizacjom odliczy\u0107 ca\u0142y koszt sprz\u0119tu do \u0142adowania pojazd\u00f3w elektrycznych od podlegaj\u0105cych opodatkowaniu zysk\u00f3w w pierwszym roku inwestycji. Ulga podatkowa na [&hellip;]<\/p>\n","protected":false},"featured_media":41831,"template":"","class_list":["post-42266","blog","type-blog","status-publish","has-post-thumbnail","hentry"],"acf":[],"yoast_head":"<!-- This site is optimized with the Yoast SEO Premium plugin v27.3 (Yoast SEO v27.4) - https:\/\/yoast.com\/product\/yoast-seo-premium-wordpress\/ -->\n<title>Ulga podatkowa na stacje \u0142adowania pojazd\u00f3w elektrycznych: kto si\u0119 kwalifikuje? | Ekoenergetyka<\/title>\n<meta name=\"robots\" content=\"index, follow, max-snippet:-1, max-image-preview:large, max-video-preview:-1\" \/>\n<link rel=\"canonical\" href=\"https:\/\/ekoenergetyka.com\/pl\/blog\/ulga-podatkowa-na-stacje-ladowania-pojazdow-elektrycznych-kto-sie-kwalifikuje\/\" \/>\n<meta property=\"og:locale\" content=\"pl_PL\" \/>\n<meta property=\"og:type\" content=\"article\" \/>\n<meta property=\"og:title\" content=\"Ulga podatkowa na stacje \u0142adowania pojazd\u00f3w elektrycznych: kto si\u0119 kwalifikuje? | Ekoenergetyka\" \/>\n<meta property=\"og:description\" content=\"Dla firm i organizacji inwestuj\u0105cych w infrastruktur\u0119 \u0142adowania pojazd\u00f3w elektrycznych w Wielkiej Brytanii dost\u0119pne s\u0105 znaczne ulgi podatkowe za po\u015brednictwem Urz\u0119du ds. Pojazd\u00f3w Bezemisyjnych (OZEV). Kluczow\u0105 zach\u0119t\u0105 jest 100% ulga w pierwszym roku, kt\u00f3ra pozwala organizacjom odliczy\u0107 ca\u0142y koszt sprz\u0119tu do \u0142adowania pojazd\u00f3w elektrycznych od podlegaj\u0105cych opodatkowaniu zysk\u00f3w w pierwszym roku inwestycji. Ulga podatkowa na [&hellip;]\" \/>\n<meta property=\"og:url\" content=\"https:\/\/ekoenergetyka.com\/pl\/blog\/ulga-podatkowa-na-stacje-ladowania-pojazdow-elektrycznych-kto-sie-kwalifikuje\/\" \/>\n<meta property=\"og:site_name\" content=\"Ekoenergetyka\" \/>\n<meta property=\"article:publisher\" content=\"https:\/\/www.facebook.com\/ekoenergetykaPolska\/\" \/>\n<meta property=\"article:modified_time\" content=\"2025-03-24T12:16:44+00:00\" \/>\n<meta property=\"og:image\" content=\"https:\/\/ekoenergetyka.com\/wp-content\/uploads\/2025\/02\/image.jpeg\" \/>\n\t<meta property=\"og:image:width\" content=\"1600\" \/>\n\t<meta property=\"og:image:height\" content=\"1067\" \/>\n\t<meta property=\"og:image:type\" content=\"image\/jpeg\" \/>\n<meta name=\"twitter:card\" content=\"summary_large_image\" \/>\n<meta name=\"twitter:label1\" content=\"Szacowany czas czytania\" \/>\n\t<meta name=\"twitter:data1\" content=\"5 minut\" \/>\n<script type=\"application\/ld+json\" class=\"yoast-schema-graph\">{\"@context\":\"https:\\\/\\\/schema.org\",\"@graph\":[{\"@type\":\"WebPage\",\"@id\":\"https:\\\/\\\/ekoenergetyka.com\\\/pl\\\/blog\\\/ulga-podatkowa-na-stacje-ladowania-pojazdow-elektrycznych-kto-sie-kwalifikuje\\\/\",\"url\":\"https:\\\/\\\/ekoenergetyka.com\\\/pl\\\/blog\\\/ulga-podatkowa-na-stacje-ladowania-pojazdow-elektrycznych-kto-sie-kwalifikuje\\\/\",\"name\":\"Ulga podatkowa na stacje \u0142adowania pojazd\u00f3w elektrycznych: kto si\u0119 kwalifikuje? | Ekoenergetyka\",\"isPartOf\":{\"@id\":\"https:\\\/\\\/ekoenergetyka.com\\\/pl\\\/#website\"},\"primaryImageOfPage\":{\"@id\":\"https:\\\/\\\/ekoenergetyka.com\\\/pl\\\/blog\\\/ulga-podatkowa-na-stacje-ladowania-pojazdow-elektrycznych-kto-sie-kwalifikuje\\\/#primaryimage\"},\"image\":{\"@id\":\"https:\\\/\\\/ekoenergetyka.com\\\/pl\\\/blog\\\/ulga-podatkowa-na-stacje-ladowania-pojazdow-elektrycznych-kto-sie-kwalifikuje\\\/#primaryimage\"},\"thumbnailUrl\":\"https:\\\/\\\/ekoenergetyka.com\\\/wp-content\\\/uploads\\\/2025\\\/02\\\/image.jpeg\",\"datePublished\":\"2025-03-24T12:13:55+00:00\",\"dateModified\":\"2025-03-24T12:16:44+00:00\",\"breadcrumb\":{\"@id\":\"https:\\\/\\\/ekoenergetyka.com\\\/pl\\\/blog\\\/ulga-podatkowa-na-stacje-ladowania-pojazdow-elektrycznych-kto-sie-kwalifikuje\\\/#breadcrumb\"},\"inLanguage\":\"pl-PL\",\"potentialAction\":[{\"@type\":\"ReadAction\",\"target\":[\"https:\\\/\\\/ekoenergetyka.com\\\/pl\\\/blog\\\/ulga-podatkowa-na-stacje-ladowania-pojazdow-elektrycznych-kto-sie-kwalifikuje\\\/\"]}]},{\"@type\":\"ImageObject\",\"inLanguage\":\"pl-PL\",\"@id\":\"https:\\\/\\\/ekoenergetyka.com\\\/pl\\\/blog\\\/ulga-podatkowa-na-stacje-ladowania-pojazdow-elektrycznych-kto-sie-kwalifikuje\\\/#primaryimage\",\"url\":\"https:\\\/\\\/ekoenergetyka.com\\\/wp-content\\\/uploads\\\/2025\\\/02\\\/image.jpeg\",\"contentUrl\":\"https:\\\/\\\/ekoenergetyka.com\\\/wp-content\\\/uploads\\\/2025\\\/02\\\/image.jpeg\",\"width\":1600,\"height\":1067,\"caption\":\"Ekoenergetyka satellite DC split solution user unit SAT 400 for ev\"},{\"@type\":\"BreadcrumbList\",\"@id\":\"https:\\\/\\\/ekoenergetyka.com\\\/pl\\\/blog\\\/ulga-podatkowa-na-stacje-ladowania-pojazdow-elektrycznych-kto-sie-kwalifikuje\\\/#breadcrumb\",\"itemListElement\":[{\"@type\":\"ListItem\",\"position\":1,\"name\":\"Strona G\u0142\u00f3wna\",\"item\":\"https:\\\/\\\/ekoenergetyka.com\\\/pl\\\/\"},{\"@type\":\"ListItem\",\"position\":2,\"name\":\"Blog\",\"item\":\"https:\\\/\\\/ekoenergetyka.com\\\/pl\\\/blog\\\/\"},{\"@type\":\"ListItem\",\"position\":3,\"name\":\"Ulga podatkowa na stacje \u0142adowania pojazd\u00f3w elektrycznych: kto si\u0119 kwalifikuje?\"}]},{\"@type\":\"WebSite\",\"@id\":\"https:\\\/\\\/ekoenergetyka.com\\\/pl\\\/#website\",\"url\":\"https:\\\/\\\/ekoenergetyka.com\\\/pl\\\/\",\"name\":\"Ekoenergetyka\",\"description\":\"\",\"publisher\":{\"@id\":\"https:\\\/\\\/ekoenergetyka.com\\\/pl\\\/#organization\"},\"potentialAction\":[{\"@type\":\"SearchAction\",\"target\":{\"@type\":\"EntryPoint\",\"urlTemplate\":\"https:\\\/\\\/ekoenergetyka.com\\\/pl\\\/?s={search_term_string}\"},\"query-input\":{\"@type\":\"PropertyValueSpecification\",\"valueRequired\":true,\"valueName\":\"search_term_string\"}}],\"inLanguage\":\"pl-PL\"},{\"@type\":\"Organization\",\"@id\":\"https:\\\/\\\/ekoenergetyka.com\\\/pl\\\/#organization\",\"name\":\"Ekoenergetyka - Polska S.A.\",\"url\":\"https:\\\/\\\/ekoenergetyka.com\\\/pl\\\/\",\"logo\":{\"@type\":\"ImageObject\",\"inLanguage\":\"pl-PL\",\"@id\":\"https:\\\/\\\/ekoenergetyka.com\\\/pl\\\/#\\\/schema\\\/logo\\\/image\\\/\",\"url\":\"https:\\\/\\\/ekoenergetyka.com\\\/wp-content\\\/uploads\\\/2024\\\/11\\\/cropped-sygnet-bez-tla-black-1-2.png\",\"contentUrl\":\"https:\\\/\\\/ekoenergetyka.com\\\/wp-content\\\/uploads\\\/2024\\\/11\\\/cropped-sygnet-bez-tla-black-1-2.png\",\"width\":512,\"height\":512,\"caption\":\"Ekoenergetyka - Polska S.A.\"},\"image\":{\"@id\":\"https:\\\/\\\/ekoenergetyka.com\\\/pl\\\/#\\\/schema\\\/logo\\\/image\\\/\"},\"sameAs\":[\"https:\\\/\\\/www.facebook.com\\\/ekoenergetykaPolska\\\/\",\"https:\\\/\\\/www.linkedin.com\\\/company\\\/ekoenergetyka\",\"https:\\\/\\\/www.youtube.com\\\/channel\\\/UCfZM_rPDdrv6D0JB-uhWi8Q\\\/videos\"],\"description\":\"Established in 2009 Poland with a sole purpose of providing charging solutions, we are one of the pioneers in the e-mobility industry. In a decade, Ekoenergetyka has grown from 2 to more than 400 employees (currently around 1,000) and has acquired customers throughout Europe and are now a Central and Eastern European leader in charging technologies.\",\"email\":\"contact@ekoenergetyka.com.pl\",\"telephone\":\"+ 48 68 328 20 68\",\"numberOfEmployees\":{\"@type\":\"QuantitativeValue\",\"minValue\":\"501\",\"maxValue\":\"1000\"}}]}<\/script>\n<!-- \/ Yoast SEO Premium plugin. -->","yoast_head_json":{"title":"Ulga podatkowa na stacje \u0142adowania pojazd\u00f3w elektrycznych: kto si\u0119 kwalifikuje? | Ekoenergetyka","robots":{"index":"index","follow":"follow","max-snippet":"max-snippet:-1","max-image-preview":"max-image-preview:large","max-video-preview":"max-video-preview:-1"},"canonical":"https:\/\/ekoenergetyka.com\/pl\/blog\/ulga-podatkowa-na-stacje-ladowania-pojazdow-elektrycznych-kto-sie-kwalifikuje\/","og_locale":"pl_PL","og_type":"article","og_title":"Ulga podatkowa na stacje \u0142adowania pojazd\u00f3w elektrycznych: kto si\u0119 kwalifikuje? | Ekoenergetyka","og_description":"Dla firm i organizacji inwestuj\u0105cych w infrastruktur\u0119 \u0142adowania pojazd\u00f3w elektrycznych w Wielkiej Brytanii dost\u0119pne s\u0105 znaczne ulgi podatkowe za po\u015brednictwem Urz\u0119du ds. Pojazd\u00f3w Bezemisyjnych (OZEV). Kluczow\u0105 zach\u0119t\u0105 jest 100% ulga w pierwszym roku, kt\u00f3ra pozwala organizacjom odliczy\u0107 ca\u0142y koszt sprz\u0119tu do \u0142adowania pojazd\u00f3w elektrycznych od podlegaj\u0105cych opodatkowaniu zysk\u00f3w w pierwszym roku inwestycji. Ulga podatkowa na [&hellip;]","og_url":"https:\/\/ekoenergetyka.com\/pl\/blog\/ulga-podatkowa-na-stacje-ladowania-pojazdow-elektrycznych-kto-sie-kwalifikuje\/","og_site_name":"Ekoenergetyka","article_publisher":"https:\/\/www.facebook.com\/ekoenergetykaPolska\/","article_modified_time":"2025-03-24T12:16:44+00:00","og_image":[{"width":1600,"height":1067,"url":"https:\/\/ekoenergetyka.com\/wp-content\/uploads\/2025\/02\/image.jpeg","type":"image\/jpeg"}],"twitter_card":"summary_large_image","twitter_misc":{"Szacowany czas czytania":"5 minut"},"schema":{"@context":"https:\/\/schema.org","@graph":[{"@type":"WebPage","@id":"https:\/\/ekoenergetyka.com\/pl\/blog\/ulga-podatkowa-na-stacje-ladowania-pojazdow-elektrycznych-kto-sie-kwalifikuje\/","url":"https:\/\/ekoenergetyka.com\/pl\/blog\/ulga-podatkowa-na-stacje-ladowania-pojazdow-elektrycznych-kto-sie-kwalifikuje\/","name":"Ulga podatkowa na stacje \u0142adowania pojazd\u00f3w elektrycznych: kto si\u0119 kwalifikuje? | Ekoenergetyka","isPartOf":{"@id":"https:\/\/ekoenergetyka.com\/pl\/#website"},"primaryImageOfPage":{"@id":"https:\/\/ekoenergetyka.com\/pl\/blog\/ulga-podatkowa-na-stacje-ladowania-pojazdow-elektrycznych-kto-sie-kwalifikuje\/#primaryimage"},"image":{"@id":"https:\/\/ekoenergetyka.com\/pl\/blog\/ulga-podatkowa-na-stacje-ladowania-pojazdow-elektrycznych-kto-sie-kwalifikuje\/#primaryimage"},"thumbnailUrl":"https:\/\/ekoenergetyka.com\/wp-content\/uploads\/2025\/02\/image.jpeg","datePublished":"2025-03-24T12:13:55+00:00","dateModified":"2025-03-24T12:16:44+00:00","breadcrumb":{"@id":"https:\/\/ekoenergetyka.com\/pl\/blog\/ulga-podatkowa-na-stacje-ladowania-pojazdow-elektrycznych-kto-sie-kwalifikuje\/#breadcrumb"},"inLanguage":"pl-PL","potentialAction":[{"@type":"ReadAction","target":["https:\/\/ekoenergetyka.com\/pl\/blog\/ulga-podatkowa-na-stacje-ladowania-pojazdow-elektrycznych-kto-sie-kwalifikuje\/"]}]},{"@type":"ImageObject","inLanguage":"pl-PL","@id":"https:\/\/ekoenergetyka.com\/pl\/blog\/ulga-podatkowa-na-stacje-ladowania-pojazdow-elektrycznych-kto-sie-kwalifikuje\/#primaryimage","url":"https:\/\/ekoenergetyka.com\/wp-content\/uploads\/2025\/02\/image.jpeg","contentUrl":"https:\/\/ekoenergetyka.com\/wp-content\/uploads\/2025\/02\/image.jpeg","width":1600,"height":1067,"caption":"Ekoenergetyka satellite DC split solution user unit SAT 400 for ev"},{"@type":"BreadcrumbList","@id":"https:\/\/ekoenergetyka.com\/pl\/blog\/ulga-podatkowa-na-stacje-ladowania-pojazdow-elektrycznych-kto-sie-kwalifikuje\/#breadcrumb","itemListElement":[{"@type":"ListItem","position":1,"name":"Strona G\u0142\u00f3wna","item":"https:\/\/ekoenergetyka.com\/pl\/"},{"@type":"ListItem","position":2,"name":"Blog","item":"https:\/\/ekoenergetyka.com\/pl\/blog\/"},{"@type":"ListItem","position":3,"name":"Ulga podatkowa na stacje \u0142adowania pojazd\u00f3w elektrycznych: kto si\u0119 kwalifikuje?"}]},{"@type":"WebSite","@id":"https:\/\/ekoenergetyka.com\/pl\/#website","url":"https:\/\/ekoenergetyka.com\/pl\/","name":"Ekoenergetyka","description":"","publisher":{"@id":"https:\/\/ekoenergetyka.com\/pl\/#organization"},"potentialAction":[{"@type":"SearchAction","target":{"@type":"EntryPoint","urlTemplate":"https:\/\/ekoenergetyka.com\/pl\/?s={search_term_string}"},"query-input":{"@type":"PropertyValueSpecification","valueRequired":true,"valueName":"search_term_string"}}],"inLanguage":"pl-PL"},{"@type":"Organization","@id":"https:\/\/ekoenergetyka.com\/pl\/#organization","name":"Ekoenergetyka - Polska S.A.","url":"https:\/\/ekoenergetyka.com\/pl\/","logo":{"@type":"ImageObject","inLanguage":"pl-PL","@id":"https:\/\/ekoenergetyka.com\/pl\/#\/schema\/logo\/image\/","url":"https:\/\/ekoenergetyka.com\/wp-content\/uploads\/2024\/11\/cropped-sygnet-bez-tla-black-1-2.png","contentUrl":"https:\/\/ekoenergetyka.com\/wp-content\/uploads\/2024\/11\/cropped-sygnet-bez-tla-black-1-2.png","width":512,"height":512,"caption":"Ekoenergetyka - Polska S.A."},"image":{"@id":"https:\/\/ekoenergetyka.com\/pl\/#\/schema\/logo\/image\/"},"sameAs":["https:\/\/www.facebook.com\/ekoenergetykaPolska\/","https:\/\/www.linkedin.com\/company\/ekoenergetyka","https:\/\/www.youtube.com\/channel\/UCfZM_rPDdrv6D0JB-uhWi8Q\/videos"],"description":"Established in 2009 Poland with a sole purpose of providing charging solutions, we are one of the pioneers in the e-mobility industry. In a decade, Ekoenergetyka has grown from 2 to more than 400 employees (currently around 1,000) and has acquired customers throughout Europe and are now a Central and Eastern European leader in charging technologies.","email":"contact@ekoenergetyka.com.pl","telephone":"+ 48 68 328 20 68","numberOfEmployees":{"@type":"QuantitativeValue","minValue":"501","maxValue":"1000"}}]}},"_links":{"self":[{"href":"https:\/\/ekoenergetyka.com\/pl\/wp-json\/wp\/v2\/blog\/42266","targetHints":{"allow":["GET"]}}],"collection":[{"href":"https:\/\/ekoenergetyka.com\/pl\/wp-json\/wp\/v2\/blog"}],"about":[{"href":"https:\/\/ekoenergetyka.com\/pl\/wp-json\/wp\/v2\/types\/blog"}],"wp:featuredmedia":[{"embeddable":true,"href":"https:\/\/ekoenergetyka.com\/pl\/wp-json\/wp\/v2\/media\/41831"}],"wp:attachment":[{"href":"https:\/\/ekoenergetyka.com\/pl\/wp-json\/wp\/v2\/media?parent=42266"}],"curies":[{"name":"wp","href":"https:\/\/api.w.org\/{rel}","templated":true}]}}