{"id":28087,"date":"2023-07-19T13:44:03","date_gmt":"2023-07-19T11:44:03","guid":{"rendered":"https:\/\/ekoenergetyka.com\/?p=28087"},"modified":"2024-05-30T12:33:12","modified_gmt":"2024-05-30T10:33:12","slug":"ekoenergetyka-chez-daimler-chargedready","status":"publish","type":"post","link":"https:\/\/ekoenergetyka.com\/fr\/ekoenergetyka-chez-daimler-chargedready\/","title":{"rendered":"Ekoenergetyka chez Daimler Charged&amp;Ready"},"content":{"rendered":"\n<p><strong>L\u2019\u00e9v\u00e8nement Daimler Charged&amp;Ready, qui s'est d\u00e9roul\u00e9 pendant deux semaines au Driveland Automotive Event and Training Center pr\u00e8s de Varsovie, est le lieu o\u00f9 l'industrie se r\u00e9unit pour partager ses connaissances et son exp\u00e9rience. L'un des principaux participants \u00e0 cet \u00e9v\u00e9nement prestigieux \u00e9tait l'\u00e9quipe d'Ekoenergetyka, qui s'est form\u00e9e et a partag\u00e9 ses connaissances sur les derniers d\u00e9veloppements en mati\u00e8re d'infrastructure de recharge des camions \u00e9lectriques.<\/strong><\/p>\n\n\n\n<p>Sommes-nous pr\u00eats pour la prochaine \u00e9tape de l'avenir de l'automobile ? Ekonergetyka est pr\u00eate \u00e0 r\u00e9pondre \u00e0 cette question en d\u00e9montrant son engagement et son approche innovante \u00e0 Daimler Charged&amp;Ready. Cet \u00e9v\u00e9nement unique est l'occasion id\u00e9ale de pr\u00e9senter les derni\u00e8res solutions du march\u00e9, y compris une gamme de v\u00e9hicules \u00e9lectriques tels que eActros, eEconic et eCanter, ainsi que des stations de recharge de pointe telles que Plug Charger Go 30, SAT600 et Axon Easy. Ekoenergetyka a \u00e9t\u00e9 s\u00e9lectionn\u00e9 par Daimler Truck Poland comme unique fabricant de syst\u00e8mes de charge pour soutenir les tests de charge des camions \u00e0 \u00e9mission z\u00e9ro au centre de Driveland.<\/p>\n\n\n\n<p>Pour en savoir plus, consultez le site du service de presse d'Ekoenergetyka -><strong> ici<\/strong> (https:\/\/ekoenergetyka.prowly.com\/252976-ekoenergetyka-at-daimler-chargedready)<\/p>\n\n\n\n<section class=\"title-with-border \">\n        <h2>Galerie<\/h2>\n    <\/section>\n\n\n<figure class=\"wp-block-gallery has-nested-images columns-default is-cropped wp-block-gallery-1 is-layout-flex wp-block-gallery-is-layout-flex\">\n<figure class=\"wp-block-image size-large\"><a href=\"https:\/\/ekoenergetyka.com\/wp-content\/uploads\/2023\/07\/ekoenergetyka-daimlerdsc06548-1024x683.jpg\"><img loading=\"lazy\" decoding=\"async\" width=\"1024\" height=\"683\" data-id=\"27713\" src=\"https:\/\/ekoenergetyka.com\/wp-content\/uploads\/2023\/07\/ekoenergetyka-daimlerdsc06548-1024x683.jpg\" alt=\"\" class=\"wp-image-27713\" srcset=\"https:\/\/ekoenergetyka.com\/wp-content\/uploads\/2023\/07\/ekoenergetyka-daimlerdsc06548-1024x683.jpg 1024w, https:\/\/ekoenergetyka.com\/wp-content\/uploads\/2023\/07\/ekoenergetyka-daimlerdsc06548-300x200.jpg 300w, https:\/\/ekoenergetyka.com\/wp-content\/uploads\/2023\/07\/ekoenergetyka-daimlerdsc06548-768x512.jpg 768w, https:\/\/ekoenergetyka.com\/wp-content\/uploads\/2023\/07\/ekoenergetyka-daimlerdsc06548-1536x1024.jpg 1536w, https:\/\/ekoenergetyka.com\/wp-content\/uploads\/2023\/07\/ekoenergetyka-daimlerdsc06548.jpg 1920w\" sizes=\"auto, (max-width: 1024px) 100vw, 1024px\" \/><\/a><\/figure>\n\n\n\n<figure class=\"wp-block-image size-large\"><a href=\"https:\/\/ekoenergetyka.com\/wp-content\/uploads\/2023\/07\/ekoenergetyka-daimlerdsc06561-1024x683.jpg\"><img loading=\"lazy\" decoding=\"async\" width=\"1024\" height=\"683\" data-id=\"27718\" src=\"https:\/\/ekoenergetyka.com\/wp-content\/uploads\/2023\/07\/ekoenergetyka-daimlerdsc06561-1024x683.jpg\" alt=\"\" class=\"wp-image-27718\" srcset=\"https:\/\/ekoenergetyka.com\/wp-content\/uploads\/2023\/07\/ekoenergetyka-daimlerdsc06561-1024x683.jpg 1024w, https:\/\/ekoenergetyka.com\/wp-content\/uploads\/2023\/07\/ekoenergetyka-daimlerdsc06561-300x200.jpg 300w, https:\/\/ekoenergetyka.com\/wp-content\/uploads\/2023\/07\/ekoenergetyka-daimlerdsc06561-768x512.jpg 768w, https:\/\/ekoenergetyka.com\/wp-content\/uploads\/2023\/07\/ekoenergetyka-daimlerdsc06561-1536x1024.jpg 1536w, https:\/\/ekoenergetyka.com\/wp-content\/uploads\/2023\/07\/ekoenergetyka-daimlerdsc06561.jpg 1920w\" sizes=\"auto, (max-width: 1024px) 100vw, 1024px\" \/><\/a><\/figure>\n\n\n\n<figure class=\"wp-block-image size-large\"><a href=\"https:\/\/ekoenergetyka.com\/wp-content\/uploads\/2023\/07\/ekoenergetyka-daimlerdsc06621-1024x683.jpg\"><img loading=\"lazy\" decoding=\"async\" width=\"1024\" height=\"683\" data-id=\"27723\" src=\"https:\/\/ekoenergetyka.com\/wp-content\/uploads\/2023\/07\/ekoenergetyka-daimlerdsc06621-1024x683.jpg\" alt=\"\" class=\"wp-image-27723\" srcset=\"https:\/\/ekoenergetyka.com\/wp-content\/uploads\/2023\/07\/ekoenergetyka-daimlerdsc06621-1024x683.jpg 1024w, https:\/\/ekoenergetyka.com\/wp-content\/uploads\/2023\/07\/ekoenergetyka-daimlerdsc06621-300x200.jpg 300w, https:\/\/ekoenergetyka.com\/wp-content\/uploads\/2023\/07\/ekoenergetyka-daimlerdsc06621-768x512.jpg 768w, https:\/\/ekoenergetyka.com\/wp-content\/uploads\/2023\/07\/ekoenergetyka-daimlerdsc06621-1536x1024.jpg 1536w, https:\/\/ekoenergetyka.com\/wp-content\/uploads\/2023\/07\/ekoenergetyka-daimlerdsc06621.jpg 1920w\" sizes=\"auto, (max-width: 1024px) 100vw, 1024px\" \/><\/a><\/figure>\n\n\n\n<figure class=\"wp-block-image size-large\"><a href=\"https:\/\/ekoenergetyka.com\/wp-content\/uploads\/2023\/07\/ekoenergetyka-daimlerdsc06623-683x1024.jpg\"><img loading=\"lazy\" decoding=\"async\" width=\"683\" height=\"1024\" data-id=\"27728\" src=\"https:\/\/ekoenergetyka.com\/wp-content\/uploads\/2023\/07\/ekoenergetyka-daimlerdsc06623-683x1024.jpg\" alt=\"\" class=\"wp-image-27728\" srcset=\"https:\/\/ekoenergetyka.com\/wp-content\/uploads\/2023\/07\/ekoenergetyka-daimlerdsc06623-683x1024.jpg 683w, https:\/\/ekoenergetyka.com\/wp-content\/uploads\/2023\/07\/ekoenergetyka-daimlerdsc06623-200x300.jpg 200w, https:\/\/ekoenergetyka.com\/wp-content\/uploads\/2023\/07\/ekoenergetyka-daimlerdsc06623-768x1152.jpg 768w, https:\/\/ekoenergetyka.com\/wp-content\/uploads\/2023\/07\/ekoenergetyka-daimlerdsc06623-1024x1536.jpg 1024w, https:\/\/ekoenergetyka.com\/wp-content\/uploads\/2023\/07\/ekoenergetyka-daimlerdsc06623-1366x2048.jpg 1366w, https:\/\/ekoenergetyka.com\/wp-content\/uploads\/2023\/07\/ekoenergetyka-daimlerdsc06623.jpg 1920w\" sizes=\"auto, (max-width: 683px) 100vw, 683px\" \/><\/a><\/figure>\n\n\n\n<figure class=\"wp-block-image size-large\"><a href=\"https:\/\/ekoenergetyka.com\/wp-content\/uploads\/2023\/07\/ekoenergetyka-daimlerdsc06625-1-1024x683.jpg\"><img loading=\"lazy\" decoding=\"async\" width=\"1024\" height=\"683\" data-id=\"27733\" src=\"https:\/\/ekoenergetyka.com\/wp-content\/uploads\/2023\/07\/ekoenergetyka-daimlerdsc06625-1-1024x683.jpg\" alt=\"\" class=\"wp-image-27733\" srcset=\"https:\/\/ekoenergetyka.com\/wp-content\/uploads\/2023\/07\/ekoenergetyka-daimlerdsc06625-1-1024x683.jpg 1024w, https:\/\/ekoenergetyka.com\/wp-content\/uploads\/2023\/07\/ekoenergetyka-daimlerdsc06625-1-300x200.jpg 300w, https:\/\/ekoenergetyka.com\/wp-content\/uploads\/2023\/07\/ekoenergetyka-daimlerdsc06625-1-768x512.jpg 768w, https:\/\/ekoenergetyka.com\/wp-content\/uploads\/2023\/07\/ekoenergetyka-daimlerdsc06625-1-1536x1024.jpg 1536w, https:\/\/ekoenergetyka.com\/wp-content\/uploads\/2023\/07\/ekoenergetyka-daimlerdsc06625-1.jpg 1920w\" sizes=\"auto, (max-width: 1024px) 100vw, 1024px\" \/><\/a><\/figure>\n<\/figure>\n\n\n\n<figure class=\"wp-block-gallery has-nested-images columns-default is-cropped wp-block-gallery-2 is-layout-flex wp-block-gallery-is-layout-flex\">\n<figure class=\"wp-block-image size-large\"><a href=\"https:\/\/ekoenergetyka.com\/wp-content\/uploads\/2023\/07\/ekoenergetyka-daimlerdsc06719-1024x683.jpg\"><img loading=\"lazy\" decoding=\"async\" width=\"1024\" height=\"683\" data-id=\"27743\" src=\"https:\/\/ekoenergetyka.com\/wp-content\/uploads\/2023\/07\/ekoenergetyka-daimlerdsc06719-1024x683.jpg\" alt=\"\" class=\"wp-image-27743\" srcset=\"https:\/\/ekoenergetyka.com\/wp-content\/uploads\/2023\/07\/ekoenergetyka-daimlerdsc06719-1024x683.jpg 1024w, https:\/\/ekoenergetyka.com\/wp-content\/uploads\/2023\/07\/ekoenergetyka-daimlerdsc06719-300x200.jpg 300w, https:\/\/ekoenergetyka.com\/wp-content\/uploads\/2023\/07\/ekoenergetyka-daimlerdsc06719-768x512.jpg 768w, https:\/\/ekoenergetyka.com\/wp-content\/uploads\/2023\/07\/ekoenergetyka-daimlerdsc06719-1536x1024.jpg 1536w, https:\/\/ekoenergetyka.com\/wp-content\/uploads\/2023\/07\/ekoenergetyka-daimlerdsc06719.jpg 1920w\" sizes=\"auto, (max-width: 1024px) 100vw, 1024px\" \/><\/a><\/figure>\n\n\n\n<figure class=\"wp-block-image size-large\"><a href=\"https:\/\/ekoenergetyka.com\/wp-content\/uploads\/2023\/07\/ekoenergetyka-daimlerdsc06736-683x1024.jpg\"><img loading=\"lazy\" decoding=\"async\" width=\"683\" height=\"1024\" data-id=\"27748\" src=\"https:\/\/ekoenergetyka.com\/wp-content\/uploads\/2023\/07\/ekoenergetyka-daimlerdsc06736-683x1024.jpg\" alt=\"\" class=\"wp-image-27748\" srcset=\"https:\/\/ekoenergetyka.com\/wp-content\/uploads\/2023\/07\/ekoenergetyka-daimlerdsc06736-683x1024.jpg 683w, https:\/\/ekoenergetyka.com\/wp-content\/uploads\/2023\/07\/ekoenergetyka-daimlerdsc06736-200x300.jpg 200w, https:\/\/ekoenergetyka.com\/wp-content\/uploads\/2023\/07\/ekoenergetyka-daimlerdsc06736-768x1152.jpg 768w, https:\/\/ekoenergetyka.com\/wp-content\/uploads\/2023\/07\/ekoenergetyka-daimlerdsc06736-1024x1536.jpg 1024w, https:\/\/ekoenergetyka.com\/wp-content\/uploads\/2023\/07\/ekoenergetyka-daimlerdsc06736-1365x2048.jpg 1365w, https:\/\/ekoenergetyka.com\/wp-content\/uploads\/2023\/07\/ekoenergetyka-daimlerdsc06736.jpg 1920w\" sizes=\"auto, (max-width: 683px) 100vw, 683px\" \/><\/a><\/figure>\n\n\n\n<figure class=\"wp-block-image size-large\"><a href=\"https:\/\/ekoenergetyka.com\/wp-content\/uploads\/2023\/07\/ekoenergetyka-daimlerdsc06629-1024x683.jpg\"><img loading=\"lazy\" decoding=\"async\" width=\"1024\" height=\"683\" data-id=\"27753\" src=\"https:\/\/ekoenergetyka.com\/wp-content\/uploads\/2023\/07\/ekoenergetyka-daimlerdsc06629-1024x683.jpg\" alt=\"\" class=\"wp-image-27753\" srcset=\"https:\/\/ekoenergetyka.com\/wp-content\/uploads\/2023\/07\/ekoenergetyka-daimlerdsc06629-1024x683.jpg 1024w, https:\/\/ekoenergetyka.com\/wp-content\/uploads\/2023\/07\/ekoenergetyka-daimlerdsc06629-300x200.jpg 300w, https:\/\/ekoenergetyka.com\/wp-content\/uploads\/2023\/07\/ekoenergetyka-daimlerdsc06629-768x512.jpg 768w, https:\/\/ekoenergetyka.com\/wp-content\/uploads\/2023\/07\/ekoenergetyka-daimlerdsc06629-1536x1024.jpg 1536w, https:\/\/ekoenergetyka.com\/wp-content\/uploads\/2023\/07\/ekoenergetyka-daimlerdsc06629.jpg 1920w\" sizes=\"auto, (max-width: 1024px) 100vw, 1024px\" \/><\/a><\/figure>\n\n\n\n<figure class=\"wp-block-image size-large\"><a href=\"https:\/\/ekoenergetyka.com\/wp-content\/uploads\/2023\/07\/ekoenergetyka-daimlerdsc06642-683x1024.jpg\"><img loading=\"lazy\" decoding=\"async\" width=\"683\" height=\"1024\" data-id=\"27758\" src=\"https:\/\/ekoenergetyka.com\/wp-content\/uploads\/2023\/07\/ekoenergetyka-daimlerdsc06642-683x1024.jpg\" alt=\"\" class=\"wp-image-27758\" srcset=\"https:\/\/ekoenergetyka.com\/wp-content\/uploads\/2023\/07\/ekoenergetyka-daimlerdsc06642-683x1024.jpg 683w, https:\/\/ekoenergetyka.com\/wp-content\/uploads\/2023\/07\/ekoenergetyka-daimlerdsc06642-200x300.jpg 200w, https:\/\/ekoenergetyka.com\/wp-content\/uploads\/2023\/07\/ekoenergetyka-daimlerdsc06642-768x1152.jpg 768w, https:\/\/ekoenergetyka.com\/wp-content\/uploads\/2023\/07\/ekoenergetyka-daimlerdsc06642-1024x1536.jpg 1024w, https:\/\/ekoenergetyka.com\/wp-content\/uploads\/2023\/07\/ekoenergetyka-daimlerdsc06642-1365x2048.jpg 1365w, https:\/\/ekoenergetyka.com\/wp-content\/uploads\/2023\/07\/ekoenergetyka-daimlerdsc06642.jpg 1920w\" sizes=\"auto, (max-width: 683px) 100vw, 683px\" \/><\/a><\/figure>\n\n\n\n<figure class=\"wp-block-image size-large\"><a href=\"https:\/\/ekoenergetyka.com\/wp-content\/uploads\/2023\/07\/ekoenergetyka-daimlerdsc06831-1024x683.jpg\"><img loading=\"lazy\" decoding=\"async\" width=\"1024\" height=\"683\" data-id=\"27738\" src=\"https:\/\/ekoenergetyka.com\/wp-content\/uploads\/2023\/07\/ekoenergetyka-daimlerdsc06831-1024x683.jpg\" alt=\"\" class=\"wp-image-27738\" srcset=\"https:\/\/ekoenergetyka.com\/wp-content\/uploads\/2023\/07\/ekoenergetyka-daimlerdsc06831-1024x683.jpg 1024w, https:\/\/ekoenergetyka.com\/wp-content\/uploads\/2023\/07\/ekoenergetyka-daimlerdsc06831-300x200.jpg 300w, https:\/\/ekoenergetyka.com\/wp-content\/uploads\/2023\/07\/ekoenergetyka-daimlerdsc06831-768x512.jpg 768w, https:\/\/ekoenergetyka.com\/wp-content\/uploads\/2023\/07\/ekoenergetyka-daimlerdsc06831-1536x1024.jpg 1536w, https:\/\/ekoenergetyka.com\/wp-content\/uploads\/2023\/07\/ekoenergetyka-daimlerdsc06831.jpg 1920w\" sizes=\"auto, (max-width: 1024px) 100vw, 1024px\" \/><\/a><\/figure>\n<\/figure>\n","protected":false},"excerpt":{"rendered":"<p>L\u2019\u00e9v\u00e8nement Daimler Charged&amp;Ready, qui s&rsquo;est d\u00e9roul\u00e9 pendant deux semaines au Driveland Automotive Event and Training Center pr\u00e8s de Varsovie, est le lieu o\u00f9 l&rsquo;industrie se r\u00e9unit pour partager ses connaissances et son exp\u00e9rience. L&rsquo;un des principaux participants \u00e0 cet \u00e9v\u00e9nement prestigieux \u00e9tait l&rsquo;\u00e9quipe d&rsquo;Ekoenergetyka, qui s&rsquo;est form\u00e9e et a partag\u00e9 ses connaissances sur les derniers [&hellip;]<\/p>\n","protected":false},"author":1,"featured_media":27710,"comment_status":"closed","ping_status":"closed","sticky":false,"template":"","format":"standard","meta":{"_acf_changed":false,"footnotes":""},"categories":[121],"tags":[],"class_list":["post-28087","post","type-post","status-publish","format-standard","has-post-thumbnail","hentry","category-non-classifiee"],"acf":[],"yoast_head":"<!-- This site is optimized with the Yoast SEO Premium plugin v27.3 (Yoast SEO v27.5) - https:\/\/yoast.com\/product\/yoast-seo-premium-wordpress\/ -->\n<title>Ekoenergetyka chez Daimler Charged&amp;Ready | Ekoenergetyka<\/title>\n<meta name=\"description\" content=\"Ekoenergetyka participe au projet Daimler ChargedReady. D\u00e9couvrez notre contribution au d\u00e9veloppement des infrastructures de recharge.\" \/>\n<meta name=\"robots\" content=\"index, follow, max-snippet:-1, max-image-preview:large, max-video-preview:-1\" \/>\n<link rel=\"canonical\" href=\"https:\/\/ekoenergetyka.com\/fr\/ekoenergetyka-chez-daimler-chargedready\/\" \/>\n<meta property=\"og:locale\" content=\"fr_FR\" \/>\n<meta property=\"og:type\" content=\"article\" \/>\n<meta property=\"og:title\" content=\"Ekoenergetyka chez Daimler Charged&amp;Ready\" \/>\n<meta property=\"og:description\" content=\"Ekoenergetyka participe au projet Daimler ChargedReady. D\u00e9couvrez notre contribution au d\u00e9veloppement des infrastructures de recharge.\" \/>\n<meta property=\"og:url\" content=\"https:\/\/ekoenergetyka.com\/fr\/ekoenergetyka-chez-daimler-chargedready\/\" \/>\n<meta property=\"og:site_name\" content=\"Ekoenergetyka\" \/>\n<meta property=\"article:publisher\" content=\"https:\/\/www.facebook.com\/ekoenergetykaPolska\/\" \/>\n<meta property=\"article:published_time\" content=\"2023-07-19T11:44:03+00:00\" \/>\n<meta property=\"article:modified_time\" content=\"2024-05-30T10:33:12+00:00\" \/>\n<meta property=\"og:image\" content=\"https:\/\/ekoenergetyka.com\/wp-content\/uploads\/2023\/07\/ekoenergetyka-daimlerdsc06625.jpg\" \/>\n\t<meta property=\"og:image:width\" content=\"1920\" \/>\n\t<meta property=\"og:image:height\" content=\"1280\" \/>\n\t<meta property=\"og:image:type\" content=\"image\/jpeg\" \/>\n<meta name=\"author\" content=\"Adrian Chudy\" \/>\n<meta name=\"twitter:card\" content=\"summary_large_image\" \/>\n<meta name=\"twitter:label1\" content=\"\u00c9crit par\" \/>\n\t<meta name=\"twitter:data1\" content=\"Adrian Chudy\" \/>\n\t<meta name=\"twitter:label2\" content=\"Dur\u00e9e de lecture estim\u00e9e\" \/>\n\t<meta name=\"twitter:data2\" content=\"3 minutes\" \/>\n<script type=\"application\/ld+json\" class=\"yoast-schema-graph\">{\"@context\":\"https:\\\/\\\/schema.org\",\"@graph\":[{\"@type\":\"Article\",\"@id\":\"https:\\\/\\\/ekoenergetyka.com\\\/fr\\\/ekoenergetyka-chez-daimler-chargedready\\\/#article\",\"isPartOf\":{\"@id\":\"https:\\\/\\\/ekoenergetyka.com\\\/fr\\\/ekoenergetyka-chez-daimler-chargedready\\\/\"},\"author\":{\"name\":\"Adrian Chudy\",\"@id\":\"https:\\\/\\\/ekoenergetyka.com\\\/fr\\\/#\\\/schema\\\/person\\\/d56187da375c74d477554ae02f607c55\"},\"headline\":\"Ekoenergetyka chez Daimler Charged&amp;Ready\",\"datePublished\":\"2023-07-19T11:44:03+00:00\",\"dateModified\":\"2024-05-30T10:33:12+00:00\",\"mainEntityOfPage\":{\"@id\":\"https:\\\/\\\/ekoenergetyka.com\\\/fr\\\/ekoenergetyka-chez-daimler-chargedready\\\/\"},\"wordCount\":223,\"publisher\":{\"@id\":\"https:\\\/\\\/ekoenergetyka.com\\\/fr\\\/#organization\"},\"image\":{\"@id\":\"https:\\\/\\\/ekoenergetyka.com\\\/fr\\\/ekoenergetyka-chez-daimler-chargedready\\\/#primaryimage\"},\"thumbnailUrl\":\"https:\\\/\\\/ekoenergetyka.com\\\/wp-content\\\/uploads\\\/2023\\\/07\\\/ekoenergetyka-daimlerdsc06625.jpg\",\"articleSection\":[\"Non classifi\u00e9(e)\"],\"inLanguage\":\"fr-FR\"},{\"@type\":\"WebPage\",\"@id\":\"https:\\\/\\\/ekoenergetyka.com\\\/fr\\\/ekoenergetyka-chez-daimler-chargedready\\\/\",\"url\":\"https:\\\/\\\/ekoenergetyka.com\\\/fr\\\/ekoenergetyka-chez-daimler-chargedready\\\/\",\"name\":\"Ekoenergetyka chez Daimler Charged&amp;Ready | Ekoenergetyka\",\"isPartOf\":{\"@id\":\"https:\\\/\\\/ekoenergetyka.com\\\/fr\\\/#website\"},\"primaryImageOfPage\":{\"@id\":\"https:\\\/\\\/ekoenergetyka.com\\\/fr\\\/ekoenergetyka-chez-daimler-chargedready\\\/#primaryimage\"},\"image\":{\"@id\":\"https:\\\/\\\/ekoenergetyka.com\\\/fr\\\/ekoenergetyka-chez-daimler-chargedready\\\/#primaryimage\"},\"thumbnailUrl\":\"https:\\\/\\\/ekoenergetyka.com\\\/wp-content\\\/uploads\\\/2023\\\/07\\\/ekoenergetyka-daimlerdsc06625.jpg\",\"datePublished\":\"2023-07-19T11:44:03+00:00\",\"dateModified\":\"2024-05-30T10:33:12+00:00\",\"description\":\"Ekoenergetyka participe au projet Daimler ChargedReady. D\u00e9couvrez notre contribution au d\u00e9veloppement des infrastructures de recharge.\",\"breadcrumb\":{\"@id\":\"https:\\\/\\\/ekoenergetyka.com\\\/fr\\\/ekoenergetyka-chez-daimler-chargedready\\\/#breadcrumb\"},\"inLanguage\":\"fr-FR\",\"potentialAction\":[{\"@type\":\"ReadAction\",\"target\":[\"https:\\\/\\\/ekoenergetyka.com\\\/fr\\\/ekoenergetyka-chez-daimler-chargedready\\\/\"]}]},{\"@type\":\"ImageObject\",\"inLanguage\":\"fr-FR\",\"@id\":\"https:\\\/\\\/ekoenergetyka.com\\\/fr\\\/ekoenergetyka-chez-daimler-chargedready\\\/#primaryimage\",\"url\":\"https:\\\/\\\/ekoenergetyka.com\\\/wp-content\\\/uploads\\\/2023\\\/07\\\/ekoenergetyka-daimlerdsc06625.jpg\",\"contentUrl\":\"https:\\\/\\\/ekoenergetyka.com\\\/wp-content\\\/uploads\\\/2023\\\/07\\\/ekoenergetyka-daimlerdsc06625.jpg\",\"width\":1920,\"height\":1280},{\"@type\":\"BreadcrumbList\",\"@id\":\"https:\\\/\\\/ekoenergetyka.com\\\/fr\\\/ekoenergetyka-chez-daimler-chargedready\\\/#breadcrumb\",\"itemListElement\":[{\"@type\":\"ListItem\",\"position\":1,\"name\":\"Heim\",\"item\":\"https:\\\/\\\/ekoenergetyka.com\\\/fr\\\/\"},{\"@type\":\"ListItem\",\"position\":2,\"name\":\"Ekoenergetyka chez Daimler Charged&amp;Ready\"}]},{\"@type\":\"WebSite\",\"@id\":\"https:\\\/\\\/ekoenergetyka.com\\\/fr\\\/#website\",\"url\":\"https:\\\/\\\/ekoenergetyka.com\\\/fr\\\/\",\"name\":\"Ekoenergetyka\",\"description\":\"\",\"publisher\":{\"@id\":\"https:\\\/\\\/ekoenergetyka.com\\\/fr\\\/#organization\"},\"potentialAction\":[{\"@type\":\"SearchAction\",\"target\":{\"@type\":\"EntryPoint\",\"urlTemplate\":\"https:\\\/\\\/ekoenergetyka.com\\\/fr\\\/?s={search_term_string}\"},\"query-input\":{\"@type\":\"PropertyValueSpecification\",\"valueRequired\":true,\"valueName\":\"search_term_string\"}}],\"inLanguage\":\"fr-FR\"},{\"@type\":\"Organization\",\"@id\":\"https:\\\/\\\/ekoenergetyka.com\\\/fr\\\/#organization\",\"name\":\"Ekoenergetyka\",\"url\":\"https:\\\/\\\/ekoenergetyka.com\\\/fr\\\/\",\"logo\":{\"@type\":\"ImageObject\",\"inLanguage\":\"fr-FR\",\"@id\":\"https:\\\/\\\/ekoenergetyka.com\\\/fr\\\/#\\\/schema\\\/logo\\\/image\\\/\",\"url\":\"https:\\\/\\\/ekoenergetyka.com\\\/wp-content\\\/uploads\\\/2024\\\/11\\\/cropped-sygnet-bez-tla-black-1-2.png\",\"contentUrl\":\"https:\\\/\\\/ekoenergetyka.com\\\/wp-content\\\/uploads\\\/2024\\\/11\\\/cropped-sygnet-bez-tla-black-1-2.png\",\"width\":512,\"height\":512,\"caption\":\"Ekoenergetyka\"},\"image\":{\"@id\":\"https:\\\/\\\/ekoenergetyka.com\\\/fr\\\/#\\\/schema\\\/logo\\\/image\\\/\"},\"sameAs\":[\"https:\\\/\\\/www.facebook.com\\\/ekoenergetykaPolska\\\/\",\"https:\\\/\\\/www.linkedin.com\\\/company\\\/ekoenergetyka\",\"https:\\\/\\\/www.youtube.com\\\/channel\\\/UCfZM_rPDdrv6D0JB-uhWi8Q\\\/videos\"],\"description\":\"Established in 2009 Poland with a sole purpose of providing charging solutions, we are one of the pioneers in the e-mobility industry. In a decade, Ekoenergetyka has grown from 2 to more than 400 employees (currently around 1,000) and has acquired customers throughout Europe and are now a Central and Eastern European leader in charging technologies.\",\"email\":\"contact@ekoenergetyka.com.pl\",\"telephone\":\"+ 48 68 328 20 68\",\"numberOfEmployees\":{\"@type\":\"QuantitativeValue\",\"minValue\":\"501\",\"maxValue\":\"1000\"}},{\"@type\":\"Person\",\"@id\":\"https:\\\/\\\/ekoenergetyka.com\\\/fr\\\/#\\\/schema\\\/person\\\/d56187da375c74d477554ae02f607c55\",\"name\":\"Adrian Chudy\",\"image\":{\"@type\":\"ImageObject\",\"inLanguage\":\"fr-FR\",\"@id\":\"https:\\\/\\\/secure.gravatar.com\\\/avatar\\\/5878518dceef52e59f0380b2a104b66a181ccc327114716ca69ff8e2296fea83?s=96&d=mm&r=g\",\"url\":\"https:\\\/\\\/secure.gravatar.com\\\/avatar\\\/5878518dceef52e59f0380b2a104b66a181ccc327114716ca69ff8e2296fea83?s=96&d=mm&r=g\",\"contentUrl\":\"https:\\\/\\\/secure.gravatar.com\\\/avatar\\\/5878518dceef52e59f0380b2a104b66a181ccc327114716ca69ff8e2296fea83?s=96&d=mm&r=g\",\"caption\":\"Adrian Chudy\"},\"sameAs\":[\"https:\\\/\\\/ekoenergetyka.com.pl\"],\"url\":\"https:\\\/\\\/ekoenergetyka.com\"}]}<\/script>\n<!-- \/ Yoast SEO Premium plugin. -->","yoast_head_json":{"title":"Ekoenergetyka chez Daimler Charged&amp;Ready | Ekoenergetyka","description":"Ekoenergetyka participe au projet Daimler ChargedReady. D\u00e9couvrez notre contribution au d\u00e9veloppement des infrastructures de recharge.","robots":{"index":"index","follow":"follow","max-snippet":"max-snippet:-1","max-image-preview":"max-image-preview:large","max-video-preview":"max-video-preview:-1"},"canonical":"https:\/\/ekoenergetyka.com\/fr\/ekoenergetyka-chez-daimler-chargedready\/","og_locale":"fr_FR","og_type":"article","og_title":"Ekoenergetyka chez Daimler Charged&amp;Ready","og_description":"Ekoenergetyka participe au projet Daimler ChargedReady. D\u00e9couvrez notre contribution au d\u00e9veloppement des infrastructures de recharge.","og_url":"https:\/\/ekoenergetyka.com\/fr\/ekoenergetyka-chez-daimler-chargedready\/","og_site_name":"Ekoenergetyka","article_publisher":"https:\/\/www.facebook.com\/ekoenergetykaPolska\/","article_published_time":"2023-07-19T11:44:03+00:00","article_modified_time":"2024-05-30T10:33:12+00:00","og_image":[{"width":1920,"height":1280,"url":"https:\/\/ekoenergetyka.com\/wp-content\/uploads\/2023\/07\/ekoenergetyka-daimlerdsc06625.jpg","type":"image\/jpeg"}],"author":"Adrian Chudy","twitter_card":"summary_large_image","twitter_misc":{"\u00c9crit par":"Adrian Chudy","Dur\u00e9e de lecture estim\u00e9e":"3 minutes"},"schema":{"@context":"https:\/\/schema.org","@graph":[{"@type":"Article","@id":"https:\/\/ekoenergetyka.com\/fr\/ekoenergetyka-chez-daimler-chargedready\/#article","isPartOf":{"@id":"https:\/\/ekoenergetyka.com\/fr\/ekoenergetyka-chez-daimler-chargedready\/"},"author":{"name":"Adrian Chudy","@id":"https:\/\/ekoenergetyka.com\/fr\/#\/schema\/person\/d56187da375c74d477554ae02f607c55"},"headline":"Ekoenergetyka chez Daimler Charged&amp;Ready","datePublished":"2023-07-19T11:44:03+00:00","dateModified":"2024-05-30T10:33:12+00:00","mainEntityOfPage":{"@id":"https:\/\/ekoenergetyka.com\/fr\/ekoenergetyka-chez-daimler-chargedready\/"},"wordCount":223,"publisher":{"@id":"https:\/\/ekoenergetyka.com\/fr\/#organization"},"image":{"@id":"https:\/\/ekoenergetyka.com\/fr\/ekoenergetyka-chez-daimler-chargedready\/#primaryimage"},"thumbnailUrl":"https:\/\/ekoenergetyka.com\/wp-content\/uploads\/2023\/07\/ekoenergetyka-daimlerdsc06625.jpg","articleSection":["Non classifi\u00e9(e)"],"inLanguage":"fr-FR"},{"@type":"WebPage","@id":"https:\/\/ekoenergetyka.com\/fr\/ekoenergetyka-chez-daimler-chargedready\/","url":"https:\/\/ekoenergetyka.com\/fr\/ekoenergetyka-chez-daimler-chargedready\/","name":"Ekoenergetyka chez Daimler Charged&amp;Ready | Ekoenergetyka","isPartOf":{"@id":"https:\/\/ekoenergetyka.com\/fr\/#website"},"primaryImageOfPage":{"@id":"https:\/\/ekoenergetyka.com\/fr\/ekoenergetyka-chez-daimler-chargedready\/#primaryimage"},"image":{"@id":"https:\/\/ekoenergetyka.com\/fr\/ekoenergetyka-chez-daimler-chargedready\/#primaryimage"},"thumbnailUrl":"https:\/\/ekoenergetyka.com\/wp-content\/uploads\/2023\/07\/ekoenergetyka-daimlerdsc06625.jpg","datePublished":"2023-07-19T11:44:03+00:00","dateModified":"2024-05-30T10:33:12+00:00","description":"Ekoenergetyka participe au projet Daimler ChargedReady. D\u00e9couvrez notre contribution au d\u00e9veloppement des infrastructures de recharge.","breadcrumb":{"@id":"https:\/\/ekoenergetyka.com\/fr\/ekoenergetyka-chez-daimler-chargedready\/#breadcrumb"},"inLanguage":"fr-FR","potentialAction":[{"@type":"ReadAction","target":["https:\/\/ekoenergetyka.com\/fr\/ekoenergetyka-chez-daimler-chargedready\/"]}]},{"@type":"ImageObject","inLanguage":"fr-FR","@id":"https:\/\/ekoenergetyka.com\/fr\/ekoenergetyka-chez-daimler-chargedready\/#primaryimage","url":"https:\/\/ekoenergetyka.com\/wp-content\/uploads\/2023\/07\/ekoenergetyka-daimlerdsc06625.jpg","contentUrl":"https:\/\/ekoenergetyka.com\/wp-content\/uploads\/2023\/07\/ekoenergetyka-daimlerdsc06625.jpg","width":1920,"height":1280},{"@type":"BreadcrumbList","@id":"https:\/\/ekoenergetyka.com\/fr\/ekoenergetyka-chez-daimler-chargedready\/#breadcrumb","itemListElement":[{"@type":"ListItem","position":1,"name":"Heim","item":"https:\/\/ekoenergetyka.com\/fr\/"},{"@type":"ListItem","position":2,"name":"Ekoenergetyka chez Daimler Charged&amp;Ready"}]},{"@type":"WebSite","@id":"https:\/\/ekoenergetyka.com\/fr\/#website","url":"https:\/\/ekoenergetyka.com\/fr\/","name":"Ekoenergetyka","description":"","publisher":{"@id":"https:\/\/ekoenergetyka.com\/fr\/#organization"},"potentialAction":[{"@type":"SearchAction","target":{"@type":"EntryPoint","urlTemplate":"https:\/\/ekoenergetyka.com\/fr\/?s={search_term_string}"},"query-input":{"@type":"PropertyValueSpecification","valueRequired":true,"valueName":"search_term_string"}}],"inLanguage":"fr-FR"},{"@type":"Organization","@id":"https:\/\/ekoenergetyka.com\/fr\/#organization","name":"Ekoenergetyka","url":"https:\/\/ekoenergetyka.com\/fr\/","logo":{"@type":"ImageObject","inLanguage":"fr-FR","@id":"https:\/\/ekoenergetyka.com\/fr\/#\/schema\/logo\/image\/","url":"https:\/\/ekoenergetyka.com\/wp-content\/uploads\/2024\/11\/cropped-sygnet-bez-tla-black-1-2.png","contentUrl":"https:\/\/ekoenergetyka.com\/wp-content\/uploads\/2024\/11\/cropped-sygnet-bez-tla-black-1-2.png","width":512,"height":512,"caption":"Ekoenergetyka"},"image":{"@id":"https:\/\/ekoenergetyka.com\/fr\/#\/schema\/logo\/image\/"},"sameAs":["https:\/\/www.facebook.com\/ekoenergetykaPolska\/","https:\/\/www.linkedin.com\/company\/ekoenergetyka","https:\/\/www.youtube.com\/channel\/UCfZM_rPDdrv6D0JB-uhWi8Q\/videos"],"description":"Established in 2009 Poland with a sole purpose of providing charging solutions, we are one of the pioneers in the e-mobility industry. In a decade, Ekoenergetyka has grown from 2 to more than 400 employees (currently around 1,000) and has acquired customers throughout Europe and are now a Central and Eastern European leader in charging technologies.","email":"contact@ekoenergetyka.com.pl","telephone":"+ 48 68 328 20 68","numberOfEmployees":{"@type":"QuantitativeValue","minValue":"501","maxValue":"1000"}},{"@type":"Person","@id":"https:\/\/ekoenergetyka.com\/fr\/#\/schema\/person\/d56187da375c74d477554ae02f607c55","name":"Adrian Chudy","image":{"@type":"ImageObject","inLanguage":"fr-FR","@id":"https:\/\/secure.gravatar.com\/avatar\/5878518dceef52e59f0380b2a104b66a181ccc327114716ca69ff8e2296fea83?s=96&d=mm&r=g","url":"https:\/\/secure.gravatar.com\/avatar\/5878518dceef52e59f0380b2a104b66a181ccc327114716ca69ff8e2296fea83?s=96&d=mm&r=g","contentUrl":"https:\/\/secure.gravatar.com\/avatar\/5878518dceef52e59f0380b2a104b66a181ccc327114716ca69ff8e2296fea83?s=96&d=mm&r=g","caption":"Adrian Chudy"},"sameAs":["https:\/\/ekoenergetyka.com.pl"],"url":"https:\/\/ekoenergetyka.com"}]}},"_links":{"self":[{"href":"https:\/\/ekoenergetyka.com\/fr\/wp-json\/wp\/v2\/posts\/28087","targetHints":{"allow":["GET"]}}],"collection":[{"href":"https:\/\/ekoenergetyka.com\/fr\/wp-json\/wp\/v2\/posts"}],"about":[{"href":"https:\/\/ekoenergetyka.com\/fr\/wp-json\/wp\/v2\/types\/post"}],"author":[{"embeddable":true,"href":"https:\/\/ekoenergetyka.com\/fr\/wp-json\/wp\/v2\/users\/1"}],"replies":[{"embeddable":true,"href":"https:\/\/ekoenergetyka.com\/fr\/wp-json\/wp\/v2\/comments?post=28087"}],"version-history":[{"count":3,"href":"https:\/\/ekoenergetyka.com\/fr\/wp-json\/wp\/v2\/posts\/28087\/revisions"}],"predecessor-version":[{"id":34364,"href":"https:\/\/ekoenergetyka.com\/fr\/wp-json\/wp\/v2\/posts\/28087\/revisions\/34364"}],"wp:featuredmedia":[{"embeddable":true,"href":"https:\/\/ekoenergetyka.com\/fr\/wp-json\/wp\/v2\/media\/27710"}],"wp:attachment":[{"href":"https:\/\/ekoenergetyka.com\/fr\/wp-json\/wp\/v2\/media?parent=28087"}],"wp:term":[{"taxonomy":"category","embeddable":true,"href":"https:\/\/ekoenergetyka.com\/fr\/wp-json\/wp\/v2\/categories?post=28087"},{"taxonomy":"post_tag","embeddable":true,"href":"https:\/\/ekoenergetyka.com\/fr\/wp-json\/wp\/v2\/tags?post=28087"}],"curies":[{"name":"wp","href":"https:\/\/api.w.org\/{rel}","templated":true}]}}