{"id":24713,"date":"2023-03-07T15:23:11","date_gmt":"2023-03-07T14:23:11","guid":{"rendered":"https:\/\/ekoenergetyka.com\/?p=24713"},"modified":"2024-05-30T11:17:14","modified_gmt":"2024-05-30T09:17:14","slug":"nouveaux-directeurs-chez-ekoenergetyka-developpement-de-lassistance-technique-et-commerciale","status":"publish","type":"post","link":"https:\/\/ekoenergetyka.com\/fr\/nouveaux-directeurs-chez-ekoenergetyka-developpement-de-lassistance-technique-et-commerciale\/","title":{"rendered":"Nouveaux directeurs chez Ekoenergetyka \u2013 d\u00e9veloppement de l\u2019assistance technique et commerciale"},"content":{"rendered":"\n<p>Nous \u00e9largissons le domaine de l\u2019assistance technique et commerciale \u00e0 nos clients avec la nomination du poste de directeur du Bureau des solutions techniques.<\/p>\n\n\n\n<p>Ekoenergetyka poursuit sa strat\u00e9gie visant \u00e0 fournir la plus haute qualit\u00e9 de service dans le secteur de l\u2019e-mobilit\u00e9. L\u2019objectif est de prendre en charge des clients et des partenaires commerciaux et de partager la richesse de l\u2019exp\u00e9rience de l\u2019expansion mondiale et de la mise en \u0153uvre de solutions technologiques modernes.<\/p>\n\n\n\n<p>Chez Ekoenergetyka, nous sommes bien conscients des sp\u00e9cificit\u00e9s du march\u00e9 qui \u00e9volue de fa\u00e7on dynamique et nous voyons la complexit\u00e9 des processus d\u2019investissement qui n\u00e9cessitent une approche globale \u00e0 la fois sur le plan technique, de la construction et de l\u2019\u00e9nergie, mais aussi dans la gestion de projet avec un cadre l\u00e9gislatif changeant au niveau international.&nbsp;&nbsp;<\/p>\n\n\n\n<p>\u00c0 partir du 1er&nbsp;f\u00e9vrier, Wojciech Twardowski occupera le poste de responsable des solutions techniques, tandis que les ventes mondiales seront assur\u00e9es par Piotr Fengler, nouveau responsable des ventes directes et de la distribution.&nbsp;<\/p>\n\n\n\n<p><strong>Wojciech Twardowski<\/strong>&nbsp;est dipl\u00f4m\u00e9 en ing\u00e9nierie \u00e9nerg\u00e9tique. Il a acquis son exp\u00e9rience en tant qu\u2019expert au sein du d\u00e9partement technique d\u2019IKEA en Pologne, o\u00f9 il \u00e9tait charg\u00e9 de soutenir directement les d\u00e9partements techniques de chaque usine et le d\u00e9partement des investissements. Chez NESTLE, il a g\u00e9r\u00e9 le processus de production et une importante \u00e9quipe en conformit\u00e9 avec la m\u00e9thodologie TPM.<\/p>\n\n\n\n<p>Il poss\u00e8de une vaste exp\u00e9rience dans la supervision d\u2019investissements dans le secteur de l\u2019\u00e9lectricit\u00e9 \u2013 depuis les rencontres initiales avec les investisseurs, l\u2019\u00e9laboration des estimations de co\u00fbts, la n\u00e9gociation des prix, la gestion des travaux \u00e9lectriques, jusqu\u2019\u00e0 la cr\u00e9ation de la documentation de l\u2019\u00e9tat de l\u2019ouvrage. Chez Ekoenergetyka-Pologne, il a occup\u00e9 le poste de directeur du bureau des solutions techniques, en se concentrant sur l\u2019assistance technique aux projets.&nbsp;&nbsp;<\/p>\n\n\n\n<p><strong>Piotr Fengler<\/strong>&nbsp;a rejoint Ekoenergetyka-Pologne en septembre 2022, apportant son exp\u00e9rience en mati\u00e8re de gestion de la relation client et de strat\u00e9gie commerciale, ainsi que sa connaissance approfondie du secteur des e-camions et de la logistique.<\/p>\n\n\n\n<p>Dans son nouveau r\u00f4le de responsable des ventes et de la distribution chez Ekoenergetyka-Pologne, Piotr est charg\u00e9 d\u2019\u00e9tablir des partenariats solides et durables dans l\u2019ensemble du secteur. Fort d\u2019une longue exp\u00e9rience dans la vente et l\u2019\u00e9lectromobilit\u00e9 et passionn\u00e9 par ce secteur, il s\u2019engage, avec Ekoenergetyka-Pologne, \u00e0 aider l\u2019Europe \u00e0 atteindre ses objectifs \u00ab&nbsp;Net Zero&nbsp;\u00bb.<\/p>\n\n\n\n<p>Auparavant, Peter a travaill\u00e9 chez EC Engineering, o\u00f9 il \u00e9tait responsable de l\u2019introduction sur le march\u00e9 europ\u00e9en de technologies de pointe en mati\u00e8re de recharge rapide bas\u00e9es sur des solutions pantographes. Il est \u00e9galement impliqu\u00e9 dans le secteur MICE depuis de nombreuses ann\u00e9es, en tant que directeur g\u00e9n\u00e9ral et copropri\u00e9taire d\u2019une soci\u00e9t\u00e9 d\u2019organisation d\u2019\u00e9v\u00e9nements dans le monde entier.<\/p>\n","protected":false},"excerpt":{"rendered":"<p>Nous \u00e9largissons le domaine de l\u2019assistance technique et commerciale \u00e0 nos clients avec la nomination du poste de directeur du Bureau des solutions techniques. Ekoenergetyka poursuit sa strat\u00e9gie visant \u00e0 fournir la plus haute qualit\u00e9 de service dans le secteur de l\u2019e-mobilit\u00e9. L\u2019objectif est de prendre en charge des clients et des partenaires commerciaux et [&hellip;]<\/p>\n","protected":false},"author":1,"featured_media":24026,"comment_status":"closed","ping_status":"closed","sticky":false,"template":"","format":"standard","meta":{"_acf_changed":false,"footnotes":""},"categories":[121],"tags":[],"class_list":["post-24713","post","type-post","status-publish","format-standard","has-post-thumbnail","hentry","category-non-classifiee"],"acf":[],"yoast_head":"<!-- This site is optimized with the Yoast SEO Premium plugin v27.3 (Yoast SEO v27.5) - https:\/\/yoast.com\/product\/yoast-seo-premium-wordpress\/ -->\n<title>Nouveaux directeurs chez Ekoenergetyka \u2013 d\u00e9veloppement de l\u2019assistance technique et commerciale | Ekoenergetyka<\/title>\n<meta name=\"description\" content=\"D\u00e9couvrez les nouveaux directeurs chez Ekoenergetyka et nos d\u00e9veloppements en assistance technique et commerciale. Une \u00e9quipe renforc\u00e9e pour mieux vous servir.\" \/>\n<meta name=\"robots\" content=\"index, follow, max-snippet:-1, max-image-preview:large, max-video-preview:-1\" \/>\n<link rel=\"canonical\" href=\"https:\/\/ekoenergetyka.com\/fr\/nouveaux-directeurs-chez-ekoenergetyka-developpement-de-lassistance-technique-et-commerciale\/\" \/>\n<meta property=\"og:locale\" content=\"fr_FR\" \/>\n<meta property=\"og:type\" content=\"article\" \/>\n<meta property=\"og:title\" content=\"Nouveaux directeurs chez Ekoenergetyka \u2013 d\u00e9veloppement de l\u2019assistance technique et commerciale\" \/>\n<meta property=\"og:description\" content=\"D\u00e9couvrez les nouveaux directeurs chez Ekoenergetyka et nos d\u00e9veloppements en assistance technique et commerciale. Une \u00e9quipe renforc\u00e9e pour mieux vous servir.\" \/>\n<meta property=\"og:url\" content=\"https:\/\/ekoenergetyka.com\/fr\/nouveaux-directeurs-chez-ekoenergetyka-developpement-de-lassistance-technique-et-commerciale\/\" \/>\n<meta property=\"og:site_name\" content=\"Ekoenergetyka\" \/>\n<meta property=\"article:publisher\" content=\"https:\/\/www.facebook.com\/ekoenergetykaPolska\/\" \/>\n<meta property=\"article:published_time\" content=\"2023-03-07T14:23:11+00:00\" \/>\n<meta property=\"article:modified_time\" content=\"2024-05-30T09:17:14+00:00\" \/>\n<meta property=\"og:image\" content=\"https:\/\/ekoenergetyka.com\/wp-content\/uploads\/2023\/02\/technicalsales-support-v3.jpg\" \/>\n\t<meta property=\"og:image:width\" content=\"1200\" \/>\n\t<meta property=\"og:image:height\" content=\"900\" \/>\n\t<meta property=\"og:image:type\" content=\"image\/jpeg\" \/>\n<meta name=\"author\" content=\"Adrian Chudy\" \/>\n<meta name=\"twitter:card\" content=\"summary_large_image\" \/>\n<meta name=\"twitter:label1\" content=\"\u00c9crit par\" \/>\n\t<meta name=\"twitter:data1\" content=\"Adrian Chudy\" \/>\n\t<meta name=\"twitter:label2\" content=\"Dur\u00e9e de lecture estim\u00e9e\" \/>\n\t<meta name=\"twitter:data2\" content=\"3 minutes\" \/>\n<script type=\"application\/ld+json\" class=\"yoast-schema-graph\">{\"@context\":\"https:\\\/\\\/schema.org\",\"@graph\":[{\"@type\":\"Article\",\"@id\":\"https:\\\/\\\/ekoenergetyka.com\\\/fr\\\/nouveaux-directeurs-chez-ekoenergetyka-developpement-de-lassistance-technique-et-commerciale\\\/#article\",\"isPartOf\":{\"@id\":\"https:\\\/\\\/ekoenergetyka.com\\\/fr\\\/nouveaux-directeurs-chez-ekoenergetyka-developpement-de-lassistance-technique-et-commerciale\\\/\"},\"author\":{\"name\":\"Adrian Chudy\",\"@id\":\"https:\\\/\\\/ekoenergetyka.com\\\/fr\\\/#\\\/schema\\\/person\\\/d56187da375c74d477554ae02f607c55\"},\"headline\":\"Nouveaux directeurs chez Ekoenergetyka \u2013 d\u00e9veloppement de l\u2019assistance technique et commerciale\",\"datePublished\":\"2023-03-07T14:23:11+00:00\",\"dateModified\":\"2024-05-30T09:17:14+00:00\",\"mainEntityOfPage\":{\"@id\":\"https:\\\/\\\/ekoenergetyka.com\\\/fr\\\/nouveaux-directeurs-chez-ekoenergetyka-developpement-de-lassistance-technique-et-commerciale\\\/\"},\"wordCount\":516,\"publisher\":{\"@id\":\"https:\\\/\\\/ekoenergetyka.com\\\/fr\\\/#organization\"},\"image\":{\"@id\":\"https:\\\/\\\/ekoenergetyka.com\\\/fr\\\/nouveaux-directeurs-chez-ekoenergetyka-developpement-de-lassistance-technique-et-commerciale\\\/#primaryimage\"},\"thumbnailUrl\":\"https:\\\/\\\/ekoenergetyka.com\\\/wp-content\\\/uploads\\\/2023\\\/02\\\/technicalsales-support-v3.jpg\",\"articleSection\":[\"Non classifi\u00e9(e)\"],\"inLanguage\":\"fr-FR\"},{\"@type\":\"WebPage\",\"@id\":\"https:\\\/\\\/ekoenergetyka.com\\\/fr\\\/nouveaux-directeurs-chez-ekoenergetyka-developpement-de-lassistance-technique-et-commerciale\\\/\",\"url\":\"https:\\\/\\\/ekoenergetyka.com\\\/fr\\\/nouveaux-directeurs-chez-ekoenergetyka-developpement-de-lassistance-technique-et-commerciale\\\/\",\"name\":\"Nouveaux directeurs chez Ekoenergetyka \u2013 d\u00e9veloppement de l\u2019assistance technique et commerciale | Ekoenergetyka\",\"isPartOf\":{\"@id\":\"https:\\\/\\\/ekoenergetyka.com\\\/fr\\\/#website\"},\"primaryImageOfPage\":{\"@id\":\"https:\\\/\\\/ekoenergetyka.com\\\/fr\\\/nouveaux-directeurs-chez-ekoenergetyka-developpement-de-lassistance-technique-et-commerciale\\\/#primaryimage\"},\"image\":{\"@id\":\"https:\\\/\\\/ekoenergetyka.com\\\/fr\\\/nouveaux-directeurs-chez-ekoenergetyka-developpement-de-lassistance-technique-et-commerciale\\\/#primaryimage\"},\"thumbnailUrl\":\"https:\\\/\\\/ekoenergetyka.com\\\/wp-content\\\/uploads\\\/2023\\\/02\\\/technicalsales-support-v3.jpg\",\"datePublished\":\"2023-03-07T14:23:11+00:00\",\"dateModified\":\"2024-05-30T09:17:14+00:00\",\"description\":\"D\u00e9couvrez les nouveaux directeurs chez Ekoenergetyka et nos d\u00e9veloppements en assistance technique et commerciale. Une \u00e9quipe renforc\u00e9e pour mieux vous servir.\",\"breadcrumb\":{\"@id\":\"https:\\\/\\\/ekoenergetyka.com\\\/fr\\\/nouveaux-directeurs-chez-ekoenergetyka-developpement-de-lassistance-technique-et-commerciale\\\/#breadcrumb\"},\"inLanguage\":\"fr-FR\",\"potentialAction\":[{\"@type\":\"ReadAction\",\"target\":[\"https:\\\/\\\/ekoenergetyka.com\\\/fr\\\/nouveaux-directeurs-chez-ekoenergetyka-developpement-de-lassistance-technique-et-commerciale\\\/\"]}]},{\"@type\":\"ImageObject\",\"inLanguage\":\"fr-FR\",\"@id\":\"https:\\\/\\\/ekoenergetyka.com\\\/fr\\\/nouveaux-directeurs-chez-ekoenergetyka-developpement-de-lassistance-technique-et-commerciale\\\/#primaryimage\",\"url\":\"https:\\\/\\\/ekoenergetyka.com\\\/wp-content\\\/uploads\\\/2023\\\/02\\\/technicalsales-support-v3.jpg\",\"contentUrl\":\"https:\\\/\\\/ekoenergetyka.com\\\/wp-content\\\/uploads\\\/2023\\\/02\\\/technicalsales-support-v3.jpg\",\"width\":1200,\"height\":900},{\"@type\":\"BreadcrumbList\",\"@id\":\"https:\\\/\\\/ekoenergetyka.com\\\/fr\\\/nouveaux-directeurs-chez-ekoenergetyka-developpement-de-lassistance-technique-et-commerciale\\\/#breadcrumb\",\"itemListElement\":[{\"@type\":\"ListItem\",\"position\":1,\"name\":\"Heim\",\"item\":\"https:\\\/\\\/ekoenergetyka.com\\\/fr\\\/\"},{\"@type\":\"ListItem\",\"position\":2,\"name\":\"Nouveaux directeurs chez Ekoenergetyka \u2013 d\u00e9veloppement de l\u2019assistance technique et commerciale\"}]},{\"@type\":\"WebSite\",\"@id\":\"https:\\\/\\\/ekoenergetyka.com\\\/fr\\\/#website\",\"url\":\"https:\\\/\\\/ekoenergetyka.com\\\/fr\\\/\",\"name\":\"Ekoenergetyka\",\"description\":\"\",\"publisher\":{\"@id\":\"https:\\\/\\\/ekoenergetyka.com\\\/fr\\\/#organization\"},\"potentialAction\":[{\"@type\":\"SearchAction\",\"target\":{\"@type\":\"EntryPoint\",\"urlTemplate\":\"https:\\\/\\\/ekoenergetyka.com\\\/fr\\\/?s={search_term_string}\"},\"query-input\":{\"@type\":\"PropertyValueSpecification\",\"valueRequired\":true,\"valueName\":\"search_term_string\"}}],\"inLanguage\":\"fr-FR\"},{\"@type\":\"Organization\",\"@id\":\"https:\\\/\\\/ekoenergetyka.com\\\/fr\\\/#organization\",\"name\":\"Ekoenergetyka\",\"url\":\"https:\\\/\\\/ekoenergetyka.com\\\/fr\\\/\",\"logo\":{\"@type\":\"ImageObject\",\"inLanguage\":\"fr-FR\",\"@id\":\"https:\\\/\\\/ekoenergetyka.com\\\/fr\\\/#\\\/schema\\\/logo\\\/image\\\/\",\"url\":\"https:\\\/\\\/ekoenergetyka.com\\\/wp-content\\\/uploads\\\/2024\\\/11\\\/cropped-sygnet-bez-tla-black-1-2.png\",\"contentUrl\":\"https:\\\/\\\/ekoenergetyka.com\\\/wp-content\\\/uploads\\\/2024\\\/11\\\/cropped-sygnet-bez-tla-black-1-2.png\",\"width\":512,\"height\":512,\"caption\":\"Ekoenergetyka\"},\"image\":{\"@id\":\"https:\\\/\\\/ekoenergetyka.com\\\/fr\\\/#\\\/schema\\\/logo\\\/image\\\/\"},\"sameAs\":[\"https:\\\/\\\/www.facebook.com\\\/ekoenergetykaPolska\\\/\",\"https:\\\/\\\/www.linkedin.com\\\/company\\\/ekoenergetyka\",\"https:\\\/\\\/www.youtube.com\\\/channel\\\/UCfZM_rPDdrv6D0JB-uhWi8Q\\\/videos\"],\"description\":\"Established in 2009 Poland with a sole purpose of providing charging solutions, we are one of the pioneers in the e-mobility industry. In a decade, Ekoenergetyka has grown from 2 to more than 400 employees (currently around 1,000) and has acquired customers throughout Europe and are now a Central and Eastern European leader in charging technologies.\",\"email\":\"contact@ekoenergetyka.com.pl\",\"telephone\":\"+ 48 68 328 20 68\",\"numberOfEmployees\":{\"@type\":\"QuantitativeValue\",\"minValue\":\"501\",\"maxValue\":\"1000\"}},{\"@type\":\"Person\",\"@id\":\"https:\\\/\\\/ekoenergetyka.com\\\/fr\\\/#\\\/schema\\\/person\\\/d56187da375c74d477554ae02f607c55\",\"name\":\"Adrian Chudy\",\"image\":{\"@type\":\"ImageObject\",\"inLanguage\":\"fr-FR\",\"@id\":\"https:\\\/\\\/secure.gravatar.com\\\/avatar\\\/5878518dceef52e59f0380b2a104b66a181ccc327114716ca69ff8e2296fea83?s=96&d=mm&r=g\",\"url\":\"https:\\\/\\\/secure.gravatar.com\\\/avatar\\\/5878518dceef52e59f0380b2a104b66a181ccc327114716ca69ff8e2296fea83?s=96&d=mm&r=g\",\"contentUrl\":\"https:\\\/\\\/secure.gravatar.com\\\/avatar\\\/5878518dceef52e59f0380b2a104b66a181ccc327114716ca69ff8e2296fea83?s=96&d=mm&r=g\",\"caption\":\"Adrian Chudy\"},\"sameAs\":[\"https:\\\/\\\/ekoenergetyka.com.pl\"],\"url\":\"https:\\\/\\\/ekoenergetyka.com\"}]}<\/script>\n<!-- \/ Yoast SEO Premium plugin. -->","yoast_head_json":{"title":"Nouveaux directeurs chez Ekoenergetyka \u2013 d\u00e9veloppement de l\u2019assistance technique et commerciale | Ekoenergetyka","description":"D\u00e9couvrez les nouveaux directeurs chez Ekoenergetyka et nos d\u00e9veloppements en assistance technique et commerciale. Une \u00e9quipe renforc\u00e9e pour mieux vous servir.","robots":{"index":"index","follow":"follow","max-snippet":"max-snippet:-1","max-image-preview":"max-image-preview:large","max-video-preview":"max-video-preview:-1"},"canonical":"https:\/\/ekoenergetyka.com\/fr\/nouveaux-directeurs-chez-ekoenergetyka-developpement-de-lassistance-technique-et-commerciale\/","og_locale":"fr_FR","og_type":"article","og_title":"Nouveaux directeurs chez Ekoenergetyka \u2013 d\u00e9veloppement de l\u2019assistance technique et commerciale","og_description":"D\u00e9couvrez les nouveaux directeurs chez Ekoenergetyka et nos d\u00e9veloppements en assistance technique et commerciale. Une \u00e9quipe renforc\u00e9e pour mieux vous servir.","og_url":"https:\/\/ekoenergetyka.com\/fr\/nouveaux-directeurs-chez-ekoenergetyka-developpement-de-lassistance-technique-et-commerciale\/","og_site_name":"Ekoenergetyka","article_publisher":"https:\/\/www.facebook.com\/ekoenergetykaPolska\/","article_published_time":"2023-03-07T14:23:11+00:00","article_modified_time":"2024-05-30T09:17:14+00:00","og_image":[{"width":1200,"height":900,"url":"https:\/\/ekoenergetyka.com\/wp-content\/uploads\/2023\/02\/technicalsales-support-v3.jpg","type":"image\/jpeg"}],"author":"Adrian Chudy","twitter_card":"summary_large_image","twitter_misc":{"\u00c9crit par":"Adrian Chudy","Dur\u00e9e de lecture estim\u00e9e":"3 minutes"},"schema":{"@context":"https:\/\/schema.org","@graph":[{"@type":"Article","@id":"https:\/\/ekoenergetyka.com\/fr\/nouveaux-directeurs-chez-ekoenergetyka-developpement-de-lassistance-technique-et-commerciale\/#article","isPartOf":{"@id":"https:\/\/ekoenergetyka.com\/fr\/nouveaux-directeurs-chez-ekoenergetyka-developpement-de-lassistance-technique-et-commerciale\/"},"author":{"name":"Adrian Chudy","@id":"https:\/\/ekoenergetyka.com\/fr\/#\/schema\/person\/d56187da375c74d477554ae02f607c55"},"headline":"Nouveaux directeurs chez Ekoenergetyka \u2013 d\u00e9veloppement de l\u2019assistance technique et commerciale","datePublished":"2023-03-07T14:23:11+00:00","dateModified":"2024-05-30T09:17:14+00:00","mainEntityOfPage":{"@id":"https:\/\/ekoenergetyka.com\/fr\/nouveaux-directeurs-chez-ekoenergetyka-developpement-de-lassistance-technique-et-commerciale\/"},"wordCount":516,"publisher":{"@id":"https:\/\/ekoenergetyka.com\/fr\/#organization"},"image":{"@id":"https:\/\/ekoenergetyka.com\/fr\/nouveaux-directeurs-chez-ekoenergetyka-developpement-de-lassistance-technique-et-commerciale\/#primaryimage"},"thumbnailUrl":"https:\/\/ekoenergetyka.com\/wp-content\/uploads\/2023\/02\/technicalsales-support-v3.jpg","articleSection":["Non classifi\u00e9(e)"],"inLanguage":"fr-FR"},{"@type":"WebPage","@id":"https:\/\/ekoenergetyka.com\/fr\/nouveaux-directeurs-chez-ekoenergetyka-developpement-de-lassistance-technique-et-commerciale\/","url":"https:\/\/ekoenergetyka.com\/fr\/nouveaux-directeurs-chez-ekoenergetyka-developpement-de-lassistance-technique-et-commerciale\/","name":"Nouveaux directeurs chez Ekoenergetyka \u2013 d\u00e9veloppement de l\u2019assistance technique et commerciale | Ekoenergetyka","isPartOf":{"@id":"https:\/\/ekoenergetyka.com\/fr\/#website"},"primaryImageOfPage":{"@id":"https:\/\/ekoenergetyka.com\/fr\/nouveaux-directeurs-chez-ekoenergetyka-developpement-de-lassistance-technique-et-commerciale\/#primaryimage"},"image":{"@id":"https:\/\/ekoenergetyka.com\/fr\/nouveaux-directeurs-chez-ekoenergetyka-developpement-de-lassistance-technique-et-commerciale\/#primaryimage"},"thumbnailUrl":"https:\/\/ekoenergetyka.com\/wp-content\/uploads\/2023\/02\/technicalsales-support-v3.jpg","datePublished":"2023-03-07T14:23:11+00:00","dateModified":"2024-05-30T09:17:14+00:00","description":"D\u00e9couvrez les nouveaux directeurs chez Ekoenergetyka et nos d\u00e9veloppements en assistance technique et commerciale. Une \u00e9quipe renforc\u00e9e pour mieux vous servir.","breadcrumb":{"@id":"https:\/\/ekoenergetyka.com\/fr\/nouveaux-directeurs-chez-ekoenergetyka-developpement-de-lassistance-technique-et-commerciale\/#breadcrumb"},"inLanguage":"fr-FR","potentialAction":[{"@type":"ReadAction","target":["https:\/\/ekoenergetyka.com\/fr\/nouveaux-directeurs-chez-ekoenergetyka-developpement-de-lassistance-technique-et-commerciale\/"]}]},{"@type":"ImageObject","inLanguage":"fr-FR","@id":"https:\/\/ekoenergetyka.com\/fr\/nouveaux-directeurs-chez-ekoenergetyka-developpement-de-lassistance-technique-et-commerciale\/#primaryimage","url":"https:\/\/ekoenergetyka.com\/wp-content\/uploads\/2023\/02\/technicalsales-support-v3.jpg","contentUrl":"https:\/\/ekoenergetyka.com\/wp-content\/uploads\/2023\/02\/technicalsales-support-v3.jpg","width":1200,"height":900},{"@type":"BreadcrumbList","@id":"https:\/\/ekoenergetyka.com\/fr\/nouveaux-directeurs-chez-ekoenergetyka-developpement-de-lassistance-technique-et-commerciale\/#breadcrumb","itemListElement":[{"@type":"ListItem","position":1,"name":"Heim","item":"https:\/\/ekoenergetyka.com\/fr\/"},{"@type":"ListItem","position":2,"name":"Nouveaux directeurs chez Ekoenergetyka \u2013 d\u00e9veloppement de l\u2019assistance technique et commerciale"}]},{"@type":"WebSite","@id":"https:\/\/ekoenergetyka.com\/fr\/#website","url":"https:\/\/ekoenergetyka.com\/fr\/","name":"Ekoenergetyka","description":"","publisher":{"@id":"https:\/\/ekoenergetyka.com\/fr\/#organization"},"potentialAction":[{"@type":"SearchAction","target":{"@type":"EntryPoint","urlTemplate":"https:\/\/ekoenergetyka.com\/fr\/?s={search_term_string}"},"query-input":{"@type":"PropertyValueSpecification","valueRequired":true,"valueName":"search_term_string"}}],"inLanguage":"fr-FR"},{"@type":"Organization","@id":"https:\/\/ekoenergetyka.com\/fr\/#organization","name":"Ekoenergetyka","url":"https:\/\/ekoenergetyka.com\/fr\/","logo":{"@type":"ImageObject","inLanguage":"fr-FR","@id":"https:\/\/ekoenergetyka.com\/fr\/#\/schema\/logo\/image\/","url":"https:\/\/ekoenergetyka.com\/wp-content\/uploads\/2024\/11\/cropped-sygnet-bez-tla-black-1-2.png","contentUrl":"https:\/\/ekoenergetyka.com\/wp-content\/uploads\/2024\/11\/cropped-sygnet-bez-tla-black-1-2.png","width":512,"height":512,"caption":"Ekoenergetyka"},"image":{"@id":"https:\/\/ekoenergetyka.com\/fr\/#\/schema\/logo\/image\/"},"sameAs":["https:\/\/www.facebook.com\/ekoenergetykaPolska\/","https:\/\/www.linkedin.com\/company\/ekoenergetyka","https:\/\/www.youtube.com\/channel\/UCfZM_rPDdrv6D0JB-uhWi8Q\/videos"],"description":"Established in 2009 Poland with a sole purpose of providing charging solutions, we are one of the pioneers in the e-mobility industry. In a decade, Ekoenergetyka has grown from 2 to more than 400 employees (currently around 1,000) and has acquired customers throughout Europe and are now a Central and Eastern European leader in charging technologies.","email":"contact@ekoenergetyka.com.pl","telephone":"+ 48 68 328 20 68","numberOfEmployees":{"@type":"QuantitativeValue","minValue":"501","maxValue":"1000"}},{"@type":"Person","@id":"https:\/\/ekoenergetyka.com\/fr\/#\/schema\/person\/d56187da375c74d477554ae02f607c55","name":"Adrian Chudy","image":{"@type":"ImageObject","inLanguage":"fr-FR","@id":"https:\/\/secure.gravatar.com\/avatar\/5878518dceef52e59f0380b2a104b66a181ccc327114716ca69ff8e2296fea83?s=96&d=mm&r=g","url":"https:\/\/secure.gravatar.com\/avatar\/5878518dceef52e59f0380b2a104b66a181ccc327114716ca69ff8e2296fea83?s=96&d=mm&r=g","contentUrl":"https:\/\/secure.gravatar.com\/avatar\/5878518dceef52e59f0380b2a104b66a181ccc327114716ca69ff8e2296fea83?s=96&d=mm&r=g","caption":"Adrian Chudy"},"sameAs":["https:\/\/ekoenergetyka.com.pl"],"url":"https:\/\/ekoenergetyka.com"}]}},"_links":{"self":[{"href":"https:\/\/ekoenergetyka.com\/fr\/wp-json\/wp\/v2\/posts\/24713","targetHints":{"allow":["GET"]}}],"collection":[{"href":"https:\/\/ekoenergetyka.com\/fr\/wp-json\/wp\/v2\/posts"}],"about":[{"href":"https:\/\/ekoenergetyka.com\/fr\/wp-json\/wp\/v2\/types\/post"}],"author":[{"embeddable":true,"href":"https:\/\/ekoenergetyka.com\/fr\/wp-json\/wp\/v2\/users\/1"}],"replies":[{"embeddable":true,"href":"https:\/\/ekoenergetyka.com\/fr\/wp-json\/wp\/v2\/comments?post=24713"}],"version-history":[{"count":1,"href":"https:\/\/ekoenergetyka.com\/fr\/wp-json\/wp\/v2\/posts\/24713\/revisions"}],"predecessor-version":[{"id":34330,"href":"https:\/\/ekoenergetyka.com\/fr\/wp-json\/wp\/v2\/posts\/24713\/revisions\/34330"}],"wp:featuredmedia":[{"embeddable":true,"href":"https:\/\/ekoenergetyka.com\/fr\/wp-json\/wp\/v2\/media\/24026"}],"wp:attachment":[{"href":"https:\/\/ekoenergetyka.com\/fr\/wp-json\/wp\/v2\/media?parent=24713"}],"wp:term":[{"taxonomy":"category","embeddable":true,"href":"https:\/\/ekoenergetyka.com\/fr\/wp-json\/wp\/v2\/categories?post=24713"},{"taxonomy":"post_tag","embeddable":true,"href":"https:\/\/ekoenergetyka.com\/fr\/wp-json\/wp\/v2\/tags?post=24713"}],"curies":[{"name":"wp","href":"https:\/\/api.w.org\/{rel}","templated":true}]}}