{"id":23379,"date":"2022-09-02T08:58:00","date_gmt":"2022-09-02T06:58:00","guid":{"rendered":"https:\/\/ekoenergetyka.com\/?p=23379"},"modified":"2024-05-30T11:23:43","modified_gmt":"2024-05-30T09:23:43","slug":"transformation-ecologique-de-la-ville-de-zielona-gora","status":"publish","type":"post","link":"https:\/\/ekoenergetyka.com\/fr\/transformation-ecologique-de-la-ville-de-zielona-gora\/","title":{"rendered":"Transformation \u00e9cologique de la ville de Zielona G\u00f3ra"},"content":{"rendered":"\n<p>Nous sommes fiers de participer \u00e0 la transformation \u00e9cologique de la ville de Zielona G\u00f3ra. Une autre \u00e9tape importante a \u00e9t\u00e9 franchie aujourd'hui.<\/p>\n\n\n\n<p>Bartosz Kubik, pr\u00e9sident du Conseil d'administration d'Ekoenergetyka-Polska S.A., et Petros Spinaris, vice-pr\u00e9sident du Conseil d'administration, responsable des ventes et du marketing, ont sign\u00e9 aujourd'hui un accord avec le maire Janusz Kubicki pour augmenter la puissance des boucles situ\u00e9es dans les rues Zawadzkiego \u00ab&nbsp;Zo\u015bki&nbsp;\u00bb et Wroc\u0142awska et pour construire une nouvelle station au d\u00e9p\u00f4t de la rue Chemiczna.<\/p>\n\n\n\n<p>Zielona G\u00f3ra est \u00e0 l'avant-garde des villes disposant d'un parc de bus \u00e0 \u00e9missions nulles et est la deuxi\u00e8me ville du pays en termes de pourcentage de bus \u00e9lectriques dans le parc (48,3 %).<\/p>\n\n\n\n<p>Les plans de d\u00e9veloppement sont ambitieux, d'o\u00f9 la n\u00e9cessit\u00e9 d'augmenter la capacit\u00e9 des stations de charge dans la ville.<\/p>\n\n\n\n<blockquote class=\"wp-block-quote is-layout-flow wp-block-quote-is-layout-flow\">\n<p>\u00ab&nbsp;C'est un honneur pour nous de pouvoir ex\u00e9cuter la commande pour Zielona G\u00f3ra, car c'est l\u00e0 que notre aventure a commenc\u00e9.&nbsp;\u00bb<\/p>\n<cite>\u2013 a d\u00e9clar\u00e9 lors de la r\u00e9union de briefing <strong>Bartosz Kubik<\/strong>, pr\u00e9sident du Conseil d'administration d'Ekoenergetyka<\/cite><\/blockquote>\n\n\n\n<p>L'accord d'aujourd'hui est la preuve de la poursuite coh\u00e9rente de la strat\u00e9gie de d\u00e9veloppement des infrastructures et constitue une nouvelle \u00e9tape importante. Nous allons desservir davantage de bus dans les stations de charge existantes, qui doivent donc \u00eatre plus puissantes.<\/p>\n\n\n\n<p><strong>La valeur du contrat est de 2 millions 357 milles PLN.<\/strong><\/p>\n\n\n\n<p>Trois chargeurs sont d\u00e9j\u00e0 en service aux arr\u00eats de Wroc\u0142awska et Zawadzkiego, dont la puissance passera de 200 kW actuellement \u00e0 400 kW.<\/p>\n\n\n\n<p>Au d\u00e9p\u00f4t MZK de la rue Chemiczna, deux stations de charge gratuites \u00e0 deux sorties de 120 kW CC pour les bus \u00e9lectriques seront install\u00e9es. Le contrat comprend \u00e9galement une station de charge mobile \u00e0 courant continu \u00e0 sortie unique de 20 kW. Il est important de noter qu'un syst\u00e8me de gestion et de surveillance des stations et des points de charge sera fourni, ainsi que la construction de connexions \u00e9lectriques et de sites de fondation pour les trois stations de charge mobiles existantes.<\/p>\n\n\n\n<figure class=\"wp-block-gallery has-nested-images columns-4 is-cropped wp-block-gallery-1 is-layout-flex wp-block-gallery-is-layout-flex\">\n<figure class=\"wp-block-image size-large\"><a href=\"https:\/\/ekoenergetyka.com\/wp-content\/uploads\/2022\/09\/303651793-510766147727298-1532852016659159780-n.jpg\"><img loading=\"lazy\" decoding=\"async\" width=\"1600\" height=\"1067\" data-id=\"14351\" src=\"https:\/\/ekoenergetyka.com\/wp-content\/uploads\/2022\/09\/303651793-510766147727298-1532852016659159780-n.jpg\" alt=\"\" class=\"wp-image-14351\" srcset=\"https:\/\/ekoenergetyka.com\/wp-content\/uploads\/2022\/09\/303651793-510766147727298-1532852016659159780-n.jpg 1600w, https:\/\/ekoenergetyka.com\/wp-content\/uploads\/2022\/09\/303651793-510766147727298-1532852016659159780-n-300x200.jpg 300w, https:\/\/ekoenergetyka.com\/wp-content\/uploads\/2022\/09\/303651793-510766147727298-1532852016659159780-n-1024x683.jpg 1024w, https:\/\/ekoenergetyka.com\/wp-content\/uploads\/2022\/09\/303651793-510766147727298-1532852016659159780-n-768x512.jpg 768w, https:\/\/ekoenergetyka.com\/wp-content\/uploads\/2022\/09\/303651793-510766147727298-1532852016659159780-n-1536x1024.jpg 1536w\" sizes=\"auto, (max-width: 1600px) 100vw, 1600px\" \/><\/a><\/figure>\n\n\n\n<figure class=\"wp-block-image size-large\"><a href=\"https:\/\/ekoenergetyka.com\/wp-content\/uploads\/2022\/09\/302750531-510766131060633-7740838278374686300-n.jpg\"><img loading=\"lazy\" decoding=\"async\" width=\"1600\" height=\"1067\" data-id=\"14354\" src=\"https:\/\/ekoenergetyka.com\/wp-content\/uploads\/2022\/09\/302750531-510766131060633-7740838278374686300-n.jpg\" alt=\"\" class=\"wp-image-14354\" srcset=\"https:\/\/ekoenergetyka.com\/wp-content\/uploads\/2022\/09\/302750531-510766131060633-7740838278374686300-n.jpg 1600w, https:\/\/ekoenergetyka.com\/wp-content\/uploads\/2022\/09\/302750531-510766131060633-7740838278374686300-n-300x200.jpg 300w, https:\/\/ekoenergetyka.com\/wp-content\/uploads\/2022\/09\/302750531-510766131060633-7740838278374686300-n-1024x683.jpg 1024w, https:\/\/ekoenergetyka.com\/wp-content\/uploads\/2022\/09\/302750531-510766131060633-7740838278374686300-n-768x512.jpg 768w, https:\/\/ekoenergetyka.com\/wp-content\/uploads\/2022\/09\/302750531-510766131060633-7740838278374686300-n-1536x1024.jpg 1536w\" sizes=\"auto, (max-width: 1600px) 100vw, 1600px\" \/><\/a><\/figure>\n\n\n\n<figure class=\"wp-block-image size-large\"><a href=\"https:\/\/ekoenergetyka.com\/wp-content\/uploads\/2022\/09\/303941335-510766121060634-1741180832983503302-n.jpg\"><img loading=\"lazy\" decoding=\"async\" width=\"1600\" height=\"1067\" data-id=\"14357\" src=\"https:\/\/ekoenergetyka.com\/wp-content\/uploads\/2022\/09\/303941335-510766121060634-1741180832983503302-n.jpg\" alt=\"\" class=\"wp-image-14357\" srcset=\"https:\/\/ekoenergetyka.com\/wp-content\/uploads\/2022\/09\/303941335-510766121060634-1741180832983503302-n.jpg 1600w, https:\/\/ekoenergetyka.com\/wp-content\/uploads\/2022\/09\/303941335-510766121060634-1741180832983503302-n-300x200.jpg 300w, https:\/\/ekoenergetyka.com\/wp-content\/uploads\/2022\/09\/303941335-510766121060634-1741180832983503302-n-1024x683.jpg 1024w, https:\/\/ekoenergetyka.com\/wp-content\/uploads\/2022\/09\/303941335-510766121060634-1741180832983503302-n-768x512.jpg 768w, https:\/\/ekoenergetyka.com\/wp-content\/uploads\/2022\/09\/303941335-510766121060634-1741180832983503302-n-1536x1024.jpg 1536w\" sizes=\"auto, (max-width: 1600px) 100vw, 1600px\" \/><\/a><\/figure>\n\n\n\n<figure class=\"wp-block-image size-large\"><a href=\"https:\/\/ekoenergetyka.com\/wp-content\/uploads\/2022\/09\/304689141-510766134393966-5523900939202732046-n.jpg\"><img loading=\"lazy\" decoding=\"async\" width=\"1600\" height=\"1067\" data-id=\"14360\" src=\"https:\/\/ekoenergetyka.com\/wp-content\/uploads\/2022\/09\/304689141-510766134393966-5523900939202732046-n.jpg\" alt=\"\" class=\"wp-image-14360\" srcset=\"https:\/\/ekoenergetyka.com\/wp-content\/uploads\/2022\/09\/304689141-510766134393966-5523900939202732046-n.jpg 1600w, https:\/\/ekoenergetyka.com\/wp-content\/uploads\/2022\/09\/304689141-510766134393966-5523900939202732046-n-300x200.jpg 300w, https:\/\/ekoenergetyka.com\/wp-content\/uploads\/2022\/09\/304689141-510766134393966-5523900939202732046-n-1024x683.jpg 1024w, https:\/\/ekoenergetyka.com\/wp-content\/uploads\/2022\/09\/304689141-510766134393966-5523900939202732046-n-768x512.jpg 768w, https:\/\/ekoenergetyka.com\/wp-content\/uploads\/2022\/09\/304689141-510766134393966-5523900939202732046-n-1536x1024.jpg 1536w\" sizes=\"auto, (max-width: 1600px) 100vw, 1600px\" \/><\/a><\/figure>\n<\/figure>\n","protected":false},"excerpt":{"rendered":"<p>Nous sommes fiers de participer \u00e0 la transformation \u00e9cologique de la ville de Zielona G\u00f3ra. Une autre \u00e9tape importante a \u00e9t\u00e9 franchie aujourd&rsquo;hui. Bartosz Kubik, pr\u00e9sident du Conseil d&rsquo;administration d&rsquo;Ekoenergetyka-Polska S.A., et Petros Spinaris, vice-pr\u00e9sident du Conseil d&rsquo;administration, responsable des ventes et du marketing, ont sign\u00e9 aujourd&rsquo;hui un accord avec le maire Janusz Kubicki pour [&hellip;]<\/p>\n","protected":false},"author":1,"featured_media":22112,"comment_status":"closed","ping_status":"closed","sticky":false,"template":"","format":"standard","meta":{"_acf_changed":false,"footnotes":""},"categories":[121],"tags":[],"class_list":["post-23379","post","type-post","status-publish","format-standard","has-post-thumbnail","hentry","category-non-classifiee"],"acf":[],"yoast_head":"<!-- This site is optimized with the Yoast SEO Premium plugin v27.3 (Yoast SEO v27.5) - https:\/\/yoast.com\/product\/yoast-seo-premium-wordpress\/ -->\n<title>Transformation \u00e9cologique de la ville de Zielona G\u00f3ra | Ekoenergetyka<\/title>\n<meta name=\"description\" content=\"Transformation \u00e9cologique de la ville de Zielona G\u00f3ra. D\u00e9couvrez les projets d&#039;Ekoenergetyka pour une ville plus verte et durable.\" \/>\n<meta name=\"robots\" content=\"index, follow, max-snippet:-1, max-image-preview:large, max-video-preview:-1\" \/>\n<link rel=\"canonical\" href=\"https:\/\/ekoenergetyka.com\/fr\/transformation-ecologique-de-la-ville-de-zielona-gora\/\" \/>\n<meta property=\"og:locale\" content=\"fr_FR\" \/>\n<meta property=\"og:type\" content=\"article\" \/>\n<meta property=\"og:title\" content=\"Transformation \u00e9cologique de la ville de Zielona G\u00f3ra\" \/>\n<meta property=\"og:description\" content=\"Transformation \u00e9cologique de la ville de Zielona G\u00f3ra. D\u00e9couvrez les projets d&#039;Ekoenergetyka pour une ville plus verte et durable.\" \/>\n<meta property=\"og:url\" content=\"https:\/\/ekoenergetyka.com\/fr\/transformation-ecologique-de-la-ville-de-zielona-gora\/\" \/>\n<meta property=\"og:site_name\" content=\"Ekoenergetyka\" \/>\n<meta property=\"article:publisher\" content=\"https:\/\/www.facebook.com\/ekoenergetykaPolska\/\" \/>\n<meta property=\"article:published_time\" content=\"2022-09-02T06:58:00+00:00\" \/>\n<meta property=\"article:modified_time\" content=\"2024-05-30T09:23:43+00:00\" \/>\n<meta property=\"og:image\" content=\"https:\/\/ekoenergetyka.com\/wp-content\/uploads\/2022\/09\/304084180-510766364393943-6678802405106030921-n.jpg\" \/>\n\t<meta property=\"og:image:width\" content=\"1600\" \/>\n\t<meta property=\"og:image:height\" content=\"1067\" \/>\n\t<meta property=\"og:image:type\" content=\"image\/jpeg\" \/>\n<meta name=\"author\" content=\"Adrian Chudy\" \/>\n<meta name=\"twitter:card\" content=\"summary_large_image\" \/>\n<meta name=\"twitter:label1\" content=\"\u00c9crit par\" \/>\n\t<meta name=\"twitter:data1\" content=\"Adrian Chudy\" \/>\n\t<meta name=\"twitter:label2\" content=\"Dur\u00e9e de lecture estim\u00e9e\" \/>\n\t<meta name=\"twitter:data2\" content=\"3 minutes\" \/>\n<script type=\"application\/ld+json\" class=\"yoast-schema-graph\">{\"@context\":\"https:\\\/\\\/schema.org\",\"@graph\":[{\"@type\":\"Article\",\"@id\":\"https:\\\/\\\/ekoenergetyka.com\\\/fr\\\/transformation-ecologique-de-la-ville-de-zielona-gora\\\/#article\",\"isPartOf\":{\"@id\":\"https:\\\/\\\/ekoenergetyka.com\\\/fr\\\/transformation-ecologique-de-la-ville-de-zielona-gora\\\/\"},\"author\":{\"name\":\"Adrian Chudy\",\"@id\":\"https:\\\/\\\/ekoenergetyka.com\\\/fr\\\/#\\\/schema\\\/person\\\/d56187da375c74d477554ae02f607c55\"},\"headline\":\"Transformation \u00e9cologique de la ville de Zielona G\u00f3ra\",\"datePublished\":\"2022-09-02T06:58:00+00:00\",\"dateModified\":\"2024-05-30T09:23:43+00:00\",\"mainEntityOfPage\":{\"@id\":\"https:\\\/\\\/ekoenergetyka.com\\\/fr\\\/transformation-ecologique-de-la-ville-de-zielona-gora\\\/\"},\"wordCount\":370,\"publisher\":{\"@id\":\"https:\\\/\\\/ekoenergetyka.com\\\/fr\\\/#organization\"},\"image\":{\"@id\":\"https:\\\/\\\/ekoenergetyka.com\\\/fr\\\/transformation-ecologique-de-la-ville-de-zielona-gora\\\/#primaryimage\"},\"thumbnailUrl\":\"https:\\\/\\\/ekoenergetyka.com\\\/wp-content\\\/uploads\\\/2022\\\/09\\\/304084180-510766364393943-6678802405106030921-n.jpg\",\"articleSection\":[\"Non classifi\u00e9(e)\"],\"inLanguage\":\"fr-FR\"},{\"@type\":\"WebPage\",\"@id\":\"https:\\\/\\\/ekoenergetyka.com\\\/fr\\\/transformation-ecologique-de-la-ville-de-zielona-gora\\\/\",\"url\":\"https:\\\/\\\/ekoenergetyka.com\\\/fr\\\/transformation-ecologique-de-la-ville-de-zielona-gora\\\/\",\"name\":\"Transformation \u00e9cologique de la ville de Zielona G\u00f3ra | Ekoenergetyka\",\"isPartOf\":{\"@id\":\"https:\\\/\\\/ekoenergetyka.com\\\/fr\\\/#website\"},\"primaryImageOfPage\":{\"@id\":\"https:\\\/\\\/ekoenergetyka.com\\\/fr\\\/transformation-ecologique-de-la-ville-de-zielona-gora\\\/#primaryimage\"},\"image\":{\"@id\":\"https:\\\/\\\/ekoenergetyka.com\\\/fr\\\/transformation-ecologique-de-la-ville-de-zielona-gora\\\/#primaryimage\"},\"thumbnailUrl\":\"https:\\\/\\\/ekoenergetyka.com\\\/wp-content\\\/uploads\\\/2022\\\/09\\\/304084180-510766364393943-6678802405106030921-n.jpg\",\"datePublished\":\"2022-09-02T06:58:00+00:00\",\"dateModified\":\"2024-05-30T09:23:43+00:00\",\"description\":\"Transformation \u00e9cologique de la ville de Zielona G\u00f3ra. D\u00e9couvrez les projets d'Ekoenergetyka pour une ville plus verte et durable.\",\"breadcrumb\":{\"@id\":\"https:\\\/\\\/ekoenergetyka.com\\\/fr\\\/transformation-ecologique-de-la-ville-de-zielona-gora\\\/#breadcrumb\"},\"inLanguage\":\"fr-FR\",\"potentialAction\":[{\"@type\":\"ReadAction\",\"target\":[\"https:\\\/\\\/ekoenergetyka.com\\\/fr\\\/transformation-ecologique-de-la-ville-de-zielona-gora\\\/\"]}]},{\"@type\":\"ImageObject\",\"inLanguage\":\"fr-FR\",\"@id\":\"https:\\\/\\\/ekoenergetyka.com\\\/fr\\\/transformation-ecologique-de-la-ville-de-zielona-gora\\\/#primaryimage\",\"url\":\"https:\\\/\\\/ekoenergetyka.com\\\/wp-content\\\/uploads\\\/2022\\\/09\\\/304084180-510766364393943-6678802405106030921-n.jpg\",\"contentUrl\":\"https:\\\/\\\/ekoenergetyka.com\\\/wp-content\\\/uploads\\\/2022\\\/09\\\/304084180-510766364393943-6678802405106030921-n.jpg\",\"width\":1600,\"height\":1067},{\"@type\":\"BreadcrumbList\",\"@id\":\"https:\\\/\\\/ekoenergetyka.com\\\/fr\\\/transformation-ecologique-de-la-ville-de-zielona-gora\\\/#breadcrumb\",\"itemListElement\":[{\"@type\":\"ListItem\",\"position\":1,\"name\":\"Heim\",\"item\":\"https:\\\/\\\/ekoenergetyka.com\\\/fr\\\/\"},{\"@type\":\"ListItem\",\"position\":2,\"name\":\"Transformation \u00e9cologique de la ville de Zielona G\u00f3ra\"}]},{\"@type\":\"WebSite\",\"@id\":\"https:\\\/\\\/ekoenergetyka.com\\\/fr\\\/#website\",\"url\":\"https:\\\/\\\/ekoenergetyka.com\\\/fr\\\/\",\"name\":\"Ekoenergetyka\",\"description\":\"\",\"publisher\":{\"@id\":\"https:\\\/\\\/ekoenergetyka.com\\\/fr\\\/#organization\"},\"potentialAction\":[{\"@type\":\"SearchAction\",\"target\":{\"@type\":\"EntryPoint\",\"urlTemplate\":\"https:\\\/\\\/ekoenergetyka.com\\\/fr\\\/?s={search_term_string}\"},\"query-input\":{\"@type\":\"PropertyValueSpecification\",\"valueRequired\":true,\"valueName\":\"search_term_string\"}}],\"inLanguage\":\"fr-FR\"},{\"@type\":\"Organization\",\"@id\":\"https:\\\/\\\/ekoenergetyka.com\\\/fr\\\/#organization\",\"name\":\"Ekoenergetyka\",\"url\":\"https:\\\/\\\/ekoenergetyka.com\\\/fr\\\/\",\"logo\":{\"@type\":\"ImageObject\",\"inLanguage\":\"fr-FR\",\"@id\":\"https:\\\/\\\/ekoenergetyka.com\\\/fr\\\/#\\\/schema\\\/logo\\\/image\\\/\",\"url\":\"https:\\\/\\\/ekoenergetyka.com\\\/wp-content\\\/uploads\\\/2024\\\/11\\\/cropped-sygnet-bez-tla-black-1-2.png\",\"contentUrl\":\"https:\\\/\\\/ekoenergetyka.com\\\/wp-content\\\/uploads\\\/2024\\\/11\\\/cropped-sygnet-bez-tla-black-1-2.png\",\"width\":512,\"height\":512,\"caption\":\"Ekoenergetyka\"},\"image\":{\"@id\":\"https:\\\/\\\/ekoenergetyka.com\\\/fr\\\/#\\\/schema\\\/logo\\\/image\\\/\"},\"sameAs\":[\"https:\\\/\\\/www.facebook.com\\\/ekoenergetykaPolska\\\/\",\"https:\\\/\\\/www.linkedin.com\\\/company\\\/ekoenergetyka\",\"https:\\\/\\\/www.youtube.com\\\/channel\\\/UCfZM_rPDdrv6D0JB-uhWi8Q\\\/videos\"],\"description\":\"Established in 2009 Poland with a sole purpose of providing charging solutions, we are one of the pioneers in the e-mobility industry. In a decade, Ekoenergetyka has grown from 2 to more than 400 employees (currently around 1,000) and has acquired customers throughout Europe and are now a Central and Eastern European leader in charging technologies.\",\"email\":\"contact@ekoenergetyka.com.pl\",\"telephone\":\"+ 48 68 328 20 68\",\"numberOfEmployees\":{\"@type\":\"QuantitativeValue\",\"minValue\":\"501\",\"maxValue\":\"1000\"}},{\"@type\":\"Person\",\"@id\":\"https:\\\/\\\/ekoenergetyka.com\\\/fr\\\/#\\\/schema\\\/person\\\/d56187da375c74d477554ae02f607c55\",\"name\":\"Adrian Chudy\",\"image\":{\"@type\":\"ImageObject\",\"inLanguage\":\"fr-FR\",\"@id\":\"https:\\\/\\\/secure.gravatar.com\\\/avatar\\\/5878518dceef52e59f0380b2a104b66a181ccc327114716ca69ff8e2296fea83?s=96&d=mm&r=g\",\"url\":\"https:\\\/\\\/secure.gravatar.com\\\/avatar\\\/5878518dceef52e59f0380b2a104b66a181ccc327114716ca69ff8e2296fea83?s=96&d=mm&r=g\",\"contentUrl\":\"https:\\\/\\\/secure.gravatar.com\\\/avatar\\\/5878518dceef52e59f0380b2a104b66a181ccc327114716ca69ff8e2296fea83?s=96&d=mm&r=g\",\"caption\":\"Adrian Chudy\"},\"sameAs\":[\"https:\\\/\\\/ekoenergetyka.com.pl\"],\"url\":\"https:\\\/\\\/ekoenergetyka.com\"}]}<\/script>\n<!-- \/ Yoast SEO Premium plugin. -->","yoast_head_json":{"title":"Transformation \u00e9cologique de la ville de Zielona G\u00f3ra | Ekoenergetyka","description":"Transformation \u00e9cologique de la ville de Zielona G\u00f3ra. D\u00e9couvrez les projets d'Ekoenergetyka pour une ville plus verte et durable.","robots":{"index":"index","follow":"follow","max-snippet":"max-snippet:-1","max-image-preview":"max-image-preview:large","max-video-preview":"max-video-preview:-1"},"canonical":"https:\/\/ekoenergetyka.com\/fr\/transformation-ecologique-de-la-ville-de-zielona-gora\/","og_locale":"fr_FR","og_type":"article","og_title":"Transformation \u00e9cologique de la ville de Zielona G\u00f3ra","og_description":"Transformation \u00e9cologique de la ville de Zielona G\u00f3ra. D\u00e9couvrez les projets d'Ekoenergetyka pour une ville plus verte et durable.","og_url":"https:\/\/ekoenergetyka.com\/fr\/transformation-ecologique-de-la-ville-de-zielona-gora\/","og_site_name":"Ekoenergetyka","article_publisher":"https:\/\/www.facebook.com\/ekoenergetykaPolska\/","article_published_time":"2022-09-02T06:58:00+00:00","article_modified_time":"2024-05-30T09:23:43+00:00","og_image":[{"width":1600,"height":1067,"url":"https:\/\/ekoenergetyka.com\/wp-content\/uploads\/2022\/09\/304084180-510766364393943-6678802405106030921-n.jpg","type":"image\/jpeg"}],"author":"Adrian Chudy","twitter_card":"summary_large_image","twitter_misc":{"\u00c9crit par":"Adrian Chudy","Dur\u00e9e de lecture estim\u00e9e":"3 minutes"},"schema":{"@context":"https:\/\/schema.org","@graph":[{"@type":"Article","@id":"https:\/\/ekoenergetyka.com\/fr\/transformation-ecologique-de-la-ville-de-zielona-gora\/#article","isPartOf":{"@id":"https:\/\/ekoenergetyka.com\/fr\/transformation-ecologique-de-la-ville-de-zielona-gora\/"},"author":{"name":"Adrian Chudy","@id":"https:\/\/ekoenergetyka.com\/fr\/#\/schema\/person\/d56187da375c74d477554ae02f607c55"},"headline":"Transformation \u00e9cologique de la ville de Zielona G\u00f3ra","datePublished":"2022-09-02T06:58:00+00:00","dateModified":"2024-05-30T09:23:43+00:00","mainEntityOfPage":{"@id":"https:\/\/ekoenergetyka.com\/fr\/transformation-ecologique-de-la-ville-de-zielona-gora\/"},"wordCount":370,"publisher":{"@id":"https:\/\/ekoenergetyka.com\/fr\/#organization"},"image":{"@id":"https:\/\/ekoenergetyka.com\/fr\/transformation-ecologique-de-la-ville-de-zielona-gora\/#primaryimage"},"thumbnailUrl":"https:\/\/ekoenergetyka.com\/wp-content\/uploads\/2022\/09\/304084180-510766364393943-6678802405106030921-n.jpg","articleSection":["Non classifi\u00e9(e)"],"inLanguage":"fr-FR"},{"@type":"WebPage","@id":"https:\/\/ekoenergetyka.com\/fr\/transformation-ecologique-de-la-ville-de-zielona-gora\/","url":"https:\/\/ekoenergetyka.com\/fr\/transformation-ecologique-de-la-ville-de-zielona-gora\/","name":"Transformation \u00e9cologique de la ville de Zielona G\u00f3ra | Ekoenergetyka","isPartOf":{"@id":"https:\/\/ekoenergetyka.com\/fr\/#website"},"primaryImageOfPage":{"@id":"https:\/\/ekoenergetyka.com\/fr\/transformation-ecologique-de-la-ville-de-zielona-gora\/#primaryimage"},"image":{"@id":"https:\/\/ekoenergetyka.com\/fr\/transformation-ecologique-de-la-ville-de-zielona-gora\/#primaryimage"},"thumbnailUrl":"https:\/\/ekoenergetyka.com\/wp-content\/uploads\/2022\/09\/304084180-510766364393943-6678802405106030921-n.jpg","datePublished":"2022-09-02T06:58:00+00:00","dateModified":"2024-05-30T09:23:43+00:00","description":"Transformation \u00e9cologique de la ville de Zielona G\u00f3ra. D\u00e9couvrez les projets d'Ekoenergetyka pour une ville plus verte et durable.","breadcrumb":{"@id":"https:\/\/ekoenergetyka.com\/fr\/transformation-ecologique-de-la-ville-de-zielona-gora\/#breadcrumb"},"inLanguage":"fr-FR","potentialAction":[{"@type":"ReadAction","target":["https:\/\/ekoenergetyka.com\/fr\/transformation-ecologique-de-la-ville-de-zielona-gora\/"]}]},{"@type":"ImageObject","inLanguage":"fr-FR","@id":"https:\/\/ekoenergetyka.com\/fr\/transformation-ecologique-de-la-ville-de-zielona-gora\/#primaryimage","url":"https:\/\/ekoenergetyka.com\/wp-content\/uploads\/2022\/09\/304084180-510766364393943-6678802405106030921-n.jpg","contentUrl":"https:\/\/ekoenergetyka.com\/wp-content\/uploads\/2022\/09\/304084180-510766364393943-6678802405106030921-n.jpg","width":1600,"height":1067},{"@type":"BreadcrumbList","@id":"https:\/\/ekoenergetyka.com\/fr\/transformation-ecologique-de-la-ville-de-zielona-gora\/#breadcrumb","itemListElement":[{"@type":"ListItem","position":1,"name":"Heim","item":"https:\/\/ekoenergetyka.com\/fr\/"},{"@type":"ListItem","position":2,"name":"Transformation \u00e9cologique de la ville de Zielona G\u00f3ra"}]},{"@type":"WebSite","@id":"https:\/\/ekoenergetyka.com\/fr\/#website","url":"https:\/\/ekoenergetyka.com\/fr\/","name":"Ekoenergetyka","description":"","publisher":{"@id":"https:\/\/ekoenergetyka.com\/fr\/#organization"},"potentialAction":[{"@type":"SearchAction","target":{"@type":"EntryPoint","urlTemplate":"https:\/\/ekoenergetyka.com\/fr\/?s={search_term_string}"},"query-input":{"@type":"PropertyValueSpecification","valueRequired":true,"valueName":"search_term_string"}}],"inLanguage":"fr-FR"},{"@type":"Organization","@id":"https:\/\/ekoenergetyka.com\/fr\/#organization","name":"Ekoenergetyka","url":"https:\/\/ekoenergetyka.com\/fr\/","logo":{"@type":"ImageObject","inLanguage":"fr-FR","@id":"https:\/\/ekoenergetyka.com\/fr\/#\/schema\/logo\/image\/","url":"https:\/\/ekoenergetyka.com\/wp-content\/uploads\/2024\/11\/cropped-sygnet-bez-tla-black-1-2.png","contentUrl":"https:\/\/ekoenergetyka.com\/wp-content\/uploads\/2024\/11\/cropped-sygnet-bez-tla-black-1-2.png","width":512,"height":512,"caption":"Ekoenergetyka"},"image":{"@id":"https:\/\/ekoenergetyka.com\/fr\/#\/schema\/logo\/image\/"},"sameAs":["https:\/\/www.facebook.com\/ekoenergetykaPolska\/","https:\/\/www.linkedin.com\/company\/ekoenergetyka","https:\/\/www.youtube.com\/channel\/UCfZM_rPDdrv6D0JB-uhWi8Q\/videos"],"description":"Established in 2009 Poland with a sole purpose of providing charging solutions, we are one of the pioneers in the e-mobility industry. In a decade, Ekoenergetyka has grown from 2 to more than 400 employees (currently around 1,000) and has acquired customers throughout Europe and are now a Central and Eastern European leader in charging technologies.","email":"contact@ekoenergetyka.com.pl","telephone":"+ 48 68 328 20 68","numberOfEmployees":{"@type":"QuantitativeValue","minValue":"501","maxValue":"1000"}},{"@type":"Person","@id":"https:\/\/ekoenergetyka.com\/fr\/#\/schema\/person\/d56187da375c74d477554ae02f607c55","name":"Adrian Chudy","image":{"@type":"ImageObject","inLanguage":"fr-FR","@id":"https:\/\/secure.gravatar.com\/avatar\/5878518dceef52e59f0380b2a104b66a181ccc327114716ca69ff8e2296fea83?s=96&d=mm&r=g","url":"https:\/\/secure.gravatar.com\/avatar\/5878518dceef52e59f0380b2a104b66a181ccc327114716ca69ff8e2296fea83?s=96&d=mm&r=g","contentUrl":"https:\/\/secure.gravatar.com\/avatar\/5878518dceef52e59f0380b2a104b66a181ccc327114716ca69ff8e2296fea83?s=96&d=mm&r=g","caption":"Adrian Chudy"},"sameAs":["https:\/\/ekoenergetyka.com.pl"],"url":"https:\/\/ekoenergetyka.com"}]}},"_links":{"self":[{"href":"https:\/\/ekoenergetyka.com\/fr\/wp-json\/wp\/v2\/posts\/23379","targetHints":{"allow":["GET"]}}],"collection":[{"href":"https:\/\/ekoenergetyka.com\/fr\/wp-json\/wp\/v2\/posts"}],"about":[{"href":"https:\/\/ekoenergetyka.com\/fr\/wp-json\/wp\/v2\/types\/post"}],"author":[{"embeddable":true,"href":"https:\/\/ekoenergetyka.com\/fr\/wp-json\/wp\/v2\/users\/1"}],"replies":[{"embeddable":true,"href":"https:\/\/ekoenergetyka.com\/fr\/wp-json\/wp\/v2\/comments?post=23379"}],"version-history":[{"count":1,"href":"https:\/\/ekoenergetyka.com\/fr\/wp-json\/wp\/v2\/posts\/23379\/revisions"}],"predecessor-version":[{"id":34347,"href":"https:\/\/ekoenergetyka.com\/fr\/wp-json\/wp\/v2\/posts\/23379\/revisions\/34347"}],"wp:featuredmedia":[{"embeddable":true,"href":"https:\/\/ekoenergetyka.com\/fr\/wp-json\/wp\/v2\/media\/22112"}],"wp:attachment":[{"href":"https:\/\/ekoenergetyka.com\/fr\/wp-json\/wp\/v2\/media?parent=23379"}],"wp:term":[{"taxonomy":"category","embeddable":true,"href":"https:\/\/ekoenergetyka.com\/fr\/wp-json\/wp\/v2\/categories?post=23379"},{"taxonomy":"post_tag","embeddable":true,"href":"https:\/\/ekoenergetyka.com\/fr\/wp-json\/wp\/v2\/tags?post=23379"}],"curies":[{"name":"wp","href":"https:\/\/api.w.org\/{rel}","templated":true}]}}